{"id":34900,"date":"2025-10-02T12:37:01","date_gmt":"2025-10-02T10:37:01","guid":{"rendered":"https:\/\/bisbalpenedes.com\/web\/?p=34900"},"modified":"2025-10-02T12:37:01","modified_gmt":"2025-10-02T10:37:01","slug":"lassociacio-de-la-gent-gran-de-la-bisbal-del-penedes-ha-participat-en-la-trobada-comarcal-de-la-gent-gran-celebrada-a-bonastre","status":"publish","type":"post","link":"https:\/\/bisbalpenedes.com\/web\/2025\/10\/02\/lassociacio-de-la-gent-gran-de-la-bisbal-del-penedes-ha-participat-en-la-trobada-comarcal-de-la-gent-gran-celebrada-a-bonastre\/","title":{"rendered":"<strong>L&#8217;Associaci\u00f3 de la Gent Gran de la Bisbal del Pened\u00e8s ha participat en la Trobada Comarcal de la Gent Gran celebrada a Bonastre<\/strong>"},"content":{"rendered":"\n<p>El passat dissabte 27 de setembre es va celebrar la Trobada Comarcal de la Gent Gran a Bonastre i l&#8217;Associaci\u00f3 de la Gent Gran de la Bisbal del Pened\u00e8s hi va participar, acompanyada per l&#8217;alcaldessa Agn\u00e8s Ferr\u00e9 i la regidora de la Gent Gran, Paqui Cepas. M\u00e9s de 200 persones de Bonastre, Albinyana, Maslloren\u00e7 i la Bisbal van prendre part d&#8217;aquesta jornada festiva, carregada de bon ambient i alegria.<\/p>\n\n\n\n<p>Despr\u00e9s de la rebuda institucional, els visitants van poder fer una visita guiada pel municipi i, tot seguit, van gaudir d&#8217;una mostra de balls populars i d&#8217;un dinar popular. Jornades com aquestes ajuden a enfortir lla\u00e7os entre els municipis de la comarca, alhora que permeten compartir i gaudir una jornada coneixent gent nova.<\/p>\n\n\n\n<hr class=\"wp-block-separator has-alpha-channel-opacity\"\/>\n\n\n\n<p>El pasado s\u00e1bado 27 de septiembre se celebr\u00f3 la Trobada Comarcal de la Gent Gran en Bonastre y la Associaci\u00f3 de la Gent Gran de la Bisbal del Pened\u00e8s particip\u00f3 en la misma, acompa\u00f1ada por la alcaldesa Agn\u00e8s Ferr\u00e9 y la concejala de la Gente Mayor, Paqui Cepas. M\u00e1s de 200 personas de Bonastre, Albinyana, Maslloren\u00e7 y la Bisbal tomaron parte de esta jornada festiva, cargada de buen ambiente y alegr\u00eda.<\/p>\n\n\n\n<p>Despu\u00e9s de la recepci\u00f3n institucional, los visitantes pudieron hacer una visita guiada por el municipio y, a continuaci\u00f3n, disfrutaron de una muestra de bailes populares y de una comida popular. Jornadas como estas ayudan a fortalecer los lazos entre los municipios de la comarca, a la vez que permiten compartir y disfrutar una jornada conociendo a gente nueva.<\/p>\n","protected":false},"excerpt":{"rendered":"<p>El passat dissabte 27 de setembre es va celebrar la Trobada Comarcal de la Gent Gran a Bonastre i l&#8217;Associaci\u00f3 de la Gent Gran de la Bisbal del Pened\u00e8s hi &hellip; <a href=\"https:\/\/bisbalpenedes.com\/web\/2025\/10\/02\/lassociacio-de-la-gent-gran-de-la-bisbal-del-penedes-ha-participat-en-la-trobada-comarcal-de-la-gent-gran-celebrada-a-bonastre\/\" class=\"more-link\">Read More<\/a><\/p>\n","protected":false},"author":4,"featured_media":34901,"comment_status":"closed","ping_status":"closed","sticky":false,"template":"","format":"standard","meta":[],"categories":[20,464,8],"tags":[1840,393,2134,3379,7192],"_links":{"self":[{"href":"https:\/\/bisbalpenedes.com\/web\/wp-json\/wp\/v2\/posts\/34900"}],"collection":[{"href":"https:\/\/bisbalpenedes.com\/web\/wp-json\/wp\/v2\/posts"}],"about":[{"href":"https:\/\/bisbalpenedes.com\/web\/wp-json\/wp\/v2\/types\/post"}],"author":[{"embeddable":true,"href":"https:\/\/bisbalpenedes.com\/web\/wp-json\/wp\/v2\/users\/4"}],"replies":[{"embeddable":true,"href":"https:\/\/bisbalpenedes.com\/web\/wp-json\/wp\/v2\/comments?post=34900"}],"version-history":[{"count":1,"href":"https:\/\/bisbalpenedes.com\/web\/wp-json\/wp\/v2\/posts\/34900\/revisions"}],"predecessor-version":[{"id":34902,"href":"https:\/\/bisbalpenedes.com\/web\/wp-json\/wp\/v2\/posts\/34900\/revisions\/34902"}],"wp:featuredmedia":[{"embeddable":true,"href":"https:\/\/bisbalpenedes.com\/web\/wp-json\/wp\/v2\/media\/34901"}],"wp:attachment":[{"href":"https:\/\/bisbalpenedes.com\/web\/wp-json\/wp\/v2\/media?parent=34900"}],"wp:term":[{"taxonomy":"category","embeddable":true,"href":"https:\/\/bisbalpenedes.com\/web\/wp-json\/wp\/v2\/categories?post=34900"},{"taxonomy":"post_tag","embeddable":true,"href":"https:\/\/bisbalpenedes.com\/web\/wp-json\/wp\/v2\/tags?post=34900"}],"curies":[{"name":"wp","href":"https:\/\/api.w.org\/{rel}","templated":true}]}}