{"id":34852,"date":"2025-09-30T13:40:53","date_gmt":"2025-09-30T11:40:53","guid":{"rendered":"https:\/\/bisbalpenedes.com\/web\/?p=34852"},"modified":"2025-09-30T13:42:17","modified_gmt":"2025-09-30T11:42:17","slug":"la-bisbal-del-penedes-celebrara-la-154a-edicio-de-la-fira-aquest-diumenge-5-doctubre","status":"publish","type":"post","link":"https:\/\/bisbalpenedes.com\/web\/2025\/09\/30\/la-bisbal-del-penedes-celebrara-la-154a-edicio-de-la-fira-aquest-diumenge-5-doctubre\/","title":{"rendered":"<strong><br><\/strong><strong>La Bisbal del Pened\u00e8s celebrar\u00e0 la 154\u00aa edici\u00f3 de La Fira aquest diumenge 5 d&#8217;octubre<\/strong><strong><\/strong>"},"content":{"rendered":"\n<p>Durant tota la jornada es podran visitar les parades d&#8217;entitats i artesania, fer degustaci\u00f3 de productes gastron\u00f2mics i hi haur\u00e0 d&#8217;activitats l\u00fadiques per a tota la fam\u00edlia<\/p>\n\n\n\n<p>Com \u00e9s tradicional, el primer diumenge d&#8217;octubre se celebra La Fira de la Bisbal del Pened\u00e8s amb nombroses activitats per a tots els p\u00fablics. L&#8217;esdeveniment arriba a la seva 154\u00aa edici\u00f3 aquest 2025 i, un any m\u00e9s, ser\u00e0 una jornada festiva per a la gent de la vila per\u00f2 tamb\u00e9 per a tots aquells visitants que vulguin passar una jornada diferent a la Bisbal del Pened\u00e8s.<\/p>\n\n\n\n<p>La regidora de Turisme i Cultura, Judith Vidal, s&#8217;ha mostrat satisfeta perqu\u00e8 enguany La Fira reunir\u00e0 m\u00e9s parades que mai <em>&#8220;comptarem amb gaireb\u00e9 una cinquantena de parades d&#8217;artesania, entitats, menjar i beure. A m\u00e9s, hem preparat activitats per a tota la fam\u00edlia durant tot el dia, ser\u00e0 una jornada festiva i plena d&#8217;alegria<\/em>&#8220;. La regidora ha volgut recordar que <em>&#8220;\u00e9s una jornada especial que podeu aprofitar per gaudir de les m\u00e9s de 30 obres d&#8217;art urb\u00e0 que decoren la nostra vila i que incorporen realitat augmentada&#8221;.<\/em><\/p>\n\n\n\n<p>A partir de les 10h i durant tot el dia, la pla\u00e7a de l&#8217;Esgl\u00e9sia acollir\u00e0 la fira d&#8217;entitats i artesania i la mostra de comer\u00e7os bisbalencs. Hi haur\u00e0 degustaci\u00f3 de vins i menjar. A partir de les 10h i fins a esgotar exist\u00e8ncies es podr\u00e0 participar en la T\u00f3mbola que organitza la Parr\u00f2quia de l&#8217;Esgl\u00e9sia de Santa Maria de la Bisbal. Paral\u00b7lelament, les puntaires de tota la comarca participaran en la trobada organitzada des de l&#8217;Associaci\u00f3 de Puntaires de la Bisbal del Pened\u00e8s.<\/p>\n\n\n\n<p>La inauguraci\u00f3 de la Fira es far\u00e0 a les 10:45h a la pla\u00e7a de l&#8217;Esgl\u00e9sia i anir\u00e0 a c\u00e0rrec de M\u00f2nica Sales, diputada al Parlament de Catalunya; i Agn\u00e8s Ferr\u00e9, alcaldessa de la Bisbal del Pened\u00e8s. \u00a0Tot seguit, comen\u00e7ar\u00e0 la mostra de balls populars amb la participaci\u00f3 dels Geganters i Grallers de la Societat i el Ball de Panderetes, un element que es va incorporar al seguici popular el passat mes d&#8217;agost, en la darrera Festa Major.<\/p>\n\n\n\n<p>Entre les 10:30h i les 14:00h\u00a0 hi haur\u00e0 jocs de fusta gegants i tradicionals per a petits i grans i un taller per pintar dibuixos amb motius relacionats amb la vila de la Bisbal a la pla\u00e7a Major. En paral\u00b7lel, des de les 11:30h i fins a les 14h es podran fer passejos a cavall des de l&#8217;Ajuntament de la Bisbal del Pened\u00e8s fins a la pla\u00e7a Sant Jordi.<\/p>\n\n\n\n<p>A les 17h la pla\u00e7a Major ser\u00e0 l&#8217;escenari de l&#8217;espectacle teatral i musical &#8220;AKWLABA, can\u00e7ons i contes africans&#8221; de Rah-mon Roma. Es tracta d&#8217;un espectacle que gira al voltant de quatre contes de tradici\u00f3 oral que entrellacen un munt de can\u00e7ons de les \u00e8tnies de l&#8217;\u00c0frica de l&#8217;oest i que inclouen aspectes m\u00e0gics, fets extraordinaris, l\u00ednies dram\u00e0tiques, continguts \u00e8tics d&#8217;una gran humanitat, pinzellades c\u00f2miques i molt m\u00e9s.<\/p>\n\n\n\n<p>A partir de les 17.45h, la pla\u00e7a de l&#8217;Esgl\u00e9sia es convertir\u00e0 en un Room Escape (inscripci\u00f3 pr\u00e8via). I m\u00e9s tard, a les 19h, s&#8217;omplir\u00e0 de m\u00fasica amb Dol\u00e7a Prat i Marc Cros que acompanyaran el maridatge de productes del restaurant Ull de Llebre, oli Torclum, la pastisseria Mago, l&#8217;obrador Ghedina i els vins de l&#8217;Apical (venda anticipada de tiquets).<\/p>\n\n\n\n<p>La Fira de la Bisbal del Pened\u00e8s va n\u00e9ixer l&#8217;any 1870, quan l&#8217;Ajuntament va convocar els ve\u00efns del poble a una sessi\u00f3 extraordin\u00e0ria per debatre si es decidia fer cas a <em>\u201clas muchas reclamaciones que en diferentes \u00e9pocas se hab\u00edan presentado \u00e1 las corporaciones municipales reproducidas \u00e0 la actual, al efecto de establecer en esta poblaci\u00f3n una feria anualmente\u201d.<\/em> Podeu con\u00e8ixer la hist\u00f2ria de la Fira a trav\u00e9s de la P\u00edndola Bisbalenca que va redactar l\u2019historiador local Jordi Ferran durant la pand\u00e8mia de Covid-19. Per accedir-hi, feu <a href=\"https:\/\/bisbalpenedes.com\/web\/2020\/10\/03\/nova-entrega-de-les-pindoles-bisbalenques-una-fira-centenaria\/\">clic aqu\u00ed.<\/a><\/p>\n\n\n\n<p><strong>ACTIVITATS QUE REQUEREIXEN INSCRIPCI\u00d3:<\/strong><\/p>\n\n\n\n<p>Per participar en el <strong>Room Escape:<\/strong> per correu electr\u00f2nic a <a href=\"mailto:judith@bisbalpenedes.com\">judith@bisbalpenedes.com<\/a>, al tel\u00e8fon 616 16 22 53 o al Whatsapp 684 416 843. Inscripcions individuals o per equips. A partir de 12 anys.<\/p>\n\n\n\n<p>Tiquets per al <strong>maridatge:<\/strong> presencialment a l&#8217;Espai Torclum (pla\u00e7a Pau Casals, 5) o a <a href=\"https:\/\/torclum.com\/la-fira-maridatge\/\">https:\/\/torclum.com\/la-fira-maridatge\/<\/a>. Preu 25\u20ac. Inclou: empedrat de bacall\u00e0, poma, condiment d&#8217;oli d&#8217;oliva amb taronja i perles d&#8217;oli, canel\u00f3 de rostit amb salsa de ceps i condiment d&#8217;oli d&#8217;oliva amb t\u00f2fona, calamar farcit de verduretes escalivades i condiment d&#8217;oli d&#8217;oliva amb alf\u00e0brega i cake de c\u00edtrics de taronja i gelat de mandarina amb oli Torclum. Els vins que acompanyaran l&#8217;\u00e0pat s\u00f3n: Vividors del vi (blanc, 2024), Pararoques (negre, 2023), Meth\u00f2dic (Xarel\u00b7lo vermell, 2024) i Ancestral Coll de la Sitja (escum\u00f3s, 2023).<\/p>\n\n\n\n<hr class=\"wp-block-separator has-alpha-channel-opacity\"\/>\n\n\n\n<p><strong>La Bisbal del Pened\u00e8s celebrar\u00e1 la 154\u00aa edici\u00f3n de La Fira este domingo 5 de octubre<\/strong><\/p>\n\n\n\n<p><strong>Durante toda la jornada se podr\u00e1n visitar las paradas de entidades y artesan\u00eda, hacer degustaci\u00f3n de productos gastron\u00f3micos y habr\u00e1 actividades l\u00fadicas para toda la familia<\/strong><\/p>\n\n\n\n<p>Como es tradicional, el primer domingo de octubre se celebra La Fira de la Bisbal del Pened\u00e8s con numerosas actividades para todos los p\u00fablicos. El evento llega a su 154\u00aa edici\u00f3n este 2025 y, un a\u00f1o m\u00e1s, ser\u00e1 una jornada festiva para la gente del pueblo pero tambi\u00e9n para todos aquellos visitantes que quieran pasar una jornada diferente en la Bisbal del Pened\u00e8s.<\/p>\n\n\n\n<p>La concejala de Turismo y Cultura, Judith Vidal, se ha mostrado satisfecha porque este a\u00f1o La Fira reunir\u00e1 m\u00e1s paradas que nunca <em>&#8220;contaremos con casi una cincuentena de paradas de artesan\u00eda, entidades, comida y bebida. Adem\u00e1s, hemos preparado actividades para toda la familia durante todo el d\u00eda, ser\u00e1 una jornada festiva y llena de alegr\u00eda&#8221;<\/em>. La concejala ha querido recordar que <em>&#8220;es una jornada especial que podr\u00e9is aprovechar para disfrutar de las m\u00e1s de 30 obras de arte urbano que decoran nuestro pueblo y que incorporan realidad aumentada&#8221;.<\/em><\/p>\n\n\n\n<p>A partir de las 10h y durante todo el d\u00eda, la plaza de la Esgl\u00e9sia acoger\u00e1 la feria de entidades y artesan\u00eda y la muestra de comercios bisbalencs. Habr\u00e1 degustaci\u00f3n de vinos y comida. A partir de las 10h y hasta agotar existencias se podr\u00e1 participar en la T\u00f3mbola que organiza la Parroquia de la iglesia de Santa Maria de la Bisbal. Paralelamente, las <em>puntaires<\/em> de toda la comarca participar\u00e1n en el encuentro organizado desde la Associaci\u00f3 de Puntaires de la Bisbal del Pened\u00e8s.<\/p>\n\n\n\n<p>La inauguraci\u00f3n de La Fira se har\u00e1 a las 10:45h en la plaza de la Esgl\u00e9sia y correr\u00e1 a cargo de M\u00f2nica Sales, diputada en el Parlament de Catalunya; y Agn\u00e8s Ferr\u00e9, alcaldesa de la Bisbal del Pened\u00e8s. A continuaci\u00f3n, comenzar\u00e1 la muestra de bailes populares con la participaci\u00f3n de los Geganters i Grallers de la Societat y el Ball de panderetes, un elemento que se incorpor\u00f3 al s\u00e9quito popular el pasado mes de agosto, en la \u00faltima Festa Major.<\/p>\n\n\n\n<p>Entre las 10:30h y las 14:00h habr\u00e1 juegos de madera gigantes y tradicionales para peque\u00f1os y mayores y un taller para pintar dibujos con motivos relacionados con el pueblo de la Bisbal en la plaza Major. En paralelo, desde las 11:30h y hasta las 14h se podr\u00e1n hacer paseos a caballo desde el Ajuntament de la Bisbal del Pened\u00e8s hasta la plaza Sant Jordi.<\/p>\n\n\n\n<p>A las 17h la plaza Major ser\u00e1 el escenario del espect\u00e1culo teatral y musical &#8220;AKWLABA, canciones y cuentos africanos&#8221; de Rah-mon Roma. Se trata de un espect\u00e1culo que gira alrededor de cuatro cuentos de tradici\u00f3n oral que entrelazan un mont\u00f3n de canciones de las etnias del \u00c1frica del oeste y que incluyen aspectos m\u00e1gicos, hechos extraordinarios, l\u00edneas dram\u00e1ticas, contenidos \u00e9ticos de una gran humanidad, pinceladas c\u00f3micas y mucho m\u00e1s.<\/p>\n\n\n\n<p>A partir de las 17.45h, la plaza de la Esgl\u00e9sia se convertir\u00e1 en un Room Escape (inscripci\u00f3n previa). Y m\u00e1s tarde, a las 19h, se llenar\u00e1 de m\u00fasica con Dol\u00e7a Prat y Marc Cros que acompa\u00f1ar\u00e1n el maridaje de productos del restaurante Ull de Llebre, aceite Torclum, la pasteler\u00eda Mago, el obrador Ghedina y los vinos de l&#8217;Apical (venta anticipada de tickets).<\/p>\n\n\n\n<p>La Fira de la Bisbal del Pened\u00e8s naci\u00f3 en el a\u00f1o 1870, cuando el Ayuntamiento convoc\u00f3 a los vecinos del pueblo a una sesi\u00f3n extraordinaria para debatir si se decid\u00eda hacer caso a <em>&#8220;las muchas reclamaciones que en diferentes \u00e9pocas se hab\u00edan presentado a las corporaciones municipales reproducidas a la actual, al efecto de establecer en esta poblaci\u00f3n una feria anualmente&#8221;.<\/em> Pod\u00e9is conocer la historia de la Fira a trav\u00e9s de la P\u00edldora Bisbalenca que redact\u00f3 el historiador local Jordi Ferran durante la pandemia de Covid-19. Para acceder, haced <a href=\"https:\/\/bisbalpenedes.com\/web\/2020\/10\/03\/nova-entrega-de-les-pindoles-bisbalenques-una-fira-centenaria\/\">clic aqu\u00ed.<\/a><\/p>\n\n\n\n<p><strong>ACTIVIDADES QUE REQUIEREN INSCRIPCI\u00d3N:<\/strong><\/p>\n\n\n\n<p>Para participar en el <strong>Room Escape:<\/strong> por correo electr\u00f3nico a judith@bisbalpenedes.com, al tel\u00e9fono 616 16 22 53 o al WhatsApp 684 416 843. Inscripciones individuales o por equipos. A partir de 12 a\u00f1os.<\/p>\n\n\n\n<p>Tickets para el <strong>maridaje<\/strong>: presencialmente en el Espai Torclum (plaza Pau Casals, 5) o en <a href=\"https:\/\/torclum.com\/la-fira-maridatge\/\">https:\/\/torclum.com\/la-fira-maridatge\/.<\/a> Precio 25\u20ac. Incluye: empedrado de bacalao, manzana, condimento de aceite de oliva con naranja y perlas de aceite, canel\u00f3n de <em>rostit<\/em> con salsa de setas y condimento de aceite de oliva con trufa, calamar relleno de verduritas escalivadas y condimento de aceite de oliva con albahaca y cake de c\u00edtricos de naranja y helado de mandarina con aceite Torclum. Los vinos que acompa\u00f1ar\u00e1n la comida son: Vividors del vi (blanco, 2024), Pararoques (tinto, 2023), Meth\u00f2dic (Xarel\u00b7lo rojo, 2024) y Ancestral Coll de la Sitja (espumoso, 2023).<\/p>\n\n\n\n<figure class=\"wp-block-image size-large\"><img loading=\"lazy\" width=\"725\" height=\"1024\" src=\"https:\/\/bisbalpenedes.com\/web\/wp-content\/uploads\/2025\/09\/poster_fira_25_def3-725x1024.jpeg\" alt=\"\" class=\"wp-image-34778\" srcset=\"https:\/\/bisbalpenedes.com\/web\/wp-content\/uploads\/2025\/09\/poster_fira_25_def3-725x1024.jpeg 725w, https:\/\/bisbalpenedes.com\/web\/wp-content\/uploads\/2025\/09\/poster_fira_25_def3-212x300.jpeg 212w, https:\/\/bisbalpenedes.com\/web\/wp-content\/uploads\/2025\/09\/poster_fira_25_def3-768x1085.jpeg 768w, https:\/\/bisbalpenedes.com\/web\/wp-content\/uploads\/2025\/09\/poster_fira_25_def3-1087x1536.jpeg 1087w, https:\/\/bisbalpenedes.com\/web\/wp-content\/uploads\/2025\/09\/poster_fira_25_def3-1449x2048.jpeg 1449w, https:\/\/bisbalpenedes.com\/web\/wp-content\/uploads\/2025\/09\/poster_fira_25_def3-600x848.jpeg 600w, https:\/\/bisbalpenedes.com\/web\/wp-content\/uploads\/2025\/09\/poster_fira_25_def3-scaled.jpeg 1811w\" sizes=\"(max-width: 725px) 100vw, 725px\" \/><\/figure>\n\n\n\n<figure class=\"wp-block-image\"><img alt=\"\"\/><\/figure>\n","protected":false},"excerpt":{"rendered":"<p>Durant tota la jornada es podran visitar les parades d&#8217;entitats i artesania, fer degustaci\u00f3 de productes gastron\u00f2mics i hi haur\u00e0 d&#8217;activitats l\u00fadiques per a tota la fam\u00edlia Com \u00e9s tradicional, &hellip; <a href=\"https:\/\/bisbalpenedes.com\/web\/2025\/09\/30\/la-bisbal-del-penedes-celebrara-la-154a-edicio-de-la-fira-aquest-diumenge-5-doctubre\/\" class=\"more-link\">Read More<\/a><\/p>\n","protected":false},"author":4,"featured_media":34873,"comment_status":"closed","ping_status":"closed","sticky":false,"template":"","format":"standard","meta":[],"categories":[13,8],"tags":[393],"_links":{"self":[{"href":"https:\/\/bisbalpenedes.com\/web\/wp-json\/wp\/v2\/posts\/34852"}],"collection":[{"href":"https:\/\/bisbalpenedes.com\/web\/wp-json\/wp\/v2\/posts"}],"about":[{"href":"https:\/\/bisbalpenedes.com\/web\/wp-json\/wp\/v2\/types\/post"}],"author":[{"embeddable":true,"href":"https:\/\/bisbalpenedes.com\/web\/wp-json\/wp\/v2\/users\/4"}],"replies":[{"embeddable":true,"href":"https:\/\/bisbalpenedes.com\/web\/wp-json\/wp\/v2\/comments?post=34852"}],"version-history":[{"count":3,"href":"https:\/\/bisbalpenedes.com\/web\/wp-json\/wp\/v2\/posts\/34852\/revisions"}],"predecessor-version":[{"id":34876,"href":"https:\/\/bisbalpenedes.com\/web\/wp-json\/wp\/v2\/posts\/34852\/revisions\/34876"}],"wp:featuredmedia":[{"embeddable":true,"href":"https:\/\/bisbalpenedes.com\/web\/wp-json\/wp\/v2\/media\/34873"}],"wp:attachment":[{"href":"https:\/\/bisbalpenedes.com\/web\/wp-json\/wp\/v2\/media?parent=34852"}],"wp:term":[{"taxonomy":"category","embeddable":true,"href":"https:\/\/bisbalpenedes.com\/web\/wp-json\/wp\/v2\/categories?post=34852"},{"taxonomy":"post_tag","embeddable":true,"href":"https:\/\/bisbalpenedes.com\/web\/wp-json\/wp\/v2\/tags?post=34852"}],"curies":[{"name":"wp","href":"https:\/\/api.w.org\/{rel}","templated":true}]}}