{"id":34849,"date":"2025-09-30T09:12:16","date_gmt":"2025-09-30T07:12:16","guid":{"rendered":"https:\/\/bisbalpenedes.com\/web\/?p=34849"},"modified":"2025-09-30T09:12:16","modified_gmt":"2025-09-30T07:12:16","slug":"club-de-lectura-tarda-de-llibres-dedicat-a-la-tieta-mame","status":"publish","type":"post","link":"https:\/\/bisbalpenedes.com\/web\/2025\/09\/30\/club-de-lectura-tarda-de-llibres-dedicat-a-la-tieta-mame\/","title":{"rendered":"Club de lectura &#8220;Tarda de llibres&#8221; dedicat a &#8220;La tieta Mame&#8221;"},"content":{"rendered":"\n<p>El pr\u00f2xim dimecres 15 d&#8217;octubre, a les 19h, la Biblioteca p\u00fablica de la Bisbal del Pened\u00e8s acollir\u00e0 una nova sessi\u00f3 del club de lectura &#8220;Tarda de llibres&#8221; condu\u00efda per Joan de Boer. En aquesta ocasi\u00f3, la sessi\u00f3 estar\u00e0 dedicada a l&#8217;obra &#8220;La tieta Mame&#8221; de Patrick Dennis. Ja podeu recollir l&#8217;obra a la biblioteca.<\/p>\n\n\n\n<hr class=\"wp-block-separator has-alpha-channel-opacity\"\/>\n\n\n\n<p>El pr\u00f3ximo mi\u00e9rcoles 15 de octubre, a las 19h, la Biblioteca p\u00fablica de la Bisbal del Pened\u00e8s acoger\u00e1 una nueva sesi\u00f3n del club de lectura &#8220;Tarda de llibres&#8221; conducida por Joan de Boer. En esta ocasi\u00f3n, la sesi\u00f3n estar\u00e1 dedicada a la obra &#8220;La tieta Mame&#8221; de Patrick Dennis. Pod\u00e9is recoger la obra en la bilblioteca.<\/p>\n","protected":false},"excerpt":{"rendered":"<p>El pr\u00f2xim dimecres 15 d&#8217;octubre, a les 19h, la Biblioteca p\u00fablica de la Bisbal del Pened\u00e8s acollir\u00e0 una nova sessi\u00f3 del club de lectura &#8220;Tarda de llibres&#8221; condu\u00efda per Joan &hellip; <a href=\"https:\/\/bisbalpenedes.com\/web\/2025\/09\/30\/club-de-lectura-tarda-de-llibres-dedicat-a-la-tieta-mame\/\" class=\"more-link\">Read More<\/a><\/p>\n","protected":false},"author":4,"featured_media":34840,"comment_status":"closed","ping_status":"closed","sticky":false,"template":"","format":"standard","meta":[],"categories":[2478,13,8],"tags":[459,180,412,7127,393,7189,7188],"_links":{"self":[{"href":"https:\/\/bisbalpenedes.com\/web\/wp-json\/wp\/v2\/posts\/34849"}],"collection":[{"href":"https:\/\/bisbalpenedes.com\/web\/wp-json\/wp\/v2\/posts"}],"about":[{"href":"https:\/\/bisbalpenedes.com\/web\/wp-json\/wp\/v2\/types\/post"}],"author":[{"embeddable":true,"href":"https:\/\/bisbalpenedes.com\/web\/wp-json\/wp\/v2\/users\/4"}],"replies":[{"embeddable":true,"href":"https:\/\/bisbalpenedes.com\/web\/wp-json\/wp\/v2\/comments?post=34849"}],"version-history":[{"count":1,"href":"https:\/\/bisbalpenedes.com\/web\/wp-json\/wp\/v2\/posts\/34849\/revisions"}],"predecessor-version":[{"id":34850,"href":"https:\/\/bisbalpenedes.com\/web\/wp-json\/wp\/v2\/posts\/34849\/revisions\/34850"}],"wp:featuredmedia":[{"embeddable":true,"href":"https:\/\/bisbalpenedes.com\/web\/wp-json\/wp\/v2\/media\/34840"}],"wp:attachment":[{"href":"https:\/\/bisbalpenedes.com\/web\/wp-json\/wp\/v2\/media?parent=34849"}],"wp:term":[{"taxonomy":"category","embeddable":true,"href":"https:\/\/bisbalpenedes.com\/web\/wp-json\/wp\/v2\/categories?post=34849"},{"taxonomy":"post_tag","embeddable":true,"href":"https:\/\/bisbalpenedes.com\/web\/wp-json\/wp\/v2\/tags?post=34849"}],"curies":[{"name":"wp","href":"https:\/\/api.w.org\/{rel}","templated":true}]}}