{"id":34845,"date":"2025-09-30T09:01:32","date_gmt":"2025-09-30T07:01:32","guid":{"rendered":"https:\/\/bisbalpenedes.com\/web\/?p=34845"},"modified":"2025-09-30T09:01:32","modified_gmt":"2025-09-30T07:01:32","slug":"les-noces-de-figaro-cicle-llegir-lopera-conferencia-i-sortida-a-lopera","status":"publish","type":"post","link":"https:\/\/bisbalpenedes.com\/web\/2025\/09\/30\/les-noces-de-figaro-cicle-llegir-lopera-conferencia-i-sortida-a-lopera\/","title":{"rendered":"Les noces de F\u00edgaro: Cicle Llegir l&#8217;\u00f2pera: confer\u00e8ncia i sortida a l&#8217;\u00f2pera"},"content":{"rendered":"\n<p>El pr\u00f2xim divendres 10 d&#8217;octubre, a les 18h, la biblioteca p\u00fablica de la Bisbal del Pened\u00e8s acollir\u00e0 la confer\u00e8ncia &#8220;Les noces de F\u00edgaro&#8221; a c\u00e0rrec de la divulgadora d&#8217;\u00f2pera i m\u00fasica cl\u00e0ssica Meritxell Tena.<\/p>\n\n\n\n<p>Posteriorment, el 31 d&#8217;octubre, es far\u00e0 una sortida a Tarragona per anar a veure &#8220;Les noces de F\u00edgaro&#8221;.<\/p>\n\n\n\n<figure class=\"wp-block-image size-large\"><img loading=\"lazy\" width=\"1024\" height=\"1024\" src=\"https:\/\/bisbalpenedes.com\/web\/wp-content\/uploads\/2025\/09\/CONFERENCIA-NOVES-FIGARO-2-1024x1024.png\" alt=\"\" class=\"wp-image-34847\" srcset=\"https:\/\/bisbalpenedes.com\/web\/wp-content\/uploads\/2025\/09\/CONFERENCIA-NOVES-FIGARO-2-1024x1024.png 1024w, https:\/\/bisbalpenedes.com\/web\/wp-content\/uploads\/2025\/09\/CONFERENCIA-NOVES-FIGARO-2-300x300.png 300w, https:\/\/bisbalpenedes.com\/web\/wp-content\/uploads\/2025\/09\/CONFERENCIA-NOVES-FIGARO-2-150x150.png 150w, https:\/\/bisbalpenedes.com\/web\/wp-content\/uploads\/2025\/09\/CONFERENCIA-NOVES-FIGARO-2-768x768.png 768w, https:\/\/bisbalpenedes.com\/web\/wp-content\/uploads\/2025\/09\/CONFERENCIA-NOVES-FIGARO-2-600x600.png 600w, https:\/\/bisbalpenedes.com\/web\/wp-content\/uploads\/2025\/09\/CONFERENCIA-NOVES-FIGARO-2-100x100.png 100w, https:\/\/bisbalpenedes.com\/web\/wp-content\/uploads\/2025\/09\/CONFERENCIA-NOVES-FIGARO-2.png 1080w\" sizes=\"(max-width: 1024px) 100vw, 1024px\" \/><\/figure>\n","protected":false},"excerpt":{"rendered":"<p>El pr\u00f2xim divendres 10 d&#8217;octubre, a les 18h, la biblioteca p\u00fablica de la Bisbal del Pened\u00e8s acollir\u00e0 la confer\u00e8ncia &#8220;Les noces de F\u00edgaro&#8221; a c\u00e0rrec de la divulgadora d&#8217;\u00f2pera i &hellip; <a href=\"https:\/\/bisbalpenedes.com\/web\/2025\/09\/30\/les-noces-de-figaro-cicle-llegir-lopera-conferencia-i-sortida-a-lopera\/\" class=\"more-link\">Read More<\/a><\/p>\n","protected":false},"author":4,"featured_media":34837,"comment_status":"closed","ping_status":"closed","sticky":false,"template":"","format":"standard","meta":[],"categories":[2478,13,8],"tags":[],"_links":{"self":[{"href":"https:\/\/bisbalpenedes.com\/web\/wp-json\/wp\/v2\/posts\/34845"}],"collection":[{"href":"https:\/\/bisbalpenedes.com\/web\/wp-json\/wp\/v2\/posts"}],"about":[{"href":"https:\/\/bisbalpenedes.com\/web\/wp-json\/wp\/v2\/types\/post"}],"author":[{"embeddable":true,"href":"https:\/\/bisbalpenedes.com\/web\/wp-json\/wp\/v2\/users\/4"}],"replies":[{"embeddable":true,"href":"https:\/\/bisbalpenedes.com\/web\/wp-json\/wp\/v2\/comments?post=34845"}],"version-history":[{"count":1,"href":"https:\/\/bisbalpenedes.com\/web\/wp-json\/wp\/v2\/posts\/34845\/revisions"}],"predecessor-version":[{"id":34848,"href":"https:\/\/bisbalpenedes.com\/web\/wp-json\/wp\/v2\/posts\/34845\/revisions\/34848"}],"wp:featuredmedia":[{"embeddable":true,"href":"https:\/\/bisbalpenedes.com\/web\/wp-json\/wp\/v2\/media\/34837"}],"wp:attachment":[{"href":"https:\/\/bisbalpenedes.com\/web\/wp-json\/wp\/v2\/media?parent=34845"}],"wp:term":[{"taxonomy":"category","embeddable":true,"href":"https:\/\/bisbalpenedes.com\/web\/wp-json\/wp\/v2\/categories?post=34845"},{"taxonomy":"post_tag","embeddable":true,"href":"https:\/\/bisbalpenedes.com\/web\/wp-json\/wp\/v2\/tags?post=34845"}],"curies":[{"name":"wp","href":"https:\/\/api.w.org\/{rel}","templated":true}]}}