{"id":34828,"date":"2025-09-30T08:27:44","date_gmt":"2025-09-30T06:27:44","guid":{"rendered":"https:\/\/bisbalpenedes.com\/web\/?p=34828"},"modified":"2025-09-30T08:27:44","modified_gmt":"2025-09-30T06:27:44","slug":"el-passat-28-dagost-es-va-celebrar-un-ple-extraordinari-a-lajuntament-de-la-bisbal-del-penedes","status":"publish","type":"post","link":"https:\/\/bisbalpenedes.com\/web\/2025\/09\/30\/el-passat-28-dagost-es-va-celebrar-un-ple-extraordinari-a-lajuntament-de-la-bisbal-del-penedes\/","title":{"rendered":"<strong>El passat 28 d&#8217;agost es va celebrar un Ple extraordinari a l&#8217;Ajuntament de la Bisbal del Pened\u00e8s<\/strong>"},"content":{"rendered":"\n<p>El dijous 28 d&#8217;agost es va celebrar un Ple extraordinari a l&#8217;Ajuntament de la Bisbal del Pened\u00e8s. A l&#8217;inici del Ple es va excusar la pres\u00e8ncia del regidor Jaume Valls (La Bisbal Decideix).<\/p>\n\n\n\n<p>Podeu consultar el v\u00eddeo del Ple en aquest enlla\u00e7: <a href=\"https:\/\/actes.bisbalpenedes.com\/session\/sessionDetail\/8a81808898ded3a90198e134c4730001\">https:\/\/actes.bisbalpenedes.com\/session\/sessionDetail\/8a81808898ded3a90198e134c4730001<\/a><\/p>\n\n\n\n<p><strong>PART RESOLUTIVA<\/strong><\/p>\n\n\n\n<p><strong>Punt 1: Aprovar el reconeixement de les obligacions de despeses indegudament adquirides<br><br><\/strong>Es va aprovar amb els vots a favor de Comprom\u00eds amb la Bisbal (5) i PSC (1), els vots en contra de la Bisbal decideix (1), Tots som la Bisbal (2) i l\u2019abstenci\u00f3 d\u2019ERC (1).<\/p>\n\n\n\n<p>S\u2019aprova aquest reconeixement extrajudicial de cr\u00e8dit de factures per un total de 125.578,88\u20ac de serveis o adquisicions realitzades aquest any per\u00f2, segons paraules de l&#8217;alcaldessa Agn\u00e8s Ferr\u00e9 <em>&#8220;amb algunes defici\u00e8ncies en la tramitaci\u00f3&#8221;.<\/em><\/p>\n\n\n\n<p><strong>Punt 2: Modificaci\u00f3 del conveni amb el Consell Comarcal del Baix Pened\u00e8s pel servei de tractament de residus de la deixalleria comarcal<\/strong><\/p>\n\n\n\n<p>Es va aprovar amb els vots a favor de Comprom\u00eds amb la Bisbal (5) i PSC (1), els vots en contra de la Bisbal decideix (1), Tots som la Bisbal (1; ja que el regidor Ra\u00fal Cort\u00e9s va abandonar la sala de plens abans de la votaci\u00f3) i l\u2019abstenci\u00f3 d\u2019ERC (1).<\/p>\n\n\n\n<p>El novembre de 2023 es va aprovar, al Ple, el conveni de delegaci\u00f3 al Consell Comarcal del Baix Pened\u00e8s de la deixalleria municipal. Segons va explicar el regidor de Gesti\u00f3 de Residus, Daniel Caballero, <em>&#8220;la modificaci\u00f3 de la part econ\u00f2mica \u00e9s causada pel fet que els residus dipositats a les dues deixalleries comarcals (Bellvei i La Bisbal del Pened\u00e8s) superen les previsions i cal redistribuir els costos a tots els municipis&#8221;. <\/em>El regidor ha volgut puntualitzar que<em> &#8220;aquest increment del cost de la deixalleria no afecta la taxa que paga la ciutadania&#8221;.<\/em><\/p>\n\n\n\n<p>El cost total de tractament i eliminaci\u00f3 de les deixalleries ascendeix a 809.635,40\u20ac i al municipi de la Bisbal li corresponen 45.093,30\u20ac.<\/p>\n\n\n\n<hr class=\"wp-block-separator has-alpha-channel-opacity\"\/>\n\n\n\n<h2><strong>El pasado 28 de agosto se celebr\u00f3 un Pleno extraordinario en el A<\/strong><strong>juntament<\/strong><strong> de la Bisbal del Pened\u00e8s<\/strong><\/h2>\n\n\n\n<p>El jueves 28 de agosto se celebr\u00f3 un Pleno extraordinario en el Ajuntament de la Bisbal del Pened\u00e8s. Al inicio del Pleno se excus\u00f3 la presencia del concejal Jaume Valls (La Bisbal Decideix).<\/p>\n\n\n\n<p>Pod\u00e9is consultar el v\u00eddeo del Pleno en este enlace: <a href=\"https:\/\/actes.bisbalpenedes.com\/session\/sessionDetail\/8a81808898ded3a90198e134c4730001\">https:\/\/actes.bisbalpenedes.com\/session\/sessionDetail\/8a81808898ded3a90198e134c4730001<\/a><\/p>\n\n\n\n<p><strong>PARTE RESOLUTIVA<\/strong><\/p>\n\n\n\n<p><strong>Punto 1: Aprobar el reconocimiento de las obligaciones de gastos indebidamente adquiridas<\/strong><\/p>\n\n\n\n<p>Se aprob\u00f3 con los votos a favor de Comprom\u00eds amb la Bisbal (5) y PSC (1), los votos en contra de la Bisbal decideix (1), Tots som la Bisbal (2) y la abstenci\u00f3n de ERC (1).<\/p>\n\n\n\n<p>Se aprueba este reconocimiento extrajudicial de cr\u00e9dito de facturas por un total de 125.578,88\u20ac de servicios o adquisiciones realizadas este a\u00f1o pero, seg\u00fan palabras de la alcaldesa Agn\u00e8s Ferr\u00e9 <em>&#8220;con algunas deficiencias en la tramitaci\u00f3n&#8221;.<\/em><\/p>\n\n\n\n<p><strong>Punto 2: Modificaci\u00f3n del convenio con el Conse<\/strong><strong>ll<\/strong><strong> Comarcal del Baix Pened\u00e8s por el servicio de tratamiento de residuos del punto limpio comarcal<\/strong> .<\/p>\n\n\n\n<p>Se aprob\u00f3 con los votos a favor de Comprom\u00eds amb la Bisbal (5) y PSC (1), los votos en contra de la Bisbal decideix (1), Tots som la Bisbal (1; ya que el concejal Ra\u00fal Cort\u00e9s abandon\u00f3 la sala de plenos antes de la votaci\u00f3n) y la abstenci\u00f3n de ERC (1).<\/p>\n\n\n\n<p>En noviembre de 2023 se aprob\u00f3, en el Pleno, el convenio de delegaci\u00f3n al Consell Comarcal del Baix Pened\u00e8s del punto limpio municipal. Seg\u00fan explic\u00f3 el concejal de Gesti\u00f3n de Residuos, Daniel Caballero, <em>&#8220;la modificaci\u00f3n de la parte econ\u00f3mica es causada por el hecho de que los residuos depositados en los dos puntos limpios comarcales (Bellvei y La Bisbal del Pened\u00e8s) superan las previsiones y es necesario redistribuir los costes a todos los municipios&#8221;. El concejal ha querido puntualizar que &#8220;este incremento del coste del punto limpio no afecta la tasa que paga la ciudadan\u00eda&#8221;.<\/em> El coste total de tratamiento y eliminaci\u00f3n de los puntos limpios asciende a 809.635,40\u20ac y al municipio de la Bisbal le corresponden 45.093,30\u20ac.<\/p>\n","protected":false},"excerpt":{"rendered":"<p>El dijous 28 d&#8217;agost es va celebrar un Ple extraordinari a l&#8217;Ajuntament de la Bisbal del Pened\u00e8s. A l&#8217;inici del Ple es va excusar la pres\u00e8ncia del regidor Jaume Valls &hellip; <a href=\"https:\/\/bisbalpenedes.com\/web\/2025\/09\/30\/el-passat-28-dagost-es-va-celebrar-un-ple-extraordinari-a-lajuntament-de-la-bisbal-del-penedes\/\" class=\"more-link\">Read More<\/a><\/p>\n","protected":false},"author":4,"featured_media":34830,"comment_status":"closed","ping_status":"closed","sticky":false,"template":"","format":"standard","meta":[],"categories":[8,2251,2250],"tags":[393,139,423],"_links":{"self":[{"href":"https:\/\/bisbalpenedes.com\/web\/wp-json\/wp\/v2\/posts\/34828"}],"collection":[{"href":"https:\/\/bisbalpenedes.com\/web\/wp-json\/wp\/v2\/posts"}],"about":[{"href":"https:\/\/bisbalpenedes.com\/web\/wp-json\/wp\/v2\/types\/post"}],"author":[{"embeddable":true,"href":"https:\/\/bisbalpenedes.com\/web\/wp-json\/wp\/v2\/users\/4"}],"replies":[{"embeddable":true,"href":"https:\/\/bisbalpenedes.com\/web\/wp-json\/wp\/v2\/comments?post=34828"}],"version-history":[{"count":1,"href":"https:\/\/bisbalpenedes.com\/web\/wp-json\/wp\/v2\/posts\/34828\/revisions"}],"predecessor-version":[{"id":34829,"href":"https:\/\/bisbalpenedes.com\/web\/wp-json\/wp\/v2\/posts\/34828\/revisions\/34829"}],"wp:featuredmedia":[{"embeddable":true,"href":"https:\/\/bisbalpenedes.com\/web\/wp-json\/wp\/v2\/media\/34830"}],"wp:attachment":[{"href":"https:\/\/bisbalpenedes.com\/web\/wp-json\/wp\/v2\/media?parent=34828"}],"wp:term":[{"taxonomy":"category","embeddable":true,"href":"https:\/\/bisbalpenedes.com\/web\/wp-json\/wp\/v2\/categories?post=34828"},{"taxonomy":"post_tag","embeddable":true,"href":"https:\/\/bisbalpenedes.com\/web\/wp-json\/wp\/v2\/tags?post=34828"}],"curies":[{"name":"wp","href":"https:\/\/api.w.org\/{rel}","templated":true}]}}