{"id":34823,"date":"2025-09-26T12:02:17","date_gmt":"2025-09-26T10:02:17","guid":{"rendered":"https:\/\/bisbalpenedes.com\/web\/?p=34823"},"modified":"2025-09-26T12:02:17","modified_gmt":"2025-09-26T10:02:17","slug":"avis-incidencies-en-laparcament-i-el-transit-amb-motiu-de-la-baixada-dandromines-organitzada-pels-esventats","status":"publish","type":"post","link":"https:\/\/bisbalpenedes.com\/web\/2025\/09\/26\/avis-incidencies-en-laparcament-i-el-transit-amb-motiu-de-la-baixada-dandromines-organitzada-pels-esventats\/","title":{"rendered":"Av\u00eds: incid\u00e8ncies en l&#8217;aparcament i el tr\u00e0nsit amb motiu de la baixada d&#8217;andr\u00f2mines organitzada pels Esventats"},"content":{"rendered":"\n<p>El dissabte 27 de setembre es far\u00e0 la baixada d\u2019andr\u00f2mines organitzada per l\u2019Associaci\u00f3 De Joves Els Esventats.<br>Per aquest motiu, no es podr\u00e0 aparcar al davant del Centre Municipal de Cultura, a la baixada del pont, al carrer Santa Cristina i al carrer General Manso (a l\u2019altura del torrent).<br>A la tarda es tallar\u00e0 la circulaci\u00f3 de vehicles en aquesta zona.<\/p>\n\n\n\n<p>Gr\u00e0cies per la vostra comprensi\u00f3.<\/p>\n\n\n\n<hr class=\"wp-block-separator has-alpha-channel-opacity\"\/>\n\n\n\n<p>El s\u00e1bado 27 de septiembre se realizar\u00e1 la bajada de &#8220;andr\u00f2mines&#8221; organizada por la asociaci\u00f3n de j\u00f3venes Els Esventats.<\/p>\n\n\n\n<p>Por este motivo, no se podr\u00e1 aparcar delante del Centre Municipal de Cultura, en la bajada del puente, en la calle Santa Cristina y en la calle General Manso (a la altura del torrente).<br>Por la tarde se cortar\u00e1 la circulaci\u00f3n de veh\u00edculos en esta zona.<br>Gracias por vuestra comprensi\u00f3n.<\/p>\n\n\n\n<p><\/p>\n","protected":false},"excerpt":{"rendered":"<p>El dissabte 27 de setembre es far\u00e0 la baixada d\u2019andr\u00f2mines organitzada per l\u2019Associaci\u00f3 De Joves Els Esventats.Per aquest motiu, no es podr\u00e0 aparcar al davant del Centre Municipal de Cultura, &hellip; <a href=\"https:\/\/bisbalpenedes.com\/web\/2025\/09\/26\/avis-incidencies-en-laparcament-i-el-transit-amb-motiu-de-la-baixada-dandromines-organitzada-pels-esventats\/\" class=\"more-link\">Read More<\/a><\/p>\n","protected":false},"author":4,"featured_media":34824,"comment_status":"closed","ping_status":"closed","sticky":false,"template":"","format":"standard","meta":[],"categories":[1628,8,6393],"tags":[393],"_links":{"self":[{"href":"https:\/\/bisbalpenedes.com\/web\/wp-json\/wp\/v2\/posts\/34823"}],"collection":[{"href":"https:\/\/bisbalpenedes.com\/web\/wp-json\/wp\/v2\/posts"}],"about":[{"href":"https:\/\/bisbalpenedes.com\/web\/wp-json\/wp\/v2\/types\/post"}],"author":[{"embeddable":true,"href":"https:\/\/bisbalpenedes.com\/web\/wp-json\/wp\/v2\/users\/4"}],"replies":[{"embeddable":true,"href":"https:\/\/bisbalpenedes.com\/web\/wp-json\/wp\/v2\/comments?post=34823"}],"version-history":[{"count":1,"href":"https:\/\/bisbalpenedes.com\/web\/wp-json\/wp\/v2\/posts\/34823\/revisions"}],"predecessor-version":[{"id":34825,"href":"https:\/\/bisbalpenedes.com\/web\/wp-json\/wp\/v2\/posts\/34823\/revisions\/34825"}],"wp:featuredmedia":[{"embeddable":true,"href":"https:\/\/bisbalpenedes.com\/web\/wp-json\/wp\/v2\/media\/34824"}],"wp:attachment":[{"href":"https:\/\/bisbalpenedes.com\/web\/wp-json\/wp\/v2\/media?parent=34823"}],"wp:term":[{"taxonomy":"category","embeddable":true,"href":"https:\/\/bisbalpenedes.com\/web\/wp-json\/wp\/v2\/categories?post=34823"},{"taxonomy":"post_tag","embeddable":true,"href":"https:\/\/bisbalpenedes.com\/web\/wp-json\/wp\/v2\/tags?post=34823"}],"curies":[{"name":"wp","href":"https:\/\/api.w.org\/{rel}","templated":true}]}}