{"id":34819,"date":"2025-09-26T11:43:46","date_gmt":"2025-09-26T09:43:46","guid":{"rendered":"https:\/\/bisbalpenedes.com\/web\/?p=34819"},"modified":"2025-09-26T11:44:10","modified_gmt":"2025-09-26T09:44:10","slug":"prova-es-alert-de-proteccio-civil-amb-avis-al-mobil-dimarts-30-de-setembre","status":"publish","type":"post","link":"https:\/\/bisbalpenedes.com\/web\/2025\/09\/26\/prova-es-alert-de-proteccio-civil-amb-avis-al-mobil-dimarts-30-de-setembre\/","title":{"rendered":"Prova ES-ALERT de Protecci\u00f3 Civil amb av\u00eds al m\u00f2bil (dimarts 30 de setembre)"},"content":{"rendered":"\n<p>\ud83d\udea8 El pr\u00f2xim dimarts 30 de setembre a partir de les 10h es far\u00e0 una prova del sistema d&#8217;alertes de Protecci\u00f3 Civil ES-ALERT dins del marc territorial del Pened\u00e8s, Tarragona i Terres de l&#8217;Ebre.<\/p>\n\n\n\n<p>\ud83d\udcf1 EL TEU M\u00d2BIL REBR\u00c0 UN MISSATGE D&#8217;ALERTA<br>No pateixis, \u00e9s nom\u00e9s una prova! ES-ALERT ja s&#8217;ha utilitzat en emerg\u00e8ncies reals (inundacions, incendis, risc qu\u00edmic) i ha demostrat ser una eina molt efectiva. El que s&#8217;estan fent ara s\u00f3n comprovacions per assegurar que els avisos arriben a tota la ciutadania.<\/p>\n\n\n\n<p>\ud83d\udcca LA TEVA PARTICIPACI\u00d3 \u00c9S CLAU!<br>Despr\u00e9s de la prova podr\u00e0s respondre una enquesta que contribuir\u00e0 a millorar el sistema. La teva col\u00b7laboraci\u00f3 \u00e9s essencial!<\/p>\n\n\n\n<p>\ud83d\udd17 M\u00e9s informaci\u00f3 i enquesta a: <a href=\"https:\/\/interior.gencat.cat\/alertesprotecciocivil\">interior.gencat.cat\/alertesprotecciocivil<\/a><\/p>\n\n\n\n<hr class=\"wp-block-separator has-alpha-channel-opacity\"\/>\n\n\n\n<p>\ud83d\udea8 El pr\u00f3ximo martes 30 de septiembre a partir de las 10h se realizar\u00e1 una prueba del sistema de alertas de Protecci\u00f3n Civil ES-ALERT dentro del marco territorial del Pened\u00e8s, Tarragona y Terres de l&#8217;Ebre.<\/p>\n\n\n\n<p>\ud83d\udcf1 TU M\u00d3VIL RECIBIR\u00c1 UN MENSAJE DE ALERTA<br>\u00a1No te preocupes, es solo una prueba! ES-ALERT ya se ha utilizado en emergencias reales (inundaciones, incendios, riesgo qu\u00edmico) y ha demostrado ser una herramienta muy efectiva. Lo que se est\u00e1n haciendo ahora son comprobaciones para asegurar que los avisos llegan a toda la ciudadan\u00eda.<\/p>\n\n\n\n<p>\ud83d\udcca \u00a1TU PARTICIPACI\u00d3N ES CLAVE!<br>Despu\u00e9s de la prueba podr\u00e1s responder una encuesta que contribuir\u00e1 a mejorar el sistema. \u00a1Tu colaboraci\u00f3n es esencial!<\/p>\n\n\n\n<p>\ud83d\udd17 M\u00e1s informaci\u00f3n y encuesta en: <a href=\"https:\/\/interior.gencat.cat\/alertesprotecciocivil\">interior.gencat.cat\/alertesprotecciocivil<\/a><\/p>\n\n\n\n<p><\/p>\n","protected":false},"excerpt":{"rendered":"<p>\ud83d\udea8 El pr\u00f2xim dimarts 30 de setembre a partir de les 10h es far\u00e0 una prova del sistema d&#8217;alertes de Protecci\u00f3 Civil ES-ALERT dins del marc territorial del Pened\u00e8s, Tarragona &hellip; <a href=\"https:\/\/bisbalpenedes.com\/web\/2025\/09\/26\/prova-es-alert-de-proteccio-civil-amb-avis-al-mobil-dimarts-30-de-setembre\/\" class=\"more-link\">Read More<\/a><\/p>\n","protected":false},"author":4,"featured_media":34820,"comment_status":"closed","ping_status":"closed","sticky":false,"template":"","format":"standard","meta":[],"categories":[1628,8],"tags":[7182],"_links":{"self":[{"href":"https:\/\/bisbalpenedes.com\/web\/wp-json\/wp\/v2\/posts\/34819"}],"collection":[{"href":"https:\/\/bisbalpenedes.com\/web\/wp-json\/wp\/v2\/posts"}],"about":[{"href":"https:\/\/bisbalpenedes.com\/web\/wp-json\/wp\/v2\/types\/post"}],"author":[{"embeddable":true,"href":"https:\/\/bisbalpenedes.com\/web\/wp-json\/wp\/v2\/users\/4"}],"replies":[{"embeddable":true,"href":"https:\/\/bisbalpenedes.com\/web\/wp-json\/wp\/v2\/comments?post=34819"}],"version-history":[{"count":1,"href":"https:\/\/bisbalpenedes.com\/web\/wp-json\/wp\/v2\/posts\/34819\/revisions"}],"predecessor-version":[{"id":34821,"href":"https:\/\/bisbalpenedes.com\/web\/wp-json\/wp\/v2\/posts\/34819\/revisions\/34821"}],"wp:featuredmedia":[{"embeddable":true,"href":"https:\/\/bisbalpenedes.com\/web\/wp-json\/wp\/v2\/media\/34820"}],"wp:attachment":[{"href":"https:\/\/bisbalpenedes.com\/web\/wp-json\/wp\/v2\/media?parent=34819"}],"wp:term":[{"taxonomy":"category","embeddable":true,"href":"https:\/\/bisbalpenedes.com\/web\/wp-json\/wp\/v2\/categories?post=34819"},{"taxonomy":"post_tag","embeddable":true,"href":"https:\/\/bisbalpenedes.com\/web\/wp-json\/wp\/v2\/tags?post=34819"}],"curies":[{"name":"wp","href":"https:\/\/api.w.org\/{rel}","templated":true}]}}