{"id":34797,"date":"2025-09-24T09:52:56","date_gmt":"2025-09-24T07:52:56","guid":{"rendered":"https:\/\/bisbalpenedes.com\/web\/?p=34797"},"modified":"2025-09-24T09:52:56","modified_gmt":"2025-09-24T07:52:56","slug":"avui-dimecres-dema-dijous-i-el-divendres-podeu-portar-objectes-per-a-la-tombola-de-la-fira-que-organitza-la-parroquia","status":"publish","type":"post","link":"https:\/\/bisbalpenedes.com\/web\/2025\/09\/24\/avui-dimecres-dema-dijous-i-el-divendres-podeu-portar-objectes-per-a-la-tombola-de-la-fira-que-organitza-la-parroquia\/","title":{"rendered":"Avui dimecres, dem\u00e0 dijous i el divendres podeu portar objectes per a la t\u00f3mbola de la Fira que organitza la Parr\u00f2quia"},"content":{"rendered":"\n<p>Un any m\u00e9s, la Parr\u00f2quia tira endavant la t\u00f3mbola de la Fira.<br>Podeu portar objectes nous o en bon estat que no feu servir a la rectoria (pla\u00e7a de l&#8217;Esgl\u00e9sia), entre les 17h i les 19h:<br>\u25aa\ufe0fAvui dimecres 24 de setembre<br>\u25aa\ufe0fEl dijous 25 de setembre<br>\u25aa\ufe0fEl divendres 26 de setembre<\/p>\n\n\n\n<p>La t\u00f3mbola es far\u00e0 el diumenge de 10h a 19h<\/p>\n\n\n\n<hr class=\"wp-block-separator has-alpha-channel-opacity\"\/>\n\n\n\n<p>Un a\u00f1o m\u00e1s, la Parroquia saca adelante la t\u00f3mbola de la Fira.<br>Pod\u00e9is llevar objetos nuevos o en buen estado que no us\u00e9is a la rector\u00eda (plaza de la Esgl\u00e9sia), entre las 17h y las 19:<br>\u25aa\ufe0fHoy mi\u00e9rcoles 24 de septiembre<br>\u25aa\ufe0fEl jueves 25 de septiembre<br>\u25aa\ufe0fEl viernes 26 de septiembre<\/p>\n\n\n\n<p>La t\u00f3mbola se har\u00e1 el domingo de 10h a 19h<\/p>\n","protected":false},"excerpt":{"rendered":"<p>Un any m\u00e9s, la Parr\u00f2quia tira endavant la t\u00f3mbola de la Fira.Podeu portar objectes nous o en bon estat que no feu servir a la rectoria (pla\u00e7a de l&#8217;Esgl\u00e9sia), entre &hellip; <a href=\"https:\/\/bisbalpenedes.com\/web\/2025\/09\/24\/avui-dimecres-dema-dijous-i-el-divendres-podeu-portar-objectes-per-a-la-tombola-de-la-fira-que-organitza-la-parroquia\/\" class=\"more-link\">Read More<\/a><\/p>\n","protected":false},"author":4,"featured_media":34798,"comment_status":"closed","ping_status":"closed","sticky":false,"template":"","format":"standard","meta":[],"categories":[13,8],"tags":[459,221,2362,5487],"_links":{"self":[{"href":"https:\/\/bisbalpenedes.com\/web\/wp-json\/wp\/v2\/posts\/34797"}],"collection":[{"href":"https:\/\/bisbalpenedes.com\/web\/wp-json\/wp\/v2\/posts"}],"about":[{"href":"https:\/\/bisbalpenedes.com\/web\/wp-json\/wp\/v2\/types\/post"}],"author":[{"embeddable":true,"href":"https:\/\/bisbalpenedes.com\/web\/wp-json\/wp\/v2\/users\/4"}],"replies":[{"embeddable":true,"href":"https:\/\/bisbalpenedes.com\/web\/wp-json\/wp\/v2\/comments?post=34797"}],"version-history":[{"count":1,"href":"https:\/\/bisbalpenedes.com\/web\/wp-json\/wp\/v2\/posts\/34797\/revisions"}],"predecessor-version":[{"id":34799,"href":"https:\/\/bisbalpenedes.com\/web\/wp-json\/wp\/v2\/posts\/34797\/revisions\/34799"}],"wp:featuredmedia":[{"embeddable":true,"href":"https:\/\/bisbalpenedes.com\/web\/wp-json\/wp\/v2\/media\/34798"}],"wp:attachment":[{"href":"https:\/\/bisbalpenedes.com\/web\/wp-json\/wp\/v2\/media?parent=34797"}],"wp:term":[{"taxonomy":"category","embeddable":true,"href":"https:\/\/bisbalpenedes.com\/web\/wp-json\/wp\/v2\/categories?post=34797"},{"taxonomy":"post_tag","embeddable":true,"href":"https:\/\/bisbalpenedes.com\/web\/wp-json\/wp\/v2\/tags?post=34797"}],"curies":[{"name":"wp","href":"https:\/\/api.w.org\/{rel}","templated":true}]}}