{"id":34783,"date":"2025-09-23T11:57:54","date_gmt":"2025-09-23T09:57:54","guid":{"rendered":"https:\/\/bisbalpenedes.com\/web\/?p=34783"},"modified":"2025-09-23T12:15:53","modified_gmt":"2025-09-23T10:15:53","slug":"el-dissabte-13-de-setembre-la-bisbal-va-acollir-emotiu-triangular-de-veterans-del-barca-que-va-incloure-un-homenatge-a-la-figura-de-pere-lopez","status":"publish","type":"post","link":"https:\/\/bisbalpenedes.com\/web\/2025\/09\/23\/el-dissabte-13-de-setembre-la-bisbal-va-acollir-emotiu-triangular-de-veterans-del-barca-que-va-incloure-un-homenatge-a-la-figura-de-pere-lopez\/","title":{"rendered":"El dissabte 13 de setembre la Bisbal va acollir un emotiu triangular de veterans del Bar\u00e7a que va comptar tamb\u00e9 amb un homenatge a la figura de Pere L\u00f3pez"},"content":{"rendered":"\n<p>El passat dissabte 13 de setembre va tenir lloc un emotiu triangular de veterans del Bar\u00e7a organitzat per la Joventut Bisbalenca amb la col\u00b7laboraci\u00f3 de <a><\/a>l&#8217;Ajuntament de la Bisbal del Pened\u00e8s i l&#8217;Escola Base El Vendrell.<\/p>\n\n\n\n<p><strong>HOMENATGE A PERE L\u00d3PEZ<\/strong><\/p>\n\n\n\n<p>L&#8217;acte va servir per homenatjar Pere L\u00f3pez, una figura molt estimada i vinculada al futbol de la comarca que ens va deixar fa unes setmanes. Tant el club com l&#8217;Ajuntament van fer entrega d&#8217;un ram de flors a la seva fam\u00edlia, que els va acompanyar en aquest dia tan especial.<\/p>\n\n\n\n<p>Els exjugadors blaugranes Asensi i Zuviria van dedicar unes emotives paraules a Pere L\u00f3pez, aix\u00ed com el president de la Joventut Bisbalenca, Pere Amor\u00f3s. L&#8217;homenatge va culminar amb un minut de silenci i la interpretaci\u00f3 del &#8220;Cant dels Ocells&#8221; amb viol\u00ed.<\/p>\n\n\n\n<p><strong>PARTICIPACI\u00d3 D&#8217;ESTRELLES BLAUGRANES<\/strong><\/p>\n\n\n\n<p>Una cinquantena d&#8217;exjugadors del Bar\u00e7a van participar en aquest triangular, destacant la pres\u00e8ncia de personalitats com Maldonado, Asensi, Zuviria i Caldere, entre d&#8217;altres.<\/p>\n\n\n\n<p>Els veterans van mostrar el seu entusiasme per repetir aquesta experi\u00e8ncia al nostre municipi, on molts d&#8217;ells van jugar fa anys quan la Bisbalenca estava en el seu punt \u00e0lgid. Segons les seves pr\u00f2pies paraules, <em>&#8220;van quedar meravellats de les noves instal\u00b7lacions esportives i l&#8217;hospitalitat rebuda tant per part de l&#8217;Ajuntament com del club&#8221;.<\/em><br><\/p>\n\n\n\n<figure class=\"wp-container-2 wp-block-gallery-1 wp-block-gallery has-nested-images columns-default is-cropped\">\n<figure class=\"wp-block-image size-large\"><img loading=\"lazy\" width=\"768\" height=\"1024\" data-id=\"34790\"  src=\"https:\/\/bisbalpenedes.com\/web\/wp-content\/uploads\/2025\/09\/WhatsApp-Image-2025-09-13-at-12.08.52-PM-768x1024.jpeg\" alt=\"\" class=\"wp-image-34790\" srcset=\"https:\/\/bisbalpenedes.com\/web\/wp-content\/uploads\/2025\/09\/WhatsApp-Image-2025-09-13-at-12.08.52-PM-768x1024.jpeg 768w, https:\/\/bisbalpenedes.com\/web\/wp-content\/uploads\/2025\/09\/WhatsApp-Image-2025-09-13-at-12.08.52-PM-225x300.jpeg 225w, https:\/\/bisbalpenedes.com\/web\/wp-content\/uploads\/2025\/09\/WhatsApp-Image-2025-09-13-at-12.08.52-PM-1152x1536.jpeg 1152w, https:\/\/bisbalpenedes.com\/web\/wp-content\/uploads\/2025\/09\/WhatsApp-Image-2025-09-13-at-12.08.52-PM-1536x2048.jpeg 1536w, https:\/\/bisbalpenedes.com\/web\/wp-content\/uploads\/2025\/09\/WhatsApp-Image-2025-09-13-at-12.08.52-PM-600x800.jpeg 600w, https:\/\/bisbalpenedes.com\/web\/wp-content\/uploads\/2025\/09\/WhatsApp-Image-2025-09-13-at-12.08.52-PM-scaled.jpeg 1920w\" sizes=\"(max-width: 768px) 100vw, 768px\" \/><\/figure>\n\n\n\n<figure class=\"wp-block-image size-large\"><img loading=\"lazy\" width=\"768\" height=\"1024\" data-id=\"34787\"  src=\"https:\/\/bisbalpenedes.com\/web\/wp-content\/uploads\/2025\/09\/WhatsApp-Image-2025-09-13-at-12.09.00-PM-1-768x1024.jpeg\" alt=\"\" class=\"wp-image-34787\" srcset=\"https:\/\/bisbalpenedes.com\/web\/wp-content\/uploads\/2025\/09\/WhatsApp-Image-2025-09-13-at-12.09.00-PM-1-768x1024.jpeg 768w, https:\/\/bisbalpenedes.com\/web\/wp-content\/uploads\/2025\/09\/WhatsApp-Image-2025-09-13-at-12.09.00-PM-1-225x300.jpeg 225w, https:\/\/bisbalpenedes.com\/web\/wp-content\/uploads\/2025\/09\/WhatsApp-Image-2025-09-13-at-12.09.00-PM-1-1152x1536.jpeg 1152w, https:\/\/bisbalpenedes.com\/web\/wp-content\/uploads\/2025\/09\/WhatsApp-Image-2025-09-13-at-12.09.00-PM-1-1536x2048.jpeg 1536w, https:\/\/bisbalpenedes.com\/web\/wp-content\/uploads\/2025\/09\/WhatsApp-Image-2025-09-13-at-12.09.00-PM-1-600x800.jpeg 600w, https:\/\/bisbalpenedes.com\/web\/wp-content\/uploads\/2025\/09\/WhatsApp-Image-2025-09-13-at-12.09.00-PM-1-scaled.jpeg 1920w\" sizes=\"(max-width: 768px) 100vw, 768px\" \/><\/figure>\n\n\n\n<figure class=\"wp-block-image size-large\"><img loading=\"lazy\" width=\"768\" height=\"1024\" data-id=\"34788\"  src=\"https:\/\/bisbalpenedes.com\/web\/wp-content\/uploads\/2025\/09\/WhatsApp-Image-2025-09-13-at-12.09.03-PM-768x1024.jpeg\" alt=\"\" class=\"wp-image-34788\" srcset=\"https:\/\/bisbalpenedes.com\/web\/wp-content\/uploads\/2025\/09\/WhatsApp-Image-2025-09-13-at-12.09.03-PM-768x1024.jpeg 768w, https:\/\/bisbalpenedes.com\/web\/wp-content\/uploads\/2025\/09\/WhatsApp-Image-2025-09-13-at-12.09.03-PM-225x300.jpeg 225w, https:\/\/bisbalpenedes.com\/web\/wp-content\/uploads\/2025\/09\/WhatsApp-Image-2025-09-13-at-12.09.03-PM-1152x1536.jpeg 1152w, https:\/\/bisbalpenedes.com\/web\/wp-content\/uploads\/2025\/09\/WhatsApp-Image-2025-09-13-at-12.09.03-PM-1536x2048.jpeg 1536w, https:\/\/bisbalpenedes.com\/web\/wp-content\/uploads\/2025\/09\/WhatsApp-Image-2025-09-13-at-12.09.03-PM-600x800.jpeg 600w, https:\/\/bisbalpenedes.com\/web\/wp-content\/uploads\/2025\/09\/WhatsApp-Image-2025-09-13-at-12.09.03-PM-scaled.jpeg 1920w\" sizes=\"(max-width: 768px) 100vw, 768px\" \/><\/figure>\n\n\n\n<figure class=\"wp-block-image size-large\"><img loading=\"lazy\" width=\"768\" height=\"1024\" data-id=\"34789\"  src=\"https:\/\/bisbalpenedes.com\/web\/wp-content\/uploads\/2025\/09\/WhatsApp-Image-2025-09-13-at-12.08.57-PM-768x1024.jpeg\" alt=\"\" class=\"wp-image-34789\" srcset=\"https:\/\/bisbalpenedes.com\/web\/wp-content\/uploads\/2025\/09\/WhatsApp-Image-2025-09-13-at-12.08.57-PM-768x1024.jpeg 768w, https:\/\/bisbalpenedes.com\/web\/wp-content\/uploads\/2025\/09\/WhatsApp-Image-2025-09-13-at-12.08.57-PM-225x300.jpeg 225w, https:\/\/bisbalpenedes.com\/web\/wp-content\/uploads\/2025\/09\/WhatsApp-Image-2025-09-13-at-12.08.57-PM-1152x1536.jpeg 1152w, https:\/\/bisbalpenedes.com\/web\/wp-content\/uploads\/2025\/09\/WhatsApp-Image-2025-09-13-at-12.08.57-PM-1536x2048.jpeg 1536w, https:\/\/bisbalpenedes.com\/web\/wp-content\/uploads\/2025\/09\/WhatsApp-Image-2025-09-13-at-12.08.57-PM-600x800.jpeg 600w, https:\/\/bisbalpenedes.com\/web\/wp-content\/uploads\/2025\/09\/WhatsApp-Image-2025-09-13-at-12.08.57-PM-scaled.jpeg 1920w\" sizes=\"(max-width: 768px) 100vw, 768px\" \/><\/figure>\n\n\n\n<figure class=\"wp-block-image size-large\"><img loading=\"lazy\" width=\"576\" height=\"1024\" data-id=\"34786\"  src=\"https:\/\/bisbalpenedes.com\/web\/wp-content\/uploads\/2025\/09\/WhatsApp-Image-2025-09-15-at-10.07.16-AM-576x1024.jpeg\" alt=\"\" class=\"wp-image-34786\" srcset=\"https:\/\/bisbalpenedes.com\/web\/wp-content\/uploads\/2025\/09\/WhatsApp-Image-2025-09-15-at-10.07.16-AM-576x1024.jpeg 576w, https:\/\/bisbalpenedes.com\/web\/wp-content\/uploads\/2025\/09\/WhatsApp-Image-2025-09-15-at-10.07.16-AM-169x300.jpeg 169w, https:\/\/bisbalpenedes.com\/web\/wp-content\/uploads\/2025\/09\/WhatsApp-Image-2025-09-15-at-10.07.16-AM-768x1365.jpeg 768w, https:\/\/bisbalpenedes.com\/web\/wp-content\/uploads\/2025\/09\/WhatsApp-Image-2025-09-15-at-10.07.16-AM-600x1067.jpeg 600w, https:\/\/bisbalpenedes.com\/web\/wp-content\/uploads\/2025\/09\/WhatsApp-Image-2025-09-15-at-10.07.16-AM.jpeg 828w\" sizes=\"(max-width: 576px) 100vw, 576px\" \/><\/figure>\n<\/figure>\n\n\n\n<hr class=\"wp-block-separator has-alpha-channel-opacity\"\/>\n\n\n\n<p><strong>CASTELLANO | <\/strong>El pasado s\u00e1bado 13 de septiembre tuvo lugar un emotivo triangular de veteranos del Bar\u00e7a organizado por la Joventut Bisbalenca con la colaboraci\u00f3n del Ajuntament de la Bisbal del Pened\u00e8s y la Escola Base El Vendrell.<\/p>\n\n\n\n<p><strong>HOMENAJE A PERE L\u00d3PEZ<\/strong><\/p>\n\n\n\n<p>El acto sirvi\u00f3 para homenajear a Pere L\u00f3pez, una figura muy querida y vinculada al f\u00fatbol de la comarca que nos dej\u00f3 hace unas semanas. Tanto el club como el Ayuntamiento hicieron entrega de un ramo de flores a su familia, que les acompa\u00f1\u00f3 en este d\u00eda tan especial.<\/p>\n\n\n\n<p>Los exjugadores azulgranas Asensi y Zuviria dedicaron unas emotivas palabras a Pere L\u00f3pez, as\u00ed como el presidente de la Joventut Bisbalenca, Pere Amor\u00f3s. El homenaje culmin\u00f3 con un minuto de silencio y la interpretaci\u00f3n del &#8220;Cant dels Ocells&#8221; con viol\u00edn.<\/p>\n\n\n\n<p><strong>PARTICIPACI\u00d3N DE ESTRELLAS AZULGRANAS<\/strong><\/p>\n\n\n\n<p>Una cincuentena de exjugadores del Bar\u00e7a participaron en este triangular, destacando la presencia de personalidades como Maldonado, Asensi, Zuviria y Caldere, entre otros.<\/p>\n\n\n\n<p>Los veteranos mostraron su entusiasmo por repetir esta experiencia en nuestro municipio, donde muchos de ellos jugaron hace a\u00f1os cuando la Bisbalenca estaba en su punto \u00e1lgido. Seg\u00fan sus propias palabras, <em>&#8220;quedaron maravillados de las nuevas instalaciones deportivas y la hospitalidad recibida tanto por parte del Ayuntamiento como del club&#8221;.<\/em><\/p>\n\n\n\n<p><\/p>\n","protected":false},"excerpt":{"rendered":"<p>El passat dissabte 13 de setembre va tenir lloc un emotiu triangular de veterans del Bar\u00e7a organitzat per la Joventut Bisbalenca amb la col\u00b7laboraci\u00f3 de l&#8217;Ajuntament de la Bisbal del &hellip; <a href=\"https:\/\/bisbalpenedes.com\/web\/2025\/09\/23\/el-dissabte-13-de-setembre-la-bisbal-va-acollir-emotiu-triangular-de-veterans-del-barca-que-va-incloure-un-homenatge-a-la-figura-de-pere-lopez\/\" class=\"more-link\">Read More<\/a><\/p>\n","protected":false},"author":4,"featured_media":34785,"comment_status":"closed","ping_status":"closed","sticky":false,"template":"","format":"standard","meta":[],"categories":[20,19,8],"tags":[7179,7178,345,393],"_links":{"self":[{"href":"https:\/\/bisbalpenedes.com\/web\/wp-json\/wp\/v2\/posts\/34783"}],"collection":[{"href":"https:\/\/bisbalpenedes.com\/web\/wp-json\/wp\/v2\/posts"}],"about":[{"href":"https:\/\/bisbalpenedes.com\/web\/wp-json\/wp\/v2\/types\/post"}],"author":[{"embeddable":true,"href":"https:\/\/bisbalpenedes.com\/web\/wp-json\/wp\/v2\/users\/4"}],"replies":[{"embeddable":true,"href":"https:\/\/bisbalpenedes.com\/web\/wp-json\/wp\/v2\/comments?post=34783"}],"version-history":[{"count":3,"href":"https:\/\/bisbalpenedes.com\/web\/wp-json\/wp\/v2\/posts\/34783\/revisions"}],"predecessor-version":[{"id":34793,"href":"https:\/\/bisbalpenedes.com\/web\/wp-json\/wp\/v2\/posts\/34783\/revisions\/34793"}],"wp:featuredmedia":[{"embeddable":true,"href":"https:\/\/bisbalpenedes.com\/web\/wp-json\/wp\/v2\/media\/34785"}],"wp:attachment":[{"href":"https:\/\/bisbalpenedes.com\/web\/wp-json\/wp\/v2\/media?parent=34783"}],"wp:term":[{"taxonomy":"category","embeddable":true,"href":"https:\/\/bisbalpenedes.com\/web\/wp-json\/wp\/v2\/categories?post=34783"},{"taxonomy":"post_tag","embeddable":true,"href":"https:\/\/bisbalpenedes.com\/web\/wp-json\/wp\/v2\/tags?post=34783"}],"curies":[{"name":"wp","href":"https:\/\/api.w.org\/{rel}","templated":true}]}}