{"id":34776,"date":"2025-09-22T19:21:42","date_gmt":"2025-09-22T17:21:42","guid":{"rendered":"https:\/\/bisbalpenedes.com\/web\/?p=34776"},"modified":"2025-09-24T19:14:02","modified_gmt":"2025-09-24T17:14:02","slug":"el-5-doctubre-celebrarem-la-fira-2025-a-la-placa-de-lesglesia-i-a-la-placa-major","status":"publish","type":"post","link":"https:\/\/bisbalpenedes.com\/web\/2025\/09\/22\/el-5-doctubre-celebrarem-la-fira-2025-a-la-placa-de-lesglesia-i-a-la-placa-major\/","title":{"rendered":"El 5 d&#8217;octubre celebrarem La Fira 2025 a la pla\u00e7a de l&#8217;Esgl\u00e9sia i a la pla\u00e7a Major"},"content":{"rendered":"\n<p><br> Torna La Fira de la Bisbal del Pened\u00e8s 2025! <img loading=\"lazy\" height=\"16\" width=\"16\" src=\"https:\/\/static.xx.fbcdn.net\/images\/emoji.php\/v9\/t2b\/2\/16\/1f389.png\" alt=\"\ud83c\udf89\"><\/p>\n\n\n\n<p><img loading=\"lazy\" height=\"16\" width=\"16\" alt=\"\ud83d\udcc5\" src=\"https:\/\/static.xx.fbcdn.net\/images\/emoji.php\/v9\/t1d\/2\/16\/1f4c5.png\"> Diumenge 5 d&#8217;octubre<\/p>\n\n\n\n<p><img loading=\"lazy\" height=\"16\" width=\"16\" src=\"https:\/\/static.xx.fbcdn.net\/images\/emoji.php\/v9\/tcc\/2\/16\/1f4cd.png\" alt=\"\ud83d\udccd\"> Pla\u00e7a de l&#8217;Esgl\u00e9sia i pla\u00e7a Major<br><\/p>\n\n\n\n<p>Us convidem a gaudir d&#8217;una jornada plena d&#8217;activitats per a tota la fam\u00edlia:<\/p>\n\n\n\n<p><img loading=\"lazy\" height=\"16\" width=\"16\" alt=\"\ud83d\udecd\ufe0f\" src=\"https:\/\/static.xx.fbcdn.net\/images\/emoji.php\/v9\/t4e\/2\/16\/1f6cd.png\"> Fira d&#8217;entitats i d&#8217;artesania<\/p>\n\n\n\n<p><img loading=\"lazy\" height=\"16\" width=\"16\" alt=\"\ud83c\udf81\" src=\"https:\/\/static.xx.fbcdn.net\/images\/emoji.php\/v9\/t23\/2\/16\/1f381.png\">T\u00f3mbola parroquial<\/p>\n\n\n\n<p><img loading=\"lazy\" height=\"16\" width=\"16\" alt=\"\ud83c\udf77\" src=\"https:\/\/static.xx.fbcdn.net\/images\/emoji.php\/v9\/t8a\/2\/16\/1f377.png\"> Degustaci\u00f3 de vins i menjars<\/p>\n\n\n\n<p><img loading=\"lazy\" height=\"16\" width=\"16\" alt=\"\ud83c\udfad\" src=\"https:\/\/static.xx.fbcdn.net\/images\/emoji.php\/v9\/t4d\/2\/16\/1f3ad.png\"> Espectacle teatral i musical<\/p>\n\n\n\n<p><img loading=\"lazy\" height=\"16\" width=\"16\" alt=\"\ud83c\udfb5\" src=\"https:\/\/static.xx.fbcdn.net\/images\/emoji.php\/v9\/t3d\/2\/16\/1f3b5.png\"> M\u00fasica en viu<\/p>\n\n\n\n<p><img loading=\"lazy\" height=\"16\" width=\"16\" alt=\"\ud83d\udc6b\" src=\"https:\/\/static.xx.fbcdn.net\/images\/emoji.php\/v9\/td7\/2\/16\/1f46b.png\"> Trobada de Puntaires<\/p>\n\n\n\n<p><img loading=\"lazy\" height=\"16\" width=\"16\" alt=\"\ud83c\udfa8\" src=\"https:\/\/static.xx.fbcdn.net\/images\/emoji.php\/v9\/t21\/2\/16\/1f3a8.png\"> Jocs de fusta gegants i taller Pinta la Bisbal<\/p>\n\n\n\n<p><img loading=\"lazy\" height=\"16\" width=\"16\" alt=\"\ud83d\udc83\" src=\"https:\/\/static.xx.fbcdn.net\/images\/emoji.php\/v9\/t66\/2\/16\/1f483.png\"> Mostra de balls populars<\/p>\n\n\n\n<p><img loading=\"lazy\" height=\"16\" width=\"16\" alt=\"\ud83c\udfaf\" src=\"https:\/\/static.xx.fbcdn.net\/images\/emoji.php\/v9\/t4f\/2\/16\/1f3af.png\"> Room Escape en equip<\/p>\n\n\n\n<p><img loading=\"lazy\" height=\"16\" width=\"16\" alt=\"\ud83c\udf7d\ufe0f\" src=\"https:\/\/static.xx.fbcdn.net\/images\/emoji.php\/v9\/t37\/2\/16\/1f37d.png\"> Maridatge de productes locals i de proximitat<\/p>\n\n\n\n<p><img loading=\"lazy\" height=\"16\" width=\"16\" alt=\"\ud83d\udeb6\" src=\"https:\/\/static.xx.fbcdn.net\/images\/emoji.php\/v9\/t81\/2\/16\/1f6b6.png\"> Passejos a cavall<\/p>\n\n\n\n<p><img loading=\"lazy\" height=\"16\" width=\"16\" src=\"https:\/\/static.xx.fbcdn.net\/images\/emoji.php\/v9\/td8\/2\/16\/1f4e2.png\" alt=\"\ud83d\udce2\"> Inauguraci\u00f3 a les 10:45h<\/p>\n\n\n\n<hr class=\"wp-block-separator has-alpha-channel-opacity\"\/>\n\n\n\n<p>Vuelve La Fira de la Bisbal del Pened\u00e8s 2025! <img loading=\"lazy\" height=\"16\" width=\"16\" src=\"https:\/\/static.xx.fbcdn.net\/images\/emoji.php\/v9\/t2b\/2\/16\/1f389.png\" alt=\"\ud83c\udf89\"><\/p>\n\n\n\n<p><img loading=\"lazy\" height=\"16\" width=\"16\" alt=\"\ud83d\udcc5\" src=\"https:\/\/static.xx.fbcdn.net\/images\/emoji.php\/v9\/t1d\/2\/16\/1f4c5.png\"> Domingo 5 de octubre<\/p>\n\n\n\n<p><img loading=\"lazy\" height=\"16\" width=\"16\" src=\"https:\/\/static.xx.fbcdn.net\/images\/emoji.php\/v9\/tcc\/2\/16\/1f4cd.png\" alt=\"\ud83d\udccd\"> Plaza de la Esgl\u00e9sia y plaza Major<br><\/p>\n\n\n\n<p>Os invitamos a disfrutar de una jornada llena de actividades para toda la familia:<\/p>\n\n\n\n<p><img loading=\"lazy\" height=\"16\" width=\"16\" alt=\"\ud83d\udecd\ufe0f\" src=\"https:\/\/static.xx.fbcdn.net\/images\/emoji.php\/v9\/t4e\/2\/16\/1f6cd.png\"> Feria de entidades y de artesan\u00eda<\/p>\n\n\n\n<p><img loading=\"lazy\" height=\"16\" width=\"16\" alt=\"\ud83c\udf81\" src=\"https:\/\/static.xx.fbcdn.net\/images\/emoji.php\/v9\/t23\/2\/16\/1f381.png\">T\u00f3mbola parroquial<\/p>\n\n\n\n<p><img loading=\"lazy\" height=\"16\" width=\"16\" alt=\"\ud83c\udf77\" src=\"https:\/\/static.xx.fbcdn.net\/images\/emoji.php\/v9\/t8a\/2\/16\/1f377.png\"> Degustaci\u00f3n de vinos y comidas<\/p>\n\n\n\n<p><img loading=\"lazy\" height=\"16\" width=\"16\" alt=\"\ud83c\udfad\" src=\"https:\/\/static.xx.fbcdn.net\/images\/emoji.php\/v9\/t4d\/2\/16\/1f3ad.png\"> Espect\u00e1culo teatral y musical<\/p>\n\n\n\n<p><img loading=\"lazy\" height=\"16\" width=\"16\" alt=\"\ud83c\udfb5\" src=\"https:\/\/static.xx.fbcdn.net\/images\/emoji.php\/v9\/t3d\/2\/16\/1f3b5.png\"> M\u00fasica en vivo<\/p>\n\n\n\n<p><img loading=\"lazy\" height=\"16\" width=\"16\" alt=\"\ud83d\udc6b\" src=\"https:\/\/static.xx.fbcdn.net\/images\/emoji.php\/v9\/td7\/2\/16\/1f46b.png\"> Encuentro de &#8216;Puntaires&#8217;<\/p>\n\n\n\n<p><img loading=\"lazy\" height=\"16\" width=\"16\" alt=\"\ud83c\udfa8\" src=\"https:\/\/static.xx.fbcdn.net\/images\/emoji.php\/v9\/t21\/2\/16\/1f3a8.png\"> Juegos de madera gigantes y taller Pinta la Bisbal<\/p>\n\n\n\n<p><img loading=\"lazy\" height=\"16\" width=\"16\" alt=\"\ud83d\udc83\" src=\"https:\/\/static.xx.fbcdn.net\/images\/emoji.php\/v9\/t66\/2\/16\/1f483.png\"> Muestra de bailes populares<\/p>\n\n\n\n<p><img loading=\"lazy\" height=\"16\" width=\"16\" alt=\"\ud83c\udfaf\" src=\"https:\/\/static.xx.fbcdn.net\/images\/emoji.php\/v9\/t4f\/2\/16\/1f3af.png\"> Room Escape en equipo<\/p>\n\n\n\n<p><img loading=\"lazy\" height=\"16\" width=\"16\" alt=\"\ud83c\udf7d\ufe0f\" src=\"https:\/\/static.xx.fbcdn.net\/images\/emoji.php\/v9\/t37\/2\/16\/1f37d.png\"> Maridaje de productos locales y de proximidad<\/p>\n\n\n\n<p><img loading=\"lazy\" height=\"16\" width=\"16\" alt=\"\ud83d\udeb6\" src=\"https:\/\/static.xx.fbcdn.net\/images\/emoji.php\/v9\/t81\/2\/16\/1f6b6.png\"> Paseos a caballo<\/p>\n\n\n\n<p><img loading=\"lazy\" height=\"16\" width=\"16\" alt=\"\ud83d\udce2\" src=\"https:\/\/static.xx.fbcdn.net\/images\/emoji.php\/v9\/td8\/2\/16\/1f4e2.png\"> Inauguraci\u00f3n a las 10:45h<\/p>\n\n\n\n<figure class=\"wp-block-image size-large\"><img loading=\"lazy\" width=\"819\" height=\"1024\" src=\"https:\/\/bisbalpenedes.com\/web\/wp-content\/uploads\/2025\/09\/1-819x1024.jpg\" alt=\"\" class=\"wp-image-34808\" srcset=\"https:\/\/bisbalpenedes.com\/web\/wp-content\/uploads\/2025\/09\/1-819x1024.jpg 819w, https:\/\/bisbalpenedes.com\/web\/wp-content\/uploads\/2025\/09\/1-240x300.jpg 240w, https:\/\/bisbalpenedes.com\/web\/wp-content\/uploads\/2025\/09\/1-768x960.jpg 768w, https:\/\/bisbalpenedes.com\/web\/wp-content\/uploads\/2025\/09\/1-600x750.jpg 600w, https:\/\/bisbalpenedes.com\/web\/wp-content\/uploads\/2025\/09\/1.jpg 1080w\" sizes=\"(max-width: 819px) 100vw, 819px\" \/><\/figure>\n\n\n\n<figure class=\"wp-block-image size-large\"><img loading=\"lazy\" width=\"819\" height=\"1024\" src=\"https:\/\/bisbalpenedes.com\/web\/wp-content\/uploads\/2025\/09\/2-819x1024.jpg\" alt=\"\" class=\"wp-image-34809\" srcset=\"https:\/\/bisbalpenedes.com\/web\/wp-content\/uploads\/2025\/09\/2-819x1024.jpg 819w, https:\/\/bisbalpenedes.com\/web\/wp-content\/uploads\/2025\/09\/2-240x300.jpg 240w, https:\/\/bisbalpenedes.com\/web\/wp-content\/uploads\/2025\/09\/2-768x960.jpg 768w, https:\/\/bisbalpenedes.com\/web\/wp-content\/uploads\/2025\/09\/2-600x750.jpg 600w, https:\/\/bisbalpenedes.com\/web\/wp-content\/uploads\/2025\/09\/2.jpg 1080w\" sizes=\"(max-width: 819px) 100vw, 819px\" \/><\/figure>\n","protected":false},"excerpt":{"rendered":"<p>Torna La Fira de la Bisbal del Pened\u00e8s 2025! Diumenge 5 d&#8217;octubre Pla\u00e7a de l&#8217;Esgl\u00e9sia i pla\u00e7a Major Us convidem a gaudir d&#8217;una jornada plena d&#8217;activitats per a tota la &hellip; <a href=\"https:\/\/bisbalpenedes.com\/web\/2025\/09\/22\/el-5-doctubre-celebrarem-la-fira-2025-a-la-placa-de-lesglesia-i-a-la-placa-major\/\" class=\"more-link\">Read More<\/a><\/p>\n","protected":false},"author":4,"featured_media":34778,"comment_status":"closed","ping_status":"closed","sticky":false,"template":"","format":"standard","meta":[],"categories":[2942,13,8],"tags":[393,2362,7177,1374],"_links":{"self":[{"href":"https:\/\/bisbalpenedes.com\/web\/wp-json\/wp\/v2\/posts\/34776"}],"collection":[{"href":"https:\/\/bisbalpenedes.com\/web\/wp-json\/wp\/v2\/posts"}],"about":[{"href":"https:\/\/bisbalpenedes.com\/web\/wp-json\/wp\/v2\/types\/post"}],"author":[{"embeddable":true,"href":"https:\/\/bisbalpenedes.com\/web\/wp-json\/wp\/v2\/users\/4"}],"replies":[{"embeddable":true,"href":"https:\/\/bisbalpenedes.com\/web\/wp-json\/wp\/v2\/comments?post=34776"}],"version-history":[{"count":2,"href":"https:\/\/bisbalpenedes.com\/web\/wp-json\/wp\/v2\/posts\/34776\/revisions"}],"predecessor-version":[{"id":34810,"href":"https:\/\/bisbalpenedes.com\/web\/wp-json\/wp\/v2\/posts\/34776\/revisions\/34810"}],"wp:featuredmedia":[{"embeddable":true,"href":"https:\/\/bisbalpenedes.com\/web\/wp-json\/wp\/v2\/media\/34778"}],"wp:attachment":[{"href":"https:\/\/bisbalpenedes.com\/web\/wp-json\/wp\/v2\/media?parent=34776"}],"wp:term":[{"taxonomy":"category","embeddable":true,"href":"https:\/\/bisbalpenedes.com\/web\/wp-json\/wp\/v2\/categories?post=34776"},{"taxonomy":"post_tag","embeddable":true,"href":"https:\/\/bisbalpenedes.com\/web\/wp-json\/wp\/v2\/tags?post=34776"}],"curies":[{"name":"wp","href":"https:\/\/api.w.org\/{rel}","templated":true}]}}