{"id":34761,"date":"2025-09-16T14:55:29","date_gmt":"2025-09-16T12:55:29","guid":{"rendered":"https:\/\/bisbalpenedes.com\/web\/?p=34761"},"modified":"2025-09-16T14:55:51","modified_gmt":"2025-09-16T12:55:51","slug":"comunicat-de-lequip-de-govern-la-bisbal-tindra-un-centre-de-noves-oportunitats-amb-fp-basica-fp-dual-i-formacio-ocupacional","status":"publish","type":"post","link":"https:\/\/bisbalpenedes.com\/web\/2025\/09\/16\/comunicat-de-lequip-de-govern-la-bisbal-tindra-un-centre-de-noves-oportunitats-amb-fp-basica-fp-dual-i-formacio-ocupacional\/","title":{"rendered":"Comunicat de l&#8217;equip de govern: &#8220;La Bisbal tindr\u00e0 un centre de noves oportunitats amb FP b\u00e0sica, FP dual i formaci\u00f3 ocupacional&#8221;"},"content":{"rendered":"\n<p>Des de l&#8217;equip de govern de l&#8217;Ajuntament de la Bisbal del Pened\u00e8s estem treballant en un nou projecte que engloba les \u00e0rees de Formaci\u00f3, Ocupaci\u00f3 i Joventut. Hem iniciat les converses amb el Departament de Formaci\u00f3 Professional de la Conselleria d&#8217;Ensenyament amb l&#8217;objectiu de crear un centre de noves oportunitats a la Bisbal del Pened\u00e8s, que inclour\u00e0 FP b\u00e0sica per als alumnes que no hagin finalitzat l&#8217;ESO, FP dual, amb formaci\u00f3 especialitzada i formaci\u00f3 ocupacional.<\/p>\n\n\n\n<p>L&#8217;objectiu d&#8217;aquest projecte \u00e9s frenar l&#8217;abandonament escolar, dotant de coneixements t\u00e8cnics l&#8217;alumnat que no hagi finalitzat l&#8217;ESO i, alhora, oferir formaci\u00f3 especialitzada centrada en les necessitats de les empreses de la zona i, com a novetat, tamb\u00e9 de l&#8217;Hospital del Vendrell, ja que amb l&#8217;ampliaci\u00f3 prevista hi haur\u00e0 m\u00e9s demanda de professionals. A m\u00e9s, el centre oferir\u00e0 formaci\u00f3 ocupacional, per dotar de recursos professionals i acad\u00e8mics a totes aquelles persones que busquin feina, sigui perqu\u00e8 estan aturades o perqu\u00e8 volen millorar la seva situaci\u00f3 professional.<\/p>\n\n\n\n<p>El centre de noves oportunitats estar\u00e0 situat en la zona d&#8217;equipaments prevista a Les Planes del Vent i es finan\u00e7ar\u00e0 amb els ingressos d&#8217;urbanitzaci\u00f3 del nou parc empresarial.<\/p>\n\n\n\n<p>Des de l&#8217;equip de govern fem una aposta clara per dotar la poblaci\u00f3 d&#8217;eines per a un futur millor, tant als joves com als grans, perqu\u00e8 es puguin formar i tenir feina a prop de casa.<br><br><sup>Foto: Ra\u00fal Gallego<br>A la foto, d&#8217;esquerra a dreta: Joan Gimeno, regidor de Joventut; Agn\u00e8s Ferr\u00e9, alcaldessa de la Bisbal del Pened\u00e8s; i Daniel Caballero, regidor d&#8217;Ensenyament.<\/sup><\/p>\n\n\n\n<hr class=\"wp-block-separator has-alpha-channel-opacity\"\/>\n\n\n\n<p><strong>COMUNICADO DEL EQUIPO DE GOBIERNO<\/strong> <\/p>\n\n\n\n<p><strong>La Bisbal del Pened\u00e8s tendr\u00e1 un centro de nuevas oportunidades donde ofrecer\u00e1 FP b\u00e1sica para alumnos que no han terminado la ESO, un centro de FP dual con formaci\u00f3n especializada y formaci\u00f3n ocupacional<\/strong><\/p>\n\n\n\n<p>Desde el equipo de gobierno del Ajuntament de la Bisbal del Pened\u00e8s estamos trabajando en un nuevo proyecto que engloba las \u00e1reas de Formaci\u00f3n, Empleo y Juventud. Hemos iniciado las conversaciones con el Departament de Formaci\u00f3 Professional de la Conselleria d&#8217;Ensenyament con el objetivo de crear un centro de nuevas oportunidades en la Bisbal del Pened\u00e8s, que incluir\u00e1 FP b\u00e1sica para los alumnos que no hayan finalizado la ESO, FP dual, con formaci\u00f3n especializada y formaci\u00f3n ocupacional.<\/p>\n\n\n\n<p>El objetivo de este proyecto es frenar el abandono escolar, dotando de conocimientos t\u00e9cnicos al alumnado que no haya finalizado la ESO y, a la vez, ofrecer formaci\u00f3n especializada centrada en las necesidades de las empresas de la zona y, como novedad, tambi\u00e9n del Hospital del Vendrell, ya que con la ampliaci\u00f3n prevista habr\u00e1 m\u00e1s demanda de profesionales. Adem\u00e1s, el centro ofrecer\u00e1 formaci\u00f3n ocupacional, para dotar de recursos profesionales y acad\u00e9micos a todas aquellas personas que busquen trabajo, sea porque est\u00e1n en paro o porque quieren mejorar su situaci\u00f3n profesional.<\/p>\n\n\n\n<p>El centro de nuevas oportunidades estar\u00e1 situado en la zona de equipamientos prevista en Les Planes del Vent y se financiar\u00e1 con los ingresos de urbanizaci\u00f3n del nuevo parque empresarial.<\/p>\n\n\n\n<p>Desde el equipo de gobierno hacemos una apuesta clara por dotar a la poblaci\u00f3n de herramientas para un futuro mejor, tanto a los j\u00f3venes como a los mayores, para que se puedan formar y tener trabajo cerca de casa.<\/p>\n","protected":false},"excerpt":{"rendered":"<p>Des de l&#8217;equip de govern de l&#8217;Ajuntament de la Bisbal del Pened\u00e8s estem treballant en un nou projecte que engloba les \u00e0rees de Formaci\u00f3, Ocupaci\u00f3 i Joventut. Hem iniciat les &hellip; <a href=\"https:\/\/bisbalpenedes.com\/web\/2025\/09\/16\/comunicat-de-lequip-de-govern-la-bisbal-tindra-un-centre-de-noves-oportunitats-amb-fp-basica-fp-dual-i-formacio-ocupacional\/\" class=\"more-link\">Read More<\/a><\/p>\n","protected":false},"author":4,"featured_media":34762,"comment_status":"closed","ping_status":"closed","sticky":false,"template":"","format":"standard","meta":[],"categories":[2377,6509,4269,8,9],"tags":[7175,2549,7176,6313,393,1374],"_links":{"self":[{"href":"https:\/\/bisbalpenedes.com\/web\/wp-json\/wp\/v2\/posts\/34761"}],"collection":[{"href":"https:\/\/bisbalpenedes.com\/web\/wp-json\/wp\/v2\/posts"}],"about":[{"href":"https:\/\/bisbalpenedes.com\/web\/wp-json\/wp\/v2\/types\/post"}],"author":[{"embeddable":true,"href":"https:\/\/bisbalpenedes.com\/web\/wp-json\/wp\/v2\/users\/4"}],"replies":[{"embeddable":true,"href":"https:\/\/bisbalpenedes.com\/web\/wp-json\/wp\/v2\/comments?post=34761"}],"version-history":[{"count":4,"href":"https:\/\/bisbalpenedes.com\/web\/wp-json\/wp\/v2\/posts\/34761\/revisions"}],"predecessor-version":[{"id":34769,"href":"https:\/\/bisbalpenedes.com\/web\/wp-json\/wp\/v2\/posts\/34761\/revisions\/34769"}],"wp:featuredmedia":[{"embeddable":true,"href":"https:\/\/bisbalpenedes.com\/web\/wp-json\/wp\/v2\/media\/34762"}],"wp:attachment":[{"href":"https:\/\/bisbalpenedes.com\/web\/wp-json\/wp\/v2\/media?parent=34761"}],"wp:term":[{"taxonomy":"category","embeddable":true,"href":"https:\/\/bisbalpenedes.com\/web\/wp-json\/wp\/v2\/categories?post=34761"},{"taxonomy":"post_tag","embeddable":true,"href":"https:\/\/bisbalpenedes.com\/web\/wp-json\/wp\/v2\/tags?post=34761"}],"curies":[{"name":"wp","href":"https:\/\/api.w.org\/{rel}","templated":true}]}}