{"id":34756,"date":"2025-09-16T13:49:29","date_gmt":"2025-09-16T11:49:29","guid":{"rendered":"https:\/\/bisbalpenedes.com\/web\/?p=34756"},"modified":"2025-09-16T14:17:04","modified_gmt":"2025-09-16T12:17:04","slug":"comunicat-de-lequip-de-govern-fem-una-aposta-decidida-per-tirar-endavant-lampliacio-de-ledifici-nou-de-lescola-ull-de-vent-amb-fons-propis","status":"publish","type":"post","link":"https:\/\/bisbalpenedes.com\/web\/2025\/09\/16\/comunicat-de-lequip-de-govern-fem-una-aposta-decidida-per-tirar-endavant-lampliacio-de-ledifici-nou-de-lescola-ull-de-vent-amb-fons-propis\/","title":{"rendered":"Comunicat de l&#8217;equip de govern: &#8220;Fem una aposta decidida per tirar endavant l&#8217;ampliaci\u00f3 de l&#8217;edifici nou de l&#8217;escola Ull de Vent amb fons propis&#8221;"},"content":{"rendered":"\n<p>A la Bisbal del Pened\u00e8s tenim dos edificis escolars d&#8217;un mateix centre: l&#8217;edifici nou i l&#8217;edifici centenari. Aix\u00f2 suposa que els nens d&#8217;I3 a 3r vagin a l&#8217;edifici nou i els alumnes de 4t a 6\u00e8 de prim\u00e0ria facin classes a l&#8217;edifici centenari. Aquesta situaci\u00f3 genera dificultats tant per als alumnes com per als professors, que han de fer sortides per despla\u00e7ar-se d&#8217;un centre a l&#8217;altre, la qual cosa dificulta la gesti\u00f3 del temps i suposa problemes de coordinaci\u00f3 amb els altres mestres, aix\u00ed com dificultats per a l&#8217;\u00fas de determinades aules o material. A m\u00e9s, el menjador escolar est\u00e0 situat a l&#8217;edifici nou, amb la qual cosa l&#8217;alumnat que fa 4t, 5\u00e8 o 6\u00e8 i utilitza aquest servei ha de traslladar-se a l&#8217;altre centre, cada migdia, per poder dinar. Tamb\u00e9 hi ha molts casos en qu\u00e8 els infants d&#8217;una mateixa fam\u00edlia van a edificis diferents i, aix\u00f2, tamb\u00e9 suposa una dificultat a l&#8217;hora de portar-los o anar-los a buscar a l&#8217;escola.<\/p>\n\n\n\n<p>Durant molts anys hem estat reclamant a la Conselleria d&#8217;Ensenyament que ampli\u00ef l&#8217;escola, per\u00f2 sempre se&#8217;ns ha transm\u00e8s que hi ha altres prioritats m\u00e9s necess\u00e0ries o urgents. Per tot aix\u00f2, hem decidit tirar endavant aquesta ampliaci\u00f3 des de l&#8217;Ajuntament. Tant la Regidoria d&#8217;Ensenyament com la resta de l&#8217;equip de govern estem en contacte permanent amb el Departament d&#8217;Ensenyament i li hem traslladat la proposta de tirar endavant l&#8217;ampliaci\u00f3 amb fons municipals, la qual ha estat acceptada. Per fer-ho, treballarem amb la Conselleria d&#8217;Ensenyament.<\/p>\n\n\n\n<p>La setmana passada vam fer una reuni\u00f3, a Barcelona, per posar fil a l&#8217;agulla a tota la part legal i normativa i poder fer d&#8217;aquesta necessitat una realitat, ja que la recent aprovaci\u00f3 del <em>Decret llei 13\/2025, d&#8217;1 de juliol, pel qual s&#8217;adopten mesures urgents en mat\u00e8ria d&#8217;escolaritzaci\u00f3 a partir del curs 2025-2026<\/em> inclou la modificaci\u00f3 de <em>l&#8217;article 164 de la Llei 12\/2019 de 10 de juliol d&#8217;educaci\u00f3,<\/em> que permet que l&#8217;Ajuntament pugui col\u00b7laborar amb l&#8217;aportaci\u00f3 de recursos propis en la realitzaci\u00f3 d&#8217;obres de reforma, ampliaci\u00f3, adequaci\u00f3 i millora dels centres educatius p\u00fablics.<\/p>\n\n\n\n<p>Quant als terrenys, n&#8217;hi ha una part que s\u00f3n municipals i hem previst l&#8217;adquisici\u00f3 dels terrenys que no ho s\u00f3n. Pel que fa al finan\u00e7ament, preveiem finan\u00e7ar aquest projecte i les obres necess\u00e0ries per tirar endavant aquesta ampliaci\u00f3 amb els fons que l&#8217;Ajuntament obtindr\u00e0 de la urbanitzaci\u00f3 del futur parc empresarial Les Planes del Vent. Des de l&#8217;equip de govern fem una aposta ferma per l&#8217;educaci\u00f3 i per millorar el nostre municipi i la qualitat de vida dels professionals de l&#8217;escola, els alumnes i les fam\u00edlies.<\/p>\n\n\n\n<p><sub>Foto: Ra\u00fal Gallego<\/sub><\/p>\n\n\n\n<p><sub>A la foto, d&#8217;esquerra a dreta: Agn\u00e8s Ferr\u00e9, alcaldessa de la Bisbal del Pened\u00e8s i Daniel Caballero, regidor d&#8217;Ensenyament.<\/sub><\/p>\n\n\n\n<hr class=\"wp-block-separator has-alpha-channel-opacity\"\/>\n\n\n\n<p><strong>Comunicado del equipo de gobierno: &#8220;Hacemos una apuesta decidida por sacar adelante la ampliaci\u00f3n del edificio nuevo de la escuela Ull de Vent con fondos propios<\/strong>&#8220;<\/p>\n\n\n\n<p>En la Bisbal del Pened\u00e8s tenemos dos edificios escolares de un mismo centro: el edificio nuevo y el edificio centenario. Esto supone que los ni\u00f1os de I3 a 3\u00ba vayan al edificio nuevo y los alumnos de 4\u00ba a 6\u00ba de primaria hagan clase en el edificio centenario. Esta situaci\u00f3n genera dificultades tanto para los alumnos como para los profesores, que tienen que hacer salidas para desplazarse de un centro al otro, la cual cosa dificulta la gesti\u00f3n del tiempo y supone problemas de coordinaci\u00f3n con los otros maestros, as\u00ed como dificultades para el uso de determinadas aulas o material. Adem\u00e1s, el comedor escolar est\u00e1 situado en el edificio nuevo, con lo cual el alumnado que cursa 4\u00ba, 5\u00ba o 6\u00ba y utiliza este servicio tiene que trasladarse al otro centro, cada mediod\u00eda, para poder comer. Tambi\u00e9n hay muchos casos en los que los ni\u00f1os de una misma familia van a edificios diferentes y esto tambi\u00e9n supone una dificultad a la hora de llevarlos o irlos a buscar a la escuela.<\/p>\n\n\n\n<p>Durante muchos a\u00f1os hemos estado reclamando a la Conselleria d&#8217;Ensenyament que ampl\u00ede la escuela, pero siempre se nos ha transmitido que hay otras prioridades m\u00e1s necesarias o urgentes. Por todo ello, hemos decidido sacar adelante esta ampliaci\u00f3n desde el Ayuntamiento. Tanto la Concejal\u00eda de Educaci\u00f3n como el resto del equipo de gobierno estamos en contacto permanente con el Departament d&#8217;Ensenyament y le hemos trasladado la propuesta de sacar adelante la ampliaci\u00f3n con fondos municipales, la cual ha sido aceptada. Para hacerlo, trabajaremos con la Conselleria d&#8217;Ensenyament.<\/p>\n\n\n\n<p>La semana pasada tuvimos una reuni\u00f3n, en Barcelona, para poner en marcha toda la parte legal y normativa y poder hacer de esta necesidad una realidad, ya que la reciente aprobaci\u00f3n del <em>Decreto ley 13\/2025, de 1 de julio, por el cual se adoptan medidas urgentes en materia de escolarizaci\u00f3n a partir del curso 2025-2026<\/em> incluye la modificaci\u00f3n del <em>art\u00edculo 164 de la Ley 12\/2019 de 10 de julio de educaci\u00f3n,<\/em> que permite que el Ayuntamiento pueda colaborar con la aportaci\u00f3n de recursos propios en la realizaci\u00f3n de obras de reforma, ampliaci\u00f3n, adecuaci\u00f3n y mejora de los centros educativos p\u00fablicos.<\/p>\n\n\n\n<p>En cuanto a los terrenos, hay una parte que son municipales y hemos previsto la adquisici\u00f3n de los terrenos que no lo son. Por lo que se refiere a la financiaci\u00f3n, prevemos financiar este proyecto y las obras necesarias para sacar adelante esta ampliaci\u00f3n con los fondos que el Ayuntamiento obtendr\u00e1 de la urbanizaci\u00f3n del futuro parque empresarial Les Planes del Vent.<\/p>\n\n\n\n<p>Desde el equipo de gobierno hacemos una apuesta firme por la educaci\u00f3n y por mejorar nuestro municipio y la calidad de vida de los profesionales de la escuela, los alumnos y las familias.<\/p>\n\n\n\n<p><\/p>\n","protected":false},"excerpt":{"rendered":"<p>A la Bisbal del Pened\u00e8s tenim dos edificis escolars d&#8217;un mateix centre: l&#8217;edifici nou i l&#8217;edifici centenari. Aix\u00f2 suposa que els nens d&#8217;I3 a 3r vagin a l&#8217;edifici nou i &hellip; <a href=\"https:\/\/bisbalpenedes.com\/web\/2025\/09\/16\/comunicat-de-lequip-de-govern-fem-una-aposta-decidida-per-tirar-endavant-lampliacio-de-ledifici-nou-de-lescola-ull-de-vent-amb-fons-propis\/\" class=\"more-link\">Read More<\/a><\/p>\n","protected":false},"author":4,"featured_media":34759,"comment_status":"closed","ping_status":"closed","sticky":false,"template":"","format":"standard","meta":[],"categories":[2057,3456,2377,8],"tags":[7173,862,65,337],"_links":{"self":[{"href":"https:\/\/bisbalpenedes.com\/web\/wp-json\/wp\/v2\/posts\/34756"}],"collection":[{"href":"https:\/\/bisbalpenedes.com\/web\/wp-json\/wp\/v2\/posts"}],"about":[{"href":"https:\/\/bisbalpenedes.com\/web\/wp-json\/wp\/v2\/types\/post"}],"author":[{"embeddable":true,"href":"https:\/\/bisbalpenedes.com\/web\/wp-json\/wp\/v2\/users\/4"}],"replies":[{"embeddable":true,"href":"https:\/\/bisbalpenedes.com\/web\/wp-json\/wp\/v2\/comments?post=34756"}],"version-history":[{"count":4,"href":"https:\/\/bisbalpenedes.com\/web\/wp-json\/wp\/v2\/posts\/34756\/revisions"}],"predecessor-version":[{"id":34767,"href":"https:\/\/bisbalpenedes.com\/web\/wp-json\/wp\/v2\/posts\/34756\/revisions\/34767"}],"wp:featuredmedia":[{"embeddable":true,"href":"https:\/\/bisbalpenedes.com\/web\/wp-json\/wp\/v2\/media\/34759"}],"wp:attachment":[{"href":"https:\/\/bisbalpenedes.com\/web\/wp-json\/wp\/v2\/media?parent=34756"}],"wp:term":[{"taxonomy":"category","embeddable":true,"href":"https:\/\/bisbalpenedes.com\/web\/wp-json\/wp\/v2\/categories?post=34756"},{"taxonomy":"post_tag","embeddable":true,"href":"https:\/\/bisbalpenedes.com\/web\/wp-json\/wp\/v2\/tags?post=34756"}],"curies":[{"name":"wp","href":"https:\/\/api.w.org\/{rel}","templated":true}]}}