{"id":34753,"date":"2025-09-15T19:26:32","date_gmt":"2025-09-15T17:26:32","guid":{"rendered":"https:\/\/bisbalpenedes.com\/web\/?p=34753"},"modified":"2025-09-15T19:26:32","modified_gmt":"2025-09-15T17:26:32","slug":"nou-horari-del-consultori-medic-amb-ampliacio-de-les-hores-de-metge-al-mati","status":"publish","type":"post","link":"https:\/\/bisbalpenedes.com\/web\/2025\/09\/15\/nou-horari-del-consultori-medic-amb-ampliacio-de-les-hores-de-metge-al-mati\/","title":{"rendered":"<a><strong>Nou horari del consultori m\u00e8dic amb ampliaci\u00f3 de les hores de metge al mat\u00ed<\/strong><\/a>"},"content":{"rendered":"\n<p>Des de la Regidoria de Sanitat us fem saber que, despr\u00e9s de diverses converses amb la Xarxa Sanit\u00e0ria Santa Tecla, hem aconseguit una ampliaci\u00f3 de les hores de visitaci\u00f3 m\u00e8dica al consultori m\u00e8dic de la Bisbal, durant els matins, amb el Dr. Bola\u00f1os. Des d&#8217;avui dilluns 15 de setembre, l&#8217;horari de visites del consultori m\u00e8dic de la Bisbal del Pened\u00e8s ser\u00e0 el seg\u00fcent:<\/p>\n\n\n\n<p><strong>MATINS<\/strong><br>De dilluns a divendres de 9h a 13h visitar\u00e0 la Dra. Maria Alba Arenas<br>Els dimarts i dijous, de 9h a 13h, visitar\u00e0 el Dr. Bola\u00f1os<\/p>\n\n\n\n<p><strong>TARDES<\/strong><br>Els dilluns i dimecres, de 15h a 20h, visitar\u00e0 el Dr. Bola\u00f1os.<\/p>\n\n\n\n<hr class=\"wp-block-separator has-alpha-channel-opacity\"\/>\n\n\n\n<h2><strong>Nuevo horario del consultorio m\u00e9dico con ampliaci\u00f3n de las horas de m\u00e9dico por la ma\u00f1ana<\/strong><\/h2>\n\n\n\n<p>Desde la Concejal\u00eda de Sanidad os hacemos saber que, tras diversas conversaciones con la Xarxa Sanit\u00e0ria Santa Tecla, hemos conseguido una ampliaci\u00f3n de las horas de consulta m\u00e9dica en el consultorio m\u00e9dico de la Bisbal, durante las ma\u00f1anas, con el Dr. Bola\u00f1os. Desde hoy lunes 15 de septiembre, el horario de consultas del consultorio m\u00e9dico de la Bisbal del Pened\u00e8s ser\u00e1 el siguiente:<\/p>\n\n\n\n<p><strong>MA\u00d1ANAS<\/strong><br>De lunes a viernes de 9h a 13h visitar\u00e1 la Dra. Maria Alba Arenas<br>Los martes y jueves, de 9h a 13h, visitar\u00e1 el Dr. Bola\u00f1os<\/p>\n\n\n\n<p><strong>TARDES<\/strong><br>Los lunes y mi\u00e9rcoles, de 15h a 20h, visitar\u00e1 el Dr. Bola\u00f1os.<\/p>\n","protected":false},"excerpt":{"rendered":"<p>Des de la Regidoria de Sanitat us fem saber que, despr\u00e9s de diverses converses amb la Xarxa Sanit\u00e0ria Santa Tecla, hem aconseguit una ampliaci\u00f3 de les hores de visitaci\u00f3 m\u00e8dica &hellip; <a href=\"https:\/\/bisbalpenedes.com\/web\/2025\/09\/15\/nou-horari-del-consultori-medic-amb-ampliacio-de-les-hores-de-metge-al-mati\/\" class=\"more-link\">Read More<\/a><\/p>\n","protected":false},"author":4,"featured_media":31150,"comment_status":"closed","ping_status":"closed","sticky":false,"template":"","format":"standard","meta":[],"categories":[8,14],"tags":[459,784,393],"_links":{"self":[{"href":"https:\/\/bisbalpenedes.com\/web\/wp-json\/wp\/v2\/posts\/34753"}],"collection":[{"href":"https:\/\/bisbalpenedes.com\/web\/wp-json\/wp\/v2\/posts"}],"about":[{"href":"https:\/\/bisbalpenedes.com\/web\/wp-json\/wp\/v2\/types\/post"}],"author":[{"embeddable":true,"href":"https:\/\/bisbalpenedes.com\/web\/wp-json\/wp\/v2\/users\/4"}],"replies":[{"embeddable":true,"href":"https:\/\/bisbalpenedes.com\/web\/wp-json\/wp\/v2\/comments?post=34753"}],"version-history":[{"count":1,"href":"https:\/\/bisbalpenedes.com\/web\/wp-json\/wp\/v2\/posts\/34753\/revisions"}],"predecessor-version":[{"id":34754,"href":"https:\/\/bisbalpenedes.com\/web\/wp-json\/wp\/v2\/posts\/34753\/revisions\/34754"}],"wp:featuredmedia":[{"embeddable":true,"href":"https:\/\/bisbalpenedes.com\/web\/wp-json\/wp\/v2\/media\/31150"}],"wp:attachment":[{"href":"https:\/\/bisbalpenedes.com\/web\/wp-json\/wp\/v2\/media?parent=34753"}],"wp:term":[{"taxonomy":"category","embeddable":true,"href":"https:\/\/bisbalpenedes.com\/web\/wp-json\/wp\/v2\/categories?post=34753"},{"taxonomy":"post_tag","embeddable":true,"href":"https:\/\/bisbalpenedes.com\/web\/wp-json\/wp\/v2\/tags?post=34753"}],"curies":[{"name":"wp","href":"https:\/\/api.w.org\/{rel}","templated":true}]}}