{"id":34746,"date":"2025-09-15T08:32:01","date_gmt":"2025-09-15T06:32:01","guid":{"rendered":"https:\/\/bisbalpenedes.com\/web\/?p=34746"},"modified":"2025-09-15T08:32:51","modified_gmt":"2025-09-15T06:32:51","slug":"comenca-el-termini-de-presentacio-de-propostes-dempreses-per-al-servei-de-casal-destiu-i-casal-de-nadal","status":"publish","type":"post","link":"https:\/\/bisbalpenedes.com\/web\/2025\/09\/15\/comenca-el-termini-de-presentacio-de-propostes-dempreses-per-al-servei-de-casal-destiu-i-casal-de-nadal\/","title":{"rendered":"Comen\u00e7a el termini de presentaci\u00f3 de propostes d\u2019empreses per al servei de Casal d\u2019estiu i Casal de Nadal"},"content":{"rendered":"\n<p>L\u2019Ajuntament de la Bisbal del Pened\u00e8s informa que s\u2019ha obert el termini perqu\u00e8 les empreses puguin presentar les seves propostes a la licitaci\u00f3 del servei de Casal d\u2019estiu i de Casal de Nadal. L\u2019import anual de la licitaci\u00f3 ascendeix a 39.497,30\u20ac (IVA incl\u00f2s) i s\u2019hi poden presentar propostes fins al 25 de setembre a les 14h.<\/p>\n\n\n\n<p>Podeu ampliar la informaci\u00f3 a l&#8217;enlla\u00e7: <a href=\"https:\/\/contractaciopublica.cat\/ca\/detall-publicacio\/300547363\" target=\"_blank\" rel=\"noreferrer noopener\">https:\/\/contractaciopublica.cat\/ca\/detall-publicacio\/300547363<\/a><\/p>\n\n\n\n<hr class=\"wp-block-separator has-alpha-channel-opacity\"\/>\n\n\n\n<p><strong>CASTELLANO |&nbsp;<\/strong>El Ajuntament de la Bisbal del Pened\u00e8s informa que se ha abierto el plazo para que las empresas puedan presentar sus propuestas a la licitaci\u00f3n del servicio de Casal de verano y de Casal de Navidad. El importe anual de la licitaci\u00f3n asciende a 39.497,30\u20ac (IVA incluido) y se pueden presentar propuestas hasta el 25 de septiembre a las 14h.<\/p>\n\n\n\n<p>Pod\u00e9is ampliar la informaci\u00f3n en el enlace: <a href=\"https:\/\/contractaciopublica.cat\/ca\/detall-publicacio\/300547363\">https:\/\/contractaciopublica.cat\/ca\/detall-publicacio\/300547363<\/a><\/p>\n","protected":false},"excerpt":{"rendered":"<p>L\u2019Ajuntament de la Bisbal del Pened\u00e8s informa que s\u2019ha obert el termini perqu\u00e8 les empreses puguin presentar les seves propostes a la licitaci\u00f3 del servei de Casal d\u2019estiu i de &hellip; <a href=\"https:\/\/bisbalpenedes.com\/web\/2025\/09\/15\/comenca-el-termini-de-presentacio-de-propostes-dempreses-per-al-servei-de-casal-destiu-i-casal-de-nadal\/\" class=\"more-link\">Read More<\/a><\/p>\n","protected":false},"author":4,"featured_media":34749,"comment_status":"closed","ping_status":"closed","sticky":false,"template":"","format":"standard","meta":[],"categories":[398,8],"tags":[],"_links":{"self":[{"href":"https:\/\/bisbalpenedes.com\/web\/wp-json\/wp\/v2\/posts\/34746"}],"collection":[{"href":"https:\/\/bisbalpenedes.com\/web\/wp-json\/wp\/v2\/posts"}],"about":[{"href":"https:\/\/bisbalpenedes.com\/web\/wp-json\/wp\/v2\/types\/post"}],"author":[{"embeddable":true,"href":"https:\/\/bisbalpenedes.com\/web\/wp-json\/wp\/v2\/users\/4"}],"replies":[{"embeddable":true,"href":"https:\/\/bisbalpenedes.com\/web\/wp-json\/wp\/v2\/comments?post=34746"}],"version-history":[{"count":2,"href":"https:\/\/bisbalpenedes.com\/web\/wp-json\/wp\/v2\/posts\/34746\/revisions"}],"predecessor-version":[{"id":34748,"href":"https:\/\/bisbalpenedes.com\/web\/wp-json\/wp\/v2\/posts\/34746\/revisions\/34748"}],"wp:featuredmedia":[{"embeddable":true,"href":"https:\/\/bisbalpenedes.com\/web\/wp-json\/wp\/v2\/media\/34749"}],"wp:attachment":[{"href":"https:\/\/bisbalpenedes.com\/web\/wp-json\/wp\/v2\/media?parent=34746"}],"wp:term":[{"taxonomy":"category","embeddable":true,"href":"https:\/\/bisbalpenedes.com\/web\/wp-json\/wp\/v2\/categories?post=34746"},{"taxonomy":"post_tag","embeddable":true,"href":"https:\/\/bisbalpenedes.com\/web\/wp-json\/wp\/v2\/tags?post=34746"}],"curies":[{"name":"wp","href":"https:\/\/api.w.org\/{rel}","templated":true}]}}