{"id":34727,"date":"2025-09-12T13:05:31","date_gmt":"2025-09-12T11:05:31","guid":{"rendered":"https:\/\/bisbalpenedes.com\/web\/?p=34727"},"modified":"2025-09-12T14:52:35","modified_gmt":"2025-09-12T12:52:35","slug":"el-diumenge-28-de-setembre-torna-el-cicle-gaudi-amb-la-pellicula-la-furia","status":"publish","type":"post","link":"https:\/\/bisbalpenedes.com\/web\/2025\/09\/12\/el-diumenge-28-de-setembre-torna-el-cicle-gaudi-amb-la-pellicula-la-furia\/","title":{"rendered":"<strong>El diumenge 28 de setembre torna el Cicle Gaud\u00ed amb la pel\u00b7l\u00edcula &#8216;La F\u00faria&#8217;<\/strong>"},"content":{"rendered":"\n<p>El dissabte 28 de setembre, a les&nbsp;19h, podreu veure la pel\u00b7l\u00edcula&nbsp;&#8220;La F\u00faria&#8221;&nbsp;a l\u2019auditori del&nbsp;CMC, en el marc del&nbsp;Cicle Gaud\u00ed&nbsp;de cinema catal\u00e0. La taquilla ser\u00e0 gestionada pels Geganters i Grallers de la Societat.<\/p>\n\n\n\n<p><strong>SINOPSI<\/strong><\/p>\n\n\n\n<p>L&#8217;\u00c0lex, una jove actriu, \u00e9s violada en una festa de Cap d&#8217;Any i no reconeix el seu agressor. Quan recorre al seu germ\u00e0 a la recerca de refugi i comprensi\u00f3, aquest reacciona q\u00fcestionant-la i pressionant-la. Durant un any, la noia viu tota sola el f\u00e0stic, la vergonya i la culpa, mentre troba al teatre i en el venjatiu personatge de Medea l&#8217;\u00fanica manera de canalitzar el seu dolor.<\/p>\n\n\n\n<p>&#8216;La F\u00faria&#8217; \u00e9s un drama visceral sobre la viol\u00e8ncia sexual, on la ira descarnada de la protagonista creix a foc lent. La pel\u00b7l\u00edcula la protagonitza \u00c0ngela Cervantes, guanyadora de la Biznaga de Plata a la millor actriu al Festival de M\u00e0laga.<\/p>\n\n\n\n<p><strong>FITXA T\u00c8CNICA<\/strong><\/p>\n\n\n\n<p><strong>Direcci\u00f3:<\/strong>&nbsp;Gemma Blasco<\/p>\n\n\n\n<p><strong>Productora:<\/strong>&nbsp;RM Pel\u00edcula, A.I.E. Ringo Media<\/p>\n\n\n\n<p><strong>Estrena:&nbsp;<\/strong>28 de mar\u00e7 de 2025<\/p>\n\n\n\n<p><strong>Durada:<\/strong>&nbsp;107 min.<\/p>\n\n\n\n<p><strong>Gui\u00f3:&nbsp;<\/strong>Gemma Blasco, Eva Paun\u00e9<\/p>\n\n\n\n<p><strong>G\u00e8nere:&nbsp;<\/strong>Drama<\/p>\n\n\n\n<p><strong>Qualificaci\u00f3:&nbsp;<\/strong>No recomanada per a menors de 16 anys<\/p>\n\n\n\n<p><strong>Versi\u00f3:&nbsp;<\/strong>Original en catal\u00e0 i castell\u00e0<\/p>\n\n\n\n<p><strong>Int\u00e8rprets:<\/strong>&nbsp;Ana Torrent, \u00c0ngela Cervantes, \u00c0lex Monner, Carla Linares, Eli Iranzo, Pau Escobar, Salim Tamoud<\/p>\n\n\n\n<p>Com \u00e9s habitual, el preu de l\u2019entrada ser\u00e0 de&nbsp;4,5\u20ac&nbsp;(general) i&nbsp;3\u20ac&nbsp;per als espectadors que presentin el carnet de la&nbsp;Biblioteca p\u00fablica de la Bisbal del Pened\u00e8s. Els beneficis es destinaran a l\u2019entitat que gestioni la taquilla abans de la projecci\u00f3.<\/p>\n\n\n\n<figure class=\"wp-block-embed is-type-video is-provider-youtube wp-block-embed-youtube wp-embed-aspect-16-9 wp-has-aspect-ratio\"><div class=\"wp-block-embed__wrapper\">\n<iframe loading=\"lazy\" title=\"Cicle Gaud\u00ed: &quot;La Furia&quot;\" width=\"1170\" height=\"658\" src=\"https:\/\/www.youtube.com\/embed\/Iyke9Cv62WE?feature=oembed\" frameborder=\"0\" allow=\"accelerometer; autoplay; clipboard-write; encrypted-media; gyroscope; picture-in-picture; web-share\" referrerpolicy=\"strict-origin-when-cross-origin\" allowfullscreen><\/iframe>\n<\/div><\/figure>\n\n\n\n<hr class=\"wp-block-separator has-alpha-channel-opacity\"\/>\n\n\n\n<figure class=\"wp-block-image size-large\"><img loading=\"lazy\" width=\"724\" height=\"1024\" src=\"https:\/\/bisbalpenedes.com\/web\/wp-content\/uploads\/2025\/09\/VISUAL_A3_LAFURIA_LA_BISBAL_PENEDES-724x1024.jpg\" alt=\"\" class=\"wp-image-34728\" srcset=\"https:\/\/bisbalpenedes.com\/web\/wp-content\/uploads\/2025\/09\/VISUAL_A3_LAFURIA_LA_BISBAL_PENEDES-724x1024.jpg 724w, https:\/\/bisbalpenedes.com\/web\/wp-content\/uploads\/2025\/09\/VISUAL_A3_LAFURIA_LA_BISBAL_PENEDES-212x300.jpg 212w, https:\/\/bisbalpenedes.com\/web\/wp-content\/uploads\/2025\/09\/VISUAL_A3_LAFURIA_LA_BISBAL_PENEDES-768x1086.jpg 768w, https:\/\/bisbalpenedes.com\/web\/wp-content\/uploads\/2025\/09\/VISUAL_A3_LAFURIA_LA_BISBAL_PENEDES-1086x1536.jpg 1086w, https:\/\/bisbalpenedes.com\/web\/wp-content\/uploads\/2025\/09\/VISUAL_A3_LAFURIA_LA_BISBAL_PENEDES-600x848.jpg 600w, https:\/\/bisbalpenedes.com\/web\/wp-content\/uploads\/2025\/09\/VISUAL_A3_LAFURIA_LA_BISBAL_PENEDES.jpg 1123w\" sizes=\"(max-width: 724px) 100vw, 724px\" \/><\/figure>\n\n\n\n<p><strong>El domingo 28 de septiembre vuelve el Ciclo Gaud\u00ed con la pel\u00edcula &#8216;La Furia&#8217;<\/strong><\/p>\n\n\n\n<p>El s\u00e1bado 28 de septiembre, a las 19h, podr\u00e9is ver la pel\u00edcula &#8220;La Furia&#8221; en el auditorio del CMC, en el marco del Cicle Gaud\u00ed de cinema catal\u00e0. La taquilla ser\u00e1 gestionada por los Geganters i Grallers de la Societat.<\/p>\n\n\n\n<p><strong>SINOPSIS<\/strong><\/p>\n\n\n\n<p>\u00c0lex, una joven actriz, es violada en una fiesta de Nochevieja y no reconoce a su agresor. Cuando recurre a su hermano en busca de refugio y comprensi\u00f3n, este reacciona cuestion\u00e1ndola y presion\u00e1ndola. Durante un a\u00f1o, la chica vive completamente sola el asco, la verg\u00fcenza y la culpa, mientras encuentra en el teatro y en el vengativo personaje de Medea la \u00fanica manera de canalizar su dolor.<\/p>\n\n\n\n<p>&#8216;La Furia&#8217; es un drama visceral sobre la violencia sexual, donde la ira descarnada de la protagonista crece a fuego lento. La pel\u00edcula est\u00e1 protagonizada por \u00c0ngela Cervantes, ganadora de la Biznaga de Plata a la mejor actriz en el Festival de M\u00e1laga.<\/p>\n\n\n\n<p><strong>FICHA T\u00c9CNICA<\/strong><\/p>\n\n\n\n<p><strong>Direcci\u00f3n:<\/strong> Gemma Blasco<\/p>\n\n\n\n<p><strong>Productora:<\/strong> RM Pel\u00edcula, A.I.E. Ringo Media<\/p>\n\n\n\n<p><strong>Estreno:<\/strong> 28 de marzo de 2025<\/p>\n\n\n\n<p><strong>Duraci\u00f3n:<\/strong> 107 min.<\/p>\n\n\n\n<p><strong>Gui\u00f3n:<\/strong> Gemma Blasco, Eva Paun\u00e9<\/p>\n\n\n\n<p><strong>G\u00e9nero:<\/strong> Drama<\/p>\n\n\n\n<p><strong>Calificaci\u00f3n<\/strong>: No recomendada para menores de 16 a\u00f1os<\/p>\n\n\n\n<p><strong>Versi\u00f3n: <\/strong>Original en catal\u00e1n y castellano<\/p>\n\n\n\n<p><strong>Int\u00e9rpretes:<\/strong> Ana Torrent, \u00c0ngela Cervantes, \u00c0lex Monner, Carla Linares, Eli Iranzo, Pau Escobar, Salim Tamoud<\/p>\n\n\n\n<p>Como es habitual, el precio de la entrada ser\u00e1 de 4,5\u20ac (general) y 3\u20ac para los espectadores que presenten el carn\u00e9 de la Biblioteca p\u00fablica de la Bisbal del Pened\u00e8s. Los beneficios se destinar\u00e1n a la entidad que gestione la taquilla antes de la proyecci\u00f3n.<\/p>\n","protected":false},"excerpt":{"rendered":"<p>El dissabte 28 de setembre, a les&nbsp;19h, podreu veure la pel\u00b7l\u00edcula&nbsp;&#8220;La F\u00faria&#8221;&nbsp;a l\u2019auditori del&nbsp;CMC, en el marc del&nbsp;Cicle Gaud\u00ed&nbsp;de cinema catal\u00e0. La taquilla ser\u00e0 gestionada pels Geganters i Grallers de &hellip; <a href=\"https:\/\/bisbalpenedes.com\/web\/2025\/09\/12\/el-diumenge-28-de-setembre-torna-el-cicle-gaudi-amb-la-pellicula-la-furia\/\" class=\"more-link\">Read More<\/a><\/p>\n","protected":false},"author":4,"featured_media":34740,"comment_status":"closed","ping_status":"closed","sticky":false,"template":"","format":"standard","meta":[],"categories":[13,8],"tags":[308,813,307,393,7172],"_links":{"self":[{"href":"https:\/\/bisbalpenedes.com\/web\/wp-json\/wp\/v2\/posts\/34727"}],"collection":[{"href":"https:\/\/bisbalpenedes.com\/web\/wp-json\/wp\/v2\/posts"}],"about":[{"href":"https:\/\/bisbalpenedes.com\/web\/wp-json\/wp\/v2\/types\/post"}],"author":[{"embeddable":true,"href":"https:\/\/bisbalpenedes.com\/web\/wp-json\/wp\/v2\/users\/4"}],"replies":[{"embeddable":true,"href":"https:\/\/bisbalpenedes.com\/web\/wp-json\/wp\/v2\/comments?post=34727"}],"version-history":[{"count":3,"href":"https:\/\/bisbalpenedes.com\/web\/wp-json\/wp\/v2\/posts\/34727\/revisions"}],"predecessor-version":[{"id":34741,"href":"https:\/\/bisbalpenedes.com\/web\/wp-json\/wp\/v2\/posts\/34727\/revisions\/34741"}],"wp:featuredmedia":[{"embeddable":true,"href":"https:\/\/bisbalpenedes.com\/web\/wp-json\/wp\/v2\/media\/34740"}],"wp:attachment":[{"href":"https:\/\/bisbalpenedes.com\/web\/wp-json\/wp\/v2\/media?parent=34727"}],"wp:term":[{"taxonomy":"category","embeddable":true,"href":"https:\/\/bisbalpenedes.com\/web\/wp-json\/wp\/v2\/categories?post=34727"},{"taxonomy":"post_tag","embeddable":true,"href":"https:\/\/bisbalpenedes.com\/web\/wp-json\/wp\/v2\/tags?post=34727"}],"curies":[{"name":"wp","href":"https:\/\/api.w.org\/{rel}","templated":true}]}}