{"id":34723,"date":"2025-09-12T12:50:52","date_gmt":"2025-09-12T10:50:52","guid":{"rendered":"https:\/\/bisbalpenedes.com\/web\/?p=34723"},"modified":"2025-09-12T12:51:40","modified_gmt":"2025-09-12T10:51:40","slug":"la-biblioteca-romandra-tancada-del-15-al-26-de-setembre","status":"publish","type":"post","link":"https:\/\/bisbalpenedes.com\/web\/2025\/09\/12\/la-biblioteca-romandra-tancada-del-15-al-26-de-setembre\/","title":{"rendered":"La Biblioteca romandr\u00e0 tancada fins al 26 de setembre"},"content":{"rendered":"\n<p>La Biblioteca p\u00fablica de la Bisbal del Pened\u00e8s romandr\u00e0 tancada del 15 al 26 de setembre. Durant aquest per\u00edode, el CMC continuar\u00e0 obert, aix\u00ed com l&#8217;espai wifi. Tamb\u00e9 podreu dipositar els retorns a la b\u00fastia de devolucions.<\/p>\n\n\n\n<p>Us demanem disculpes per les mol\u00e8sties. La biblioteca us espera a partir del dia 29 amb novetats i ganes d&#8217;afrontar un final d&#8217;any ple d&#8217;activitats i propostes!<\/p>\n\n\n\n<hr class=\"wp-block-separator has-alpha-channel-opacity\"\/>\n\n\n\n<p>La Biblioteca p\u00fablica de la Bisbal del Pened\u00e8s permanecer\u00e1 cerrada del 15 al 26 de septiembre. Durante este per\u00edodo, el CMC continuar\u00e1 abierto, as\u00ed como el espacio wifi. Tambi\u00e9n podr\u00e9is depositar las devoluciones en el buz\u00f3n de devoluciones.<\/p>\n\n\n\n<p>Os pedimos disculpas por las molestias. \u00a1La biblioteca os espera a partir del d\u00eda 29 con novedades y ganas de afrontar un final de a\u00f1o lleno de actividades y propuestas!<\/p>\n\n\n\n<p><\/p>\n","protected":false},"excerpt":{"rendered":"<p>La Biblioteca p\u00fablica de la Bisbal del Pened\u00e8s romandr\u00e0 tancada del 15 al 26 de setembre. Durant aquest per\u00edode, el CMC continuar\u00e0 obert, aix\u00ed com l&#8217;espai wifi. Tamb\u00e9 podreu dipositar &hellip; <a href=\"https:\/\/bisbalpenedes.com\/web\/2025\/09\/12\/la-biblioteca-romandra-tancada-del-15-al-26-de-setembre\/\" class=\"more-link\">Read More<\/a><\/p>\n","protected":false},"author":4,"featured_media":34724,"comment_status":"closed","ping_status":"closed","sticky":false,"template":"","format":"standard","meta":[],"categories":[2478,13,8],"tags":[459,5773,4825,393],"_links":{"self":[{"href":"https:\/\/bisbalpenedes.com\/web\/wp-json\/wp\/v2\/posts\/34723"}],"collection":[{"href":"https:\/\/bisbalpenedes.com\/web\/wp-json\/wp\/v2\/posts"}],"about":[{"href":"https:\/\/bisbalpenedes.com\/web\/wp-json\/wp\/v2\/types\/post"}],"author":[{"embeddable":true,"href":"https:\/\/bisbalpenedes.com\/web\/wp-json\/wp\/v2\/users\/4"}],"replies":[{"embeddable":true,"href":"https:\/\/bisbalpenedes.com\/web\/wp-json\/wp\/v2\/comments?post=34723"}],"version-history":[{"count":2,"href":"https:\/\/bisbalpenedes.com\/web\/wp-json\/wp\/v2\/posts\/34723\/revisions"}],"predecessor-version":[{"id":34726,"href":"https:\/\/bisbalpenedes.com\/web\/wp-json\/wp\/v2\/posts\/34723\/revisions\/34726"}],"wp:featuredmedia":[{"embeddable":true,"href":"https:\/\/bisbalpenedes.com\/web\/wp-json\/wp\/v2\/media\/34724"}],"wp:attachment":[{"href":"https:\/\/bisbalpenedes.com\/web\/wp-json\/wp\/v2\/media?parent=34723"}],"wp:term":[{"taxonomy":"category","embeddable":true,"href":"https:\/\/bisbalpenedes.com\/web\/wp-json\/wp\/v2\/categories?post=34723"},{"taxonomy":"post_tag","embeddable":true,"href":"https:\/\/bisbalpenedes.com\/web\/wp-json\/wp\/v2\/tags?post=34723"}],"curies":[{"name":"wp","href":"https:\/\/api.w.org\/{rel}","templated":true}]}}