{"id":34720,"date":"2025-05-31T11:54:00","date_gmt":"2025-05-31T09:54:00","guid":{"rendered":"https:\/\/bisbalpenedes.com\/web\/?p=34720"},"modified":"2025-09-11T11:58:03","modified_gmt":"2025-09-11T09:58:03","slug":"lequip-de-govern-aprova-la-memoria-valorada-per-fer-realitat-la-proposta-mes-votada-dels-pressupostos-participatius-2024","status":"publish","type":"post","link":"https:\/\/bisbalpenedes.com\/web\/2025\/05\/31\/lequip-de-govern-aprova-la-memoria-valorada-per-fer-realitat-la-proposta-mes-votada-dels-pressupostos-participatius-2024\/","title":{"rendered":"L&#8217;equip de govern aprova la mem\u00f2ria valorada per fer realitat la proposta m\u00e9s votada dels Pressupostos Participatius 2024"},"content":{"rendered":"\n<p>Es tracta del condicionament de rutes i camins i la millora de la seva senyalitzaci\u00f3 i el cost que s&#8217;ha establert a la mem\u00f2ria ascendeix a 15.230,68\u20ac<\/p>\n\n\n\n<p>La Junta de Govern del 19 de maig va aprovar, a petici\u00f3 de les regidories de Participaci\u00f3 Ciutadana i Barris, una mem\u00f2ria valorada per a l&#8217;arranjament de camins i la seva senyalitzaci\u00f3 per un import de 15.230,68\u20ac. Es tracta d&#8217;una proposta guanyadora dels Pressupostos Participatius 2024. La mem\u00f2ria inclou:<\/p>\n\n\n\n<ul><li>Neteja, desbrossament, anivellament i condicionament del pas que comunica amb el carrer Safareigs.<\/li><li>Neteja i desbrossament de marges, anivellament, compactaci\u00f3, col\u00b7locaci\u00f3 de mallat i estesa de formig\u00f3 al cam\u00ed del darrera de la Timba, actualment de terra, amb l&#8217;objectiu de condicionar la baixada perqu\u00e8 sigui m\u00e9s segura per a la gent gran.<\/li><li>Neteja i desbrossament de cam\u00ed i marges i anivellament a la via rural de les Pubilles.<\/li><li>Senyalitzaci\u00f3 de rutes i camins amb suports de fusta i banderoles -incl\u00f2s el transport i la col\u00b7locaci\u00f3- dels camins entre el nucli i les urbanitzacions.<\/li><\/ul>\n\n\n\n<p>Aquesta va ser la proposta m\u00e9s votada dels Pressupostos Participatius 2024, amb un percentatge del 51,16% dels vots (132 vots) i s&#8217;ha d&#8217;executar durant el 2025.<\/p>\n\n\n\n<hr class=\"wp-block-separator has-alpha-channel-opacity\"\/>\n\n\n\n<h2><strong>El equipo de gobierno aprueba la memoria valorada para hacer realidad la propuesta m\u00e1s votada de los Presupuestos Participativos 2024<\/strong><\/h2>\n\n\n\n<p><strong>Se trata del acondicionamiento de rutas y caminos y la mejora de su se\u00f1alizaci\u00f3n y el coste que se ha establecido en la memoria asciende a 15.230,68\u20ac<\/strong><\/p>\n\n\n\n<p>La Junta de Gobierno del 19 de mayo aprob\u00f3, a petici\u00f3n de las concejal\u00edas de Participaci\u00f3n Ciudadana y Barrios, una memoria valorada para el arreglo de caminos y su se\u00f1alizaci\u00f3n por un importe de 15.230,68\u20ac. Se trata de una propuesta ganadora de los Presupuestos Participativos 2024.<\/p>\n\n\n\n<p>La memoria incluye: <\/p>\n\n\n\n<ul><li>Limpieza, desbroce, nivelaci\u00f3n y acondicionamiento del paso que comunica con la calle Safareigs. <\/li><li>Limpieza y desbroce de m\u00e1rgenes, nivelaci\u00f3n, compactaci\u00f3n, colocaci\u00f3n de mallado y extendido de hormig\u00f3n en el camino de detr\u00e1s de la Timba, actualmente de tierra, con el objetivo de acondicionar la bajada para que sea m\u00e1s segura para la gente mayor. <\/li><li>Limpieza y desbroce de camino y m\u00e1rgenes y nivelaci\u00f3n en la v\u00eda rural de las Pubilles. <\/li><li>Se\u00f1alizaci\u00f3n de rutas y caminos con soportes de madera y banderolas -incluido el transporte y la colocaci\u00f3n- de los caminos entre el n\u00facleo y las urbanizaciones.<\/li><\/ul>\n\n\n\n<p>Esta fue la propuesta m\u00e1s votada de los Presupuestos Participativos 2024, con un porcentaje del 51,16% de los votos (132 votos) y se debe ejecutar durante el 2025.<\/p>\n","protected":false},"excerpt":{"rendered":"<p>Es tracta del condicionament de rutes i camins i la millora de la seva senyalitzaci\u00f3 i el cost que s&#8217;ha establert a la mem\u00f2ria ascendeix a 15.230,68\u20ac La Junta de &hellip; <a href=\"https:\/\/bisbalpenedes.com\/web\/2025\/05\/31\/lequip-de-govern-aprova-la-memoria-valorada-per-fer-realitat-la-proposta-mes-votada-dels-pressupostos-participatius-2024\/\" class=\"more-link\">Read More<\/a><\/p>\n","protected":false},"author":4,"featured_media":27413,"comment_status":"closed","ping_status":"closed","sticky":false,"template":"","format":"standard","meta":[],"categories":[4287,8,6193],"tags":[459,7170,6930,393,1811,1374,980,7171],"_links":{"self":[{"href":"https:\/\/bisbalpenedes.com\/web\/wp-json\/wp\/v2\/posts\/34720"}],"collection":[{"href":"https:\/\/bisbalpenedes.com\/web\/wp-json\/wp\/v2\/posts"}],"about":[{"href":"https:\/\/bisbalpenedes.com\/web\/wp-json\/wp\/v2\/types\/post"}],"author":[{"embeddable":true,"href":"https:\/\/bisbalpenedes.com\/web\/wp-json\/wp\/v2\/users\/4"}],"replies":[{"embeddable":true,"href":"https:\/\/bisbalpenedes.com\/web\/wp-json\/wp\/v2\/comments?post=34720"}],"version-history":[{"count":1,"href":"https:\/\/bisbalpenedes.com\/web\/wp-json\/wp\/v2\/posts\/34720\/revisions"}],"predecessor-version":[{"id":34721,"href":"https:\/\/bisbalpenedes.com\/web\/wp-json\/wp\/v2\/posts\/34720\/revisions\/34721"}],"wp:featuredmedia":[{"embeddable":true,"href":"https:\/\/bisbalpenedes.com\/web\/wp-json\/wp\/v2\/media\/27413"}],"wp:attachment":[{"href":"https:\/\/bisbalpenedes.com\/web\/wp-json\/wp\/v2\/media?parent=34720"}],"wp:term":[{"taxonomy":"category","embeddable":true,"href":"https:\/\/bisbalpenedes.com\/web\/wp-json\/wp\/v2\/categories?post=34720"},{"taxonomy":"post_tag","embeddable":true,"href":"https:\/\/bisbalpenedes.com\/web\/wp-json\/wp\/v2\/tags?post=34720"}],"curies":[{"name":"wp","href":"https:\/\/api.w.org\/{rel}","templated":true}]}}