{"id":34712,"date":"2025-09-10T14:27:34","date_gmt":"2025-09-10T12:27:34","guid":{"rendered":"https:\/\/bisbalpenedes.com\/web\/?p=34712"},"modified":"2025-09-10T14:27:34","modified_gmt":"2025-09-10T12:27:34","slug":"el-proxim-dilluns-15-de-setembre-se-celebrara-el-ple-ordinari-de-lajuntament-de-la-bisbal-del-penedes-corresponent-a-aquest-trimestre","status":"publish","type":"post","link":"https:\/\/bisbalpenedes.com\/web\/2025\/09\/10\/el-proxim-dilluns-15-de-setembre-se-celebrara-el-ple-ordinari-de-lajuntament-de-la-bisbal-del-penedes-corresponent-a-aquest-trimestre\/","title":{"rendered":"<strong>El pr\u00f2xim dilluns 15 de setembre se celebrar\u00e0 el Ple ordinari de l\u2019Ajuntament de la Bisbal del Pened\u00e8s corresponent a aquest trimestre<\/strong>"},"content":{"rendered":"\n<p>El pr\u00f2xim dilluns 15 de setembre, a les 18h, se celebrar\u00e0 el Ple ordinari de l\u2019Ajuntament de la Bisbal del Pened\u00e8s corresponent a aquest trimestre. L\u2019ordre del dia inclou els punts seg\u00fcents:<strong><\/strong><\/p>\n\n\n\n<p>PART RESOLUTIVA:<\/p>\n\n\n\n<p>PUNT 1: Aprovaci\u00f3 de l\u2019acta del Ple ordinari del 16 de juny<\/p>\n\n\n\n<p>PUNT 2: Aprovaci\u00f3 de l\u2019acta del Ple extraordinari del 15 de juliol<\/p>\n\n\n\n<p>PUNT 3: Aprovaci\u00f3 de l\u2019acta del Ple extraordinari del 28 d\u2019agost<\/p>\n\n\n\n<p>PUNT 4: Aprovaci\u00f3 del compte general del 2024<\/p>\n\n\n\n<p>ACTIVITAT DE CONTROL:<\/p>\n\n\n\n<p>PUNT 5: Donar compte dels Decrets d\u2019alcaldia<\/p>\n\n\n\n<p>PUNT 6: Donar compte de les actes de Junta de Govern local<\/p>\n\n\n\n<p>PUNT 7: Donar compte de l\u2019informe d\u2019intervenci\u00f3 relatiu als drets i ingressos del 1r trimestre de 2025<\/p>\n\n\n\n<p>PUNT 8: Donar compte de l\u2019informe d\u2019intervenci\u00f3 relatiu als drets i ingressos del 2n trimestre de 2025<\/p>\n\n\n\n<p>PUNT 9: Donar compte de l\u2019informe d\u2019intervenci\u00f3 relatiu a l\u2019execuci\u00f3 del pressupost del 2n trimestre de 2025<\/p>\n\n\n\n<p>PUNT 10:&nbsp; Donar compte de l\u2019informe d\u2019intervenci\u00f3 relatiu a les despeses pendents d\u2019aplicar al pressupost del 2024<\/p>\n\n\n\n<p>PRECS I PREGUNTES<\/p>\n\n\n\n<p><strong>PRECS I PREGUNTES DE LA CIUTADANIA<\/strong><\/p>\n\n\n\n<p>Segons el ROM aprovat al Ple de l\u2019Ajuntament de la Bisbal el 19 de juny de 2017, la ciutadania pot participar en els Plens Ordinaris. Tot seguit us detallem el funcionament d\u2019aquest sup\u00f2sit:<\/p>\n\n\n\n<p>Totes les persones tenen dret a intervenir en les sessions ordin\u00e0ries del Ple en el punt de l\u2019ordre del dia de \u2018Precs i preguntes\u2019, d\u2019acord amb les prescripcions seg\u00fcents:<\/p>\n\n\n\n<p>\u00b7&nbsp;&nbsp;&nbsp;&nbsp;&nbsp;&nbsp;&nbsp;El prec o pregunta s\u2019haur\u00e0 de sol\u2022licitar a l\u2019Alcaldia:<\/p>\n\n\n\n<p>o per escrit i entrar-lo\/a al Registre General com a m\u00e0xim 24 hores abans del Ple Ordinari<\/p>\n\n\n\n<p>o Per X (abans Twitter) a @BisbalPenedes com a m\u00e0xim 24h abans del Ple Ordinari, complint el protocol d\u2019\u00fas de les xarxes socials i emprant l\u2019etiqueta&nbsp;<a href=\"https:\/\/www.facebook.com\/hashtag\/plebisbalpened%C3%A8s?__eep__=6&amp;source=feed_text&amp;epa=HASHTAG&amp;__xts__%5B0%5D=68.ARD1wXWwwlno0rOKPmoxxgSz89WYH5i8NHgdzmCY3U1GDyNswWNuLJC5R3CyiwZ8glyCklNOgb5D6-ILDBbxPeAhsZdMu8qbfllJN2mwOAG9lPX1POezHU4xpQ6CrtbSOFPuM13bcQDPXDkcT8uMdzLDRgfw5h57ESASLFFbhrUkWoxSN8IheJ2bj9-81sTG3gqQ-wPW1oTv63_qHlpWUiTPav-2exYCEXYInFYQJDcg-f8siVOv1iRTgFStQHuyX1OUlmXnMQEAJGyp0rbWxJ0DXP_c3jiScxjBnW0-ebrftvJ5rcDs6dNS_U1mdQ8lmfvzgSMIsH-xyDrOEt-i4-01nqBm&amp;__tn__=%2ANK-R\">#PleBisbalPened\u00e8s<\/a>, seguit del prec o pregunta.<\/p>\n\n\n\n<p>\u00b7&nbsp;&nbsp;&nbsp;&nbsp;&nbsp;&nbsp;&nbsp;L\u2019assumpte objecte del prec o pregunta haur\u00e0 de ser de compet\u00e8ncia municipal sobre l\u2019acci\u00f3 de govern o estar directament relacionat amb els punts inclosos a l\u2019ordre del dia.<\/p>\n\n\n\n<p>\u00b7&nbsp;&nbsp;&nbsp;&nbsp;&nbsp;&nbsp;&nbsp;Cada ciutad\u00e0\/ana pot formular un prec i una pregunta en un mateix Ple. La longitud m\u00e0xima de cada piulada \u00e9s de 140 car\u00e0cters i no es pot continuar la pregunta en un segon \u2018tweet\u2019.<\/p>\n\n\n\n<p>\u00b7&nbsp;&nbsp;&nbsp;&nbsp;&nbsp;&nbsp;&nbsp;L\u2019alcaldia podr\u00e0 no respondre si \u00e9s un assumpte sobre el qual l\u2019Ajuntament no t\u00e9 compet\u00e8ncies o si ja s\u2019ha presentat la mateixa pregunta en una altra sessi\u00f3 plen\u00e0ria en els \u00faltims 6 mesos.<\/p>\n\n\n\n<p>\u00b7&nbsp;&nbsp;&nbsp;&nbsp;&nbsp;&nbsp;&nbsp;L\u2019alcaldia comunicar\u00e0, acabat el termini m\u00e0xim de presentaci\u00f3 de preguntes, a qui vagin dirigides les preguntes o peticions sol\u2022licitades perqu\u00e8 les pugui respondre.<\/p>\n\n\n\n<p>\u00b7&nbsp;&nbsp;&nbsp;&nbsp;&nbsp;&nbsp;&nbsp;L\u2019Alcaldia llegir\u00e0 la pregunta en veu alta.<\/p>\n\n\n\n<p>\u00b7&nbsp;&nbsp;&nbsp;&nbsp;&nbsp;&nbsp;&nbsp;L\u2019alcaldia o a qui va adre\u00e7ada la pregunta, la respondr\u00e0 en la mateixa sessi\u00f3 del Ple.<\/p>\n\n\n\n<hr class=\"wp-block-separator has-alpha-channel-opacity\"\/>\n\n\n\n<h3><strong>El pr\u00f3ximo lunes 15 de septiembre se celebrar\u00e1 el Pleno ordinario del Ajuntament de la Bisbal del Pened\u00e8s correspondiente a este trimestre<\/strong><\/h3>\n\n\n\n<p>El pr\u00f3ximo lunes 15 de septiembre, a las 18h, se celebrar\u00e1 el Pleno ordinario del Ajuntament de la Bisbal del Pened\u00e8s correspondiente a este trimestre. El orden del d\u00eda incluye los puntos siguientes:<\/p>\n\n\n\n<p><strong>PARTE RESOLUTIVA:<\/strong><\/p>\n\n\n\n<p>PUNTO 1: Aprobaci\u00f3n del acta del Pleno ordinario del 16 de junio<\/p>\n\n\n\n<p>PUNTO 2: Aprobaci\u00f3n del acta del Pleno extraordinario del 15 de julio<\/p>\n\n\n\n<p>PUNTO 3: Aprobaci\u00f3n del acta del Pleno extraordinario del 28 de agosto<\/p>\n\n\n\n<p>PUNTO 4: Aprobaci\u00f3n de la cuenta general del 2024<\/p>\n\n\n\n<p><strong>ACTIVIDAD DE CONTROL:<\/strong><\/p>\n\n\n\n<p>PUNTO 5: Dar cuenta de los Decretos de alcald\u00eda<\/p>\n\n\n\n<p>PUNTO 6: Dar cuenta de las actas de Junta de Gobierno local<\/p>\n\n\n\n<p>PUNTO 7: Dar cuenta del informe de intervenci\u00f3n relativo a los derechos e ingresos del 1er trimestre de 2025<\/p>\n\n\n\n<p>PUNTO 8: Dar cuenta del informe de intervenci\u00f3n relativo a los derechos e ingresos del 2\u00ba trimestre de 2025<\/p>\n\n\n\n<p>PUNTO 9: Dar cuenta del informe de intervenci\u00f3n relativo a la ejecuci\u00f3n del presupuesto del 2\u00ba trimestre de 2025<\/p>\n\n\n\n<p>PUNTO 10: Dar cuenta del informe de intervenci\u00f3n relativo a los gastos pendientes de aplicar al presupuesto del 2024<\/p>\n\n\n\n<p><strong>RUEGOS Y PREGUNTAS<\/strong><\/p>\n\n\n\n<p><strong>RUEGOS Y PREGUNTAS DE LA CIUDADAN\u00cdA<\/strong><\/p>\n\n\n\n<p>Seg\u00fan el ROM aprobado en el Pleno del Ajuntament de la Bisbal el 19 de junio de 2017, la ciudadan\u00eda puede participar en los Plenos Ordinarios. A continuaci\u00f3n os detallamos el funcionamiento de este supuesto:<\/p>\n\n\n\n<p>Todas las personas tienen derecho a intervenir en las sesiones ordinarias del Pleno en el punto del orden del d\u00eda de &#8216;Ruegos y preguntas&#8217;, de acuerdo con las prescripciones siguientes:<\/p>\n\n\n\n<p>\u2022 El ruego o pregunta se deber\u00e1 solicitar a la Alcald\u00eda:<\/p>\n\n\n\n<ul><li>Por escrito y registrarlo en el Registro General como m\u00e1ximo 24 horas antes del Pleno Ordinario<\/li><li>Por X (antes Twitter) a @BisbalPenedes como m\u00e1ximo 24h antes del Pleno Ordinario, cumpliendo el protocolo de uso de las redes sociales y empleando la etiqueta #PleBisbalPened\u00e8s, seguido del ruego o pregunta.<\/li><\/ul>\n\n\n\n<p>\u2022 El asunto objeto del ruego o pregunta deber\u00e1 ser de competencia municipal sobre la acci\u00f3n de gobierno o estar directamente relacionado con los puntos incluidos en el orden del d\u00eda.<\/p>\n\n\n\n<p>\u2022 Cada ciudadano\/a puede formular un ruego y una pregunta en un mismo Pleno. La longitud m\u00e1xima de cada tuit es de 140 caracteres y no se puede continuar la pregunta en un segundo &#8216;tweet&#8217;.<\/p>\n\n\n\n<p>\u2022 La alcald\u00eda podr\u00e1 no responder si es un asunto sobre el cual el Ayuntamiento no tiene competencias o si ya se ha presentado la misma pregunta en otra sesi\u00f3n plenaria en los \u00faltimos 6 meses.<\/p>\n\n\n\n<p>\u2022 La alcald\u00eda comunicar\u00e1, acabado el plazo m\u00e1ximo de presentaci\u00f3n de preguntas, a qui\u00e9n van dirigidas las preguntas o peticiones solicitadas para que las pueda responder.<\/p>\n\n\n\n<p>\u2022 La Alcald\u00eda leer\u00e1 la pregunta en voz alta.<\/p>\n\n\n\n<p>\u2022 La alcald\u00eda o a quien vaya dirigida la pregunta, la responder\u00e1 en la misma sesi\u00f3n del Pleno.<\/p>\n","protected":false},"excerpt":{"rendered":"<p>El pr\u00f2xim dilluns 15 de setembre, a les 18h, se celebrar\u00e0 el Ple ordinari de l\u2019Ajuntament de la Bisbal del Pened\u00e8s corresponent a aquest trimestre. L\u2019ordre del dia inclou els &hellip; <a href=\"https:\/\/bisbalpenedes.com\/web\/2025\/09\/10\/el-proxim-dilluns-15-de-setembre-se-celebrara-el-ple-ordinari-de-lajuntament-de-la-bisbal-del-penedes-corresponent-a-aquest-trimestre\/\" class=\"more-link\">Read More<\/a><\/p>\n","protected":false},"author":4,"featured_media":33910,"comment_status":"closed","ping_status":"closed","sticky":false,"template":"","format":"standard","meta":[],"categories":[8,2250],"tags":[459,393,249],"_links":{"self":[{"href":"https:\/\/bisbalpenedes.com\/web\/wp-json\/wp\/v2\/posts\/34712"}],"collection":[{"href":"https:\/\/bisbalpenedes.com\/web\/wp-json\/wp\/v2\/posts"}],"about":[{"href":"https:\/\/bisbalpenedes.com\/web\/wp-json\/wp\/v2\/types\/post"}],"author":[{"embeddable":true,"href":"https:\/\/bisbalpenedes.com\/web\/wp-json\/wp\/v2\/users\/4"}],"replies":[{"embeddable":true,"href":"https:\/\/bisbalpenedes.com\/web\/wp-json\/wp\/v2\/comments?post=34712"}],"version-history":[{"count":1,"href":"https:\/\/bisbalpenedes.com\/web\/wp-json\/wp\/v2\/posts\/34712\/revisions"}],"predecessor-version":[{"id":34713,"href":"https:\/\/bisbalpenedes.com\/web\/wp-json\/wp\/v2\/posts\/34712\/revisions\/34713"}],"wp:featuredmedia":[{"embeddable":true,"href":"https:\/\/bisbalpenedes.com\/web\/wp-json\/wp\/v2\/media\/33910"}],"wp:attachment":[{"href":"https:\/\/bisbalpenedes.com\/web\/wp-json\/wp\/v2\/media?parent=34712"}],"wp:term":[{"taxonomy":"category","embeddable":true,"href":"https:\/\/bisbalpenedes.com\/web\/wp-json\/wp\/v2\/categories?post=34712"},{"taxonomy":"post_tag","embeddable":true,"href":"https:\/\/bisbalpenedes.com\/web\/wp-json\/wp\/v2\/tags?post=34712"}],"curies":[{"name":"wp","href":"https:\/\/api.w.org\/{rel}","templated":true}]}}