{"id":34693,"date":"2025-09-10T12:00:18","date_gmt":"2025-09-10T10:00:18","guid":{"rendered":"https:\/\/bisbalpenedes.com\/web\/?p=34693"},"modified":"2025-09-10T12:00:20","modified_gmt":"2025-09-10T10:00:20","slug":"avui-dimecres-es-el-dia-mundial-de-la-prevencio-del-suicidi-i-la-facana-de-lajuntament-silluminara-de-color-carbassa","status":"publish","type":"post","link":"https:\/\/bisbalpenedes.com\/web\/2025\/09\/10\/avui-dimecres-es-el-dia-mundial-de-la-prevencio-del-suicidi-i-la-facana-de-lajuntament-silluminara-de-color-carbassa\/","title":{"rendered":"Avui dimecres \u00e9s el dia mundial de la Prevenci\u00f3 del su\u00efcidi i la fa\u00e7ana de l&#8217;Ajuntament s&#8217;il\u00b7luminar\u00e0 de color carbassa"},"content":{"rendered":"\n<p>Avui dimecres 10 de setembre \u00e9s el Dia Mundial de la Prevenci\u00f3 del Su\u00efcidi. Per aquest motiu, al vespre, la fa\u00e7ana l\u2019Ajuntament de la Bisbal del Pened\u00e8s s\u2019il\u00b7luminar\u00e0 de color carbassa.<\/p>\n\n\n\n<p>Catalunya compta amb un servei especialitzat d\u2019atenci\u00f3 telef\u00f2nica a persones amb conducta o ideaci\u00f3 su\u00efcida i als seus familiars o persones properes. Es tracta d\u2019un servei format per un equip especialitzat en salut mental i, m\u00e9s concretament, en l\u2019\u00e0mbit del su\u00efcidi: professionals d\u2019infermeria, psicologia i psiquiatria.<\/p>\n\n\n\n<p>Si teniu idees su\u00efcides o coneixeu alg\u00fa que pugui necessitar ajuda, truqueu al 061. El servei funciona les 24 hores del dia, els 365 dies de l\u2019any.<\/p>\n\n\n\n<hr class=\"wp-block-separator has-alpha-channel-opacity\"\/>\n\n\n\n<p>Hoy mi\u00e9rcoles 10 de septiembre es el D\u00eda Mundial de la Prevenci\u00f3n del Suicidio. Por este motivo, la fachada del Ajuntament de la Bisbal del Pened\u00e8s se iluminar\u00e1 de color calabaza al anochecer.<\/p>\n\n\n\n<p>Catalu\u00f1a cuenta con un servicio especializado de atenci\u00f3n telef\u00f3nica a personas con conducta o ideaci\u00f3n suicida y a sus familiares o personas pr\u00f3ximas. Se trata de un servicio formado por un equipo especializado en salud mental y, m\u00e1s concretamente, en el \u00e1mbito del suicidio: profesionales de enfermer\u00eda, psicolog\u00eda y psiquiatr\u00eda.<\/p>\n\n\n\n<p>Si ten\u00e9is ideas suicidas o conoc\u00e9is a alguien que pueda necesitar ayuda, llamad al 061. El servicio funciona las 24 horas del d\u00eda, los 365 d\u00edas del a\u00f1o.<\/p>\n\n\n\n<figure class=\"wp-block-image size-large\"><img loading=\"lazy\" width=\"725\" height=\"1024\" src=\"https:\/\/bisbalpenedes.com\/web\/wp-content\/uploads\/2025\/09\/PREVENCIO-SUICIDI-GENCAT-725x1024.jpg\" alt=\"\" class=\"wp-image-34695\" srcset=\"https:\/\/bisbalpenedes.com\/web\/wp-content\/uploads\/2025\/09\/PREVENCIO-SUICIDI-GENCAT-725x1024.jpg 725w, https:\/\/bisbalpenedes.com\/web\/wp-content\/uploads\/2025\/09\/PREVENCIO-SUICIDI-GENCAT-212x300.jpg 212w, https:\/\/bisbalpenedes.com\/web\/wp-content\/uploads\/2025\/09\/PREVENCIO-SUICIDI-GENCAT-768x1085.jpg 768w, https:\/\/bisbalpenedes.com\/web\/wp-content\/uploads\/2025\/09\/PREVENCIO-SUICIDI-GENCAT-600x848.jpg 600w, https:\/\/bisbalpenedes.com\/web\/wp-content\/uploads\/2025\/09\/PREVENCIO-SUICIDI-GENCAT.jpg 1080w\" sizes=\"(max-width: 725px) 100vw, 725px\" \/><\/figure>\n","protected":false},"excerpt":{"rendered":"<p>Avui dimecres 10 de setembre \u00e9s el Dia Mundial de la Prevenci\u00f3 del Su\u00efcidi. Per aquest motiu, al vespre, la fa\u00e7ana l\u2019Ajuntament de la Bisbal del Pened\u00e8s s\u2019il\u00b7luminar\u00e0 de color &hellip; <a href=\"https:\/\/bisbalpenedes.com\/web\/2025\/09\/10\/avui-dimecres-es-el-dia-mundial-de-la-prevencio-del-suicidi-i-la-facana-de-lajuntament-silluminara-de-color-carbassa\/\" class=\"more-link\">Read More<\/a><\/p>\n","protected":false},"author":4,"featured_media":34694,"comment_status":"closed","ping_status":"closed","sticky":false,"template":"","format":"standard","meta":[],"categories":[2402,8],"tags":[459,393,1374],"_links":{"self":[{"href":"https:\/\/bisbalpenedes.com\/web\/wp-json\/wp\/v2\/posts\/34693"}],"collection":[{"href":"https:\/\/bisbalpenedes.com\/web\/wp-json\/wp\/v2\/posts"}],"about":[{"href":"https:\/\/bisbalpenedes.com\/web\/wp-json\/wp\/v2\/types\/post"}],"author":[{"embeddable":true,"href":"https:\/\/bisbalpenedes.com\/web\/wp-json\/wp\/v2\/users\/4"}],"replies":[{"embeddable":true,"href":"https:\/\/bisbalpenedes.com\/web\/wp-json\/wp\/v2\/comments?post=34693"}],"version-history":[{"count":1,"href":"https:\/\/bisbalpenedes.com\/web\/wp-json\/wp\/v2\/posts\/34693\/revisions"}],"predecessor-version":[{"id":34696,"href":"https:\/\/bisbalpenedes.com\/web\/wp-json\/wp\/v2\/posts\/34693\/revisions\/34696"}],"wp:featuredmedia":[{"embeddable":true,"href":"https:\/\/bisbalpenedes.com\/web\/wp-json\/wp\/v2\/media\/34694"}],"wp:attachment":[{"href":"https:\/\/bisbalpenedes.com\/web\/wp-json\/wp\/v2\/media?parent=34693"}],"wp:term":[{"taxonomy":"category","embeddable":true,"href":"https:\/\/bisbalpenedes.com\/web\/wp-json\/wp\/v2\/categories?post=34693"},{"taxonomy":"post_tag","embeddable":true,"href":"https:\/\/bisbalpenedes.com\/web\/wp-json\/wp\/v2\/tags?post=34693"}],"curies":[{"name":"wp","href":"https:\/\/api.w.org\/{rel}","templated":true}]}}