{"id":34665,"date":"2025-09-05T12:56:14","date_gmt":"2025-09-05T10:56:14","guid":{"rendered":"https:\/\/bisbalpenedes.com\/web\/?p=34665"},"modified":"2025-09-05T12:56:14","modified_gmt":"2025-09-05T10:56:14","slug":"la-bisbal-acollira-lacte-institucional-comarcal-de-la-diada-nacional-de-catalunya-el-proxim-dimecres-10-de-setembre-a-les-19h","status":"publish","type":"post","link":"https:\/\/bisbalpenedes.com\/web\/2025\/09\/05\/la-bisbal-acollira-lacte-institucional-comarcal-de-la-diada-nacional-de-catalunya-el-proxim-dimecres-10-de-setembre-a-les-19h\/","title":{"rendered":"La Bisbal acollir\u00e0 l&#8217;acte institucional comarcal de la Diada Nacional de Catalunya el pr\u00f2xim dimecres 10 de setembre a les 19h"},"content":{"rendered":"\n<p>El pr\u00f2xim dimecres 10 de setembre, a les 19h,  la pla\u00e7a de l&#8217;Esgl\u00e9sia de la Bisbal del Pened\u00e8s acollir\u00e0 l&#8217;acte institucional comarcal de la Diada Nacional de Catalunya, que anir\u00e0 a c\u00e0rrec del president del Consell Comarcal del Baix Pened\u00e8s, Ramon Ferr\u00e9; el Conseller Comarcal de Cultura, Josep R\u00e0fols; i l&#8217;alcaldessa de la Bisbal del Pened\u00e8s, Agn\u00e8s Ferr\u00e9.\u00a0<\/p>\n\n\n\n<p>Tot seguit, es far\u00e0 una mostra de cultura popular d&#8217;entitats locals amb la Colla Castellera La Bisbal del Pened\u00e8s; els Geganters, grallers i tabalers i els capgrossos de la Societat; el Ball de Gitanes de la Bisbal del Pened\u00e8s; i el recentment estrenat Ball de Panderetes.<\/p>\n\n\n\n<p>Per acabar, gaudirem de l&#8217;espectacle po\u00e8ticomusical &#8220;M\u00e9s val cantar que t\u00e9mer i t\u00e9mer que oblidar&#8221; centrat en la figura i obra de Josep Carner, a c\u00e0rrec de Jaume Calatayud i Vicente Monera, que ja han estat en ocasions anteriors presentant altres espectacles similars al municipi amb un \u00e8xit notable.<\/p>\n\n\n\n<hr class=\"wp-block-separator has-alpha-channel-opacity\"\/>\n\n\n\n<p>El pr\u00f3ximo mi\u00e9rcoles 10 de septiembre, a las 19h, la plaza de l&#8217;Esgl\u00e9sia de la Bisbal del Pened\u00e8s acoger\u00e1 el acto institucional comarcal de la Diada Nacional de Catalunya, que ir\u00e1 a cargo del presidente del Consell Comarcal del Baix Pened\u00e8s, Ramon Ferr\u00e9; el Consejero Comarcal de Cultura, Josep R\u00e0fols; y la alcaldesa de la Bisbal del Pened\u00e8s, Agn\u00e8s Ferr\u00e9.<\/p>\n\n\n\n<p>A continuaci\u00f3n, se har\u00e1 una muestra de cultura popular de entidades locales con la Colla Castellera La Bisbal del Pened\u00e8s; los Geganters, grallers i tabalers i els capgrossos de la Societat; el Ball de Gitanes de la Bisbal del Pened\u00e8s; i el recientemente estrenado Ball de Panderetes.<\/p>\n\n\n\n<p>Para acabar, disfrutaremos del espect\u00e1culo po\u00e9tico-musical &#8220;M\u00e9s val cantar que t\u00e9mer i t\u00e9mer que oblidar&#8221; centrado en la figura y obra de Josep Carner, a cargo de Jaume Calatayud y Vicente Monera, que ya han estado en ocasiones anteriores presentando otros espect\u00e1culos similares en el municipio con un \u00e9xito notable.<\/p>\n","protected":false},"excerpt":{"rendered":"<p>El pr\u00f2xim dimecres 10 de setembre, a les 19h, la pla\u00e7a de l&#8217;Esgl\u00e9sia de la Bisbal del Pened\u00e8s acollir\u00e0 l&#8217;acte institucional comarcal de la Diada Nacional de Catalunya, que anir\u00e0 &hellip; <a href=\"https:\/\/bisbalpenedes.com\/web\/2025\/09\/05\/la-bisbal-acollira-lacte-institucional-comarcal-de-la-diada-nacional-de-catalunya-el-proxim-dimecres-10-de-setembre-a-les-19h\/\" class=\"more-link\">Read More<\/a><\/p>\n","protected":false},"author":4,"featured_media":34666,"comment_status":"closed","ping_status":"closed","sticky":false,"template":"","format":"standard","meta":[],"categories":[3137,8],"tags":[459,7160,393,7159,1374],"_links":{"self":[{"href":"https:\/\/bisbalpenedes.com\/web\/wp-json\/wp\/v2\/posts\/34665"}],"collection":[{"href":"https:\/\/bisbalpenedes.com\/web\/wp-json\/wp\/v2\/posts"}],"about":[{"href":"https:\/\/bisbalpenedes.com\/web\/wp-json\/wp\/v2\/types\/post"}],"author":[{"embeddable":true,"href":"https:\/\/bisbalpenedes.com\/web\/wp-json\/wp\/v2\/users\/4"}],"replies":[{"embeddable":true,"href":"https:\/\/bisbalpenedes.com\/web\/wp-json\/wp\/v2\/comments?post=34665"}],"version-history":[{"count":1,"href":"https:\/\/bisbalpenedes.com\/web\/wp-json\/wp\/v2\/posts\/34665\/revisions"}],"predecessor-version":[{"id":34667,"href":"https:\/\/bisbalpenedes.com\/web\/wp-json\/wp\/v2\/posts\/34665\/revisions\/34667"}],"wp:featuredmedia":[{"embeddable":true,"href":"https:\/\/bisbalpenedes.com\/web\/wp-json\/wp\/v2\/media\/34666"}],"wp:attachment":[{"href":"https:\/\/bisbalpenedes.com\/web\/wp-json\/wp\/v2\/media?parent=34665"}],"wp:term":[{"taxonomy":"category","embeddable":true,"href":"https:\/\/bisbalpenedes.com\/web\/wp-json\/wp\/v2\/categories?post=34665"},{"taxonomy":"post_tag","embeddable":true,"href":"https:\/\/bisbalpenedes.com\/web\/wp-json\/wp\/v2\/tags?post=34665"}],"curies":[{"name":"wp","href":"https:\/\/api.w.org\/{rel}","templated":true}]}}