{"id":34659,"date":"2025-09-05T12:39:49","date_gmt":"2025-09-05T10:39:49","guid":{"rendered":"https:\/\/bisbalpenedes.com\/web\/?p=34659"},"modified":"2025-09-05T12:39:49","modified_gmt":"2025-09-05T10:39:49","slug":"es-contracten-els-serveis-de-defensa-juridica-i-procuradoria-per-al-recurs-contencios-administratiu-presentat-pel-regidor-marti-deluca","status":"publish","type":"post","link":"https:\/\/bisbalpenedes.com\/web\/2025\/09\/05\/es-contracten-els-serveis-de-defensa-juridica-i-procuradoria-per-al-recurs-contencios-administratiu-presentat-pel-regidor-marti-deluca\/","title":{"rendered":"<strong>Es contracten els serveis de defensa jur\u00eddica i procuradoria per al recurs contenci\u00f3s administratiu presentat pel regidor Mart\u00ed Deluca<\/strong>"},"content":{"rendered":"\n<p>El 7 de juliol es va aprovar, per Decret d&#8217;alcaldia, la contractaci\u00f3 de defensa jur\u00eddica amb l&#8217;advocat Miquel M. Nolla Pujals per un import de 2.900\u20ac (IVA incl\u00f2s). Posteriorment, el 29 de juliol es va aprovar per un nou decret per contractar Isabel Palet Borrell, per un import de 546,21\u20ac (IVA incl\u00f2s) com a procuradora. Ambdues contractacions s&#8217;han fet mitjan\u00e7ant l&#8217;Acord Marc per als serveis d&#8217;assessorament legal i defensa jur\u00eddica del sistema comarcal de contractaci\u00f3 centralitzada del Consell Comarcal del Baix Pened\u00e8s.<\/p>\n\n\n\n<p>L&#8217;acaldessa de la Bisbal del Pened\u00e8s, Agn\u00e8s Ferr\u00e9, ha explicat que els serveis s&#8217;han contractat pel procediment interposat pel regidor Mart\u00ed Deluca Silverberg (La Bisbal Decideix) davant la sala contenciosa administrativa, secci\u00f3 cinquena, del TSJ de Catalunya: <em>&#8220;l&#8217;1 de juliol es va presentar a l&#8217;Ajuntament l\u2019ofici de la sala contenciosa administrativa secci\u00f3 cinquena del Tribunal Superior de Just\u00edcia de Catalunya en relaci\u00f3 al recurs contenci\u00f3s administratiu interposat pel Sr. Martin Deluca Silberberg contra la resoluci\u00f3 d\u2019alcaldia de data 24 d\u2019abril de 2025 i 16 de maig de 2025. La resoluci\u00f3 del 24 d\u2019abril \u00e9s on s\u2019inadmetia el recurs interposat pel mateix Sr. Mart\u00edn Deluca on denunciava irregularitats en l\u2019aprovaci\u00f3 inicial de la modificaci\u00f3 puntual de les Normes subsidi\u00e0ries amb ordenaci\u00f3 detallada de Les Planes del Vent. La resoluci\u00f3 del 16 de maig \u00e9s on es desestimava el recurs de reposici\u00f3 presentat pel mateix Sr. Mart\u00edn Deluca on sol\u00b7licitava anul\u00b7lar els acords de desestimaci\u00f3 de la recusaci\u00f3 de l\u2019alcaldessa i la regidora&#8221;.<\/em><\/p>\n\n\n\n<hr class=\"wp-block-separator has-alpha-channel-opacity\"\/>\n\n\n\n<h3><strong>Se contratan los servicios de defensa jur\u00eddica y procuradur\u00eda para el recurso contencioso administrativo presentado por el concejal Mart\u00ed Deluca<\/strong><\/h3>\n\n\n\n<p>El 7 de julio se aprob\u00f3, por Decreto de alcald\u00eda, la contrataci\u00f3n de defensa jur\u00eddica con el abogado Miquel M. Nolla Pujals por un importe de 2.900\u20ac (IVA incluido). Posteriormente, el 29 de julio se aprob\u00f3 por un nuevo decreto para contratar a Isabel Palet Borrell, por un importe de 546,21\u20ac (IVA incluido) como procuradora. Ambas contrataciones se han hecho mediante el Acuerdo Marco para los servicios de asesoramiento legal y defensa jur\u00eddica del sistema comarcal de contrataci\u00f3n centralizada del Consell Comarcal del Baix Pened\u00e8s.<\/p>\n\n\n\n<p>La alcaldesa de la Bisbal del Pened\u00e8s, Agn\u00e8s Ferr\u00e9, ha explicado que los servicios se han contratado por el procedimiento interpuesto por el concejal Mart\u00ed Deluca Silverberg (La Bisbal Decideix) ante la sala contenciosa administrativa, secci\u00f3n quinta, del TSJ de Catalunya: <em>&#8220;el 1 de julio se present\u00f3 en el Ayuntamiento el oficio de la sala contenciosa administrativa secci\u00f3n quinta del Tribunal Superior de Justicia de Catalunya en relaci\u00f3n al recurso contencioso administrativo interpuesto por el Sr. Mart\u00edn Deluca Silberberg contra la resoluci\u00f3n de alcald\u00eda de fecha 24 de abril de 2025 y 16 de mayo de 2025. La resoluci\u00f3n del 24 de abril es donde se inadmit\u00eda el recurso interpuesto por el mismo Sr. Mart\u00edn Deluca donde denunciaba irregularidades en la aprobaci\u00f3n inicial de la modificaci\u00f3n puntual de las Normas subsidiarias con ordenaci\u00f3n detallada de Les Planes del Vent. La resoluci\u00f3n del 16 de mayo es donde se desestimaba el recurso de reposici\u00f3n presentado por el mismo Sr. Mart\u00edn Deluca donde solicitaba anular los acuerdos de desestimaci\u00f3n de la recusaci\u00f3n de la alcaldesa y la concejala&#8221;.<\/em><\/p>\n","protected":false},"excerpt":{"rendered":"<p>El 7 de juliol es va aprovar, per Decret d&#8217;alcaldia, la contractaci\u00f3 de defensa jur\u00eddica amb l&#8217;advocat Miquel M. Nolla Pujals per un import de 2.900\u20ac (IVA incl\u00f2s). Posteriorment, el &hellip; <a href=\"https:\/\/bisbalpenedes.com\/web\/2025\/09\/05\/es-contracten-els-serveis-de-defensa-juridica-i-procuradoria-per-al-recurs-contencios-administratiu-presentat-pel-regidor-marti-deluca\/\" class=\"more-link\">Read More<\/a><\/p>\n","protected":false},"author":4,"featured_media":29182,"comment_status":"closed","ping_status":"closed","sticky":false,"template":"","format":"standard","meta":[],"categories":[2057,8],"tags":[1252,459,3280,393,6311,7158,1374,7157],"_links":{"self":[{"href":"https:\/\/bisbalpenedes.com\/web\/wp-json\/wp\/v2\/posts\/34659"}],"collection":[{"href":"https:\/\/bisbalpenedes.com\/web\/wp-json\/wp\/v2\/posts"}],"about":[{"href":"https:\/\/bisbalpenedes.com\/web\/wp-json\/wp\/v2\/types\/post"}],"author":[{"embeddable":true,"href":"https:\/\/bisbalpenedes.com\/web\/wp-json\/wp\/v2\/users\/4"}],"replies":[{"embeddable":true,"href":"https:\/\/bisbalpenedes.com\/web\/wp-json\/wp\/v2\/comments?post=34659"}],"version-history":[{"count":1,"href":"https:\/\/bisbalpenedes.com\/web\/wp-json\/wp\/v2\/posts\/34659\/revisions"}],"predecessor-version":[{"id":34660,"href":"https:\/\/bisbalpenedes.com\/web\/wp-json\/wp\/v2\/posts\/34659\/revisions\/34660"}],"wp:featuredmedia":[{"embeddable":true,"href":"https:\/\/bisbalpenedes.com\/web\/wp-json\/wp\/v2\/media\/29182"}],"wp:attachment":[{"href":"https:\/\/bisbalpenedes.com\/web\/wp-json\/wp\/v2\/media?parent=34659"}],"wp:term":[{"taxonomy":"category","embeddable":true,"href":"https:\/\/bisbalpenedes.com\/web\/wp-json\/wp\/v2\/categories?post=34659"},{"taxonomy":"post_tag","embeddable":true,"href":"https:\/\/bisbalpenedes.com\/web\/wp-json\/wp\/v2\/tags?post=34659"}],"curies":[{"name":"wp","href":"https:\/\/api.w.org\/{rel}","templated":true}]}}