{"id":34649,"date":"2025-09-05T10:28:31","date_gmt":"2025-09-05T08:28:31","guid":{"rendered":"https:\/\/bisbalpenedes.com\/web\/?p=34649"},"modified":"2025-09-05T10:29:28","modified_gmt":"2025-09-05T08:29:28","slug":"esventat-xef-el-21-de-setembre-torna-el-concurs-de-paelles-dels-esventats-inscripcions-obertes-fins-al-17-de-setembre","status":"publish","type":"post","link":"https:\/\/bisbalpenedes.com\/web\/2025\/09\/05\/esventat-xef-el-21-de-setembre-torna-el-concurs-de-paelles-dels-esventats-inscripcions-obertes-fins-al-17-de-setembre\/","title":{"rendered":"El 21 de setembre torna el concurs de paelles dels Esventats &#8211; Inscripcions obertes fins al 17 de setembre"},"content":{"rendered":"\n<p>L&#8217;associaci\u00f3 de Joves Els Esventats tira endavant la segona edici\u00f3 del concurs de paelles &#8220;Esventat Xef&#8221;. La cita tindr\u00e0 lloc el pr\u00f2xim 21 de setembre a la pla\u00e7a de l&#8217;Esgl\u00e9sia i est\u00e0 oberta a tothom qui hi vulgui participar, sense l\u00edmit de participants -ni de comensals- per equip. Hi haur\u00e0 premi per als guanyadors.<br><br>Per participar-hi caldr\u00e0 que porteu el vostre fogonet, la vostra paella i els ingredients per fer-la.&nbsp;<\/p>\n\n\n\n<p><strong>Inscripcions al 696 95 80 35 fins al 17 de setembre.<\/strong><br>Les postres i el pica-pica aniran a c\u00e0rrec dels Esventats i hi haur\u00e0 servei de barra<\/p>\n\n\n\n<hr class=\"wp-block-separator has-alpha-channel-opacity\"\/>\n\n\n\n<p>La asociaci\u00f3n de J\u00f3venes Els Esventats saca adelante la segunda edici\u00f3n del concurso de paellas &#8220;Esventat Xef&#8221;. La cita tendr\u00e1 lugar el pr\u00f3ximo 21 de septiembre en la plaza de l&#8217;Esgl\u00e9sia y est\u00e1 abierta a todo el mundo que quiera participar, sin l\u00edmite de participantes -ni de comensales- por equipo. Habr\u00e1 premio para los ganadores.<\/p>\n\n\n\n<p>Para participar tendr\u00e9is que llevar vuestro hornillo, vuestra paella y los ingredientes para hacerla.<\/p>\n\n\n\n<p><strong>Inscripciones al 696 95 80 35 hasta el 17 de septiembre.<br><\/strong>Los postres y el picoteo ir\u00e1n a cargo de Els Esventats y habr\u00e1 servicio de barra.<\/p>\n","protected":false},"excerpt":{"rendered":"<p>L&#8217;associaci\u00f3 de Joves Els Esventats tira endavant la segona edici\u00f3 del concurs de paelles &#8220;Esventat Xef&#8221;. La cita tindr\u00e0 lloc el pr\u00f2xim 21 de setembre a la pla\u00e7a de l&#8217;Esgl\u00e9sia &hellip; <a href=\"https:\/\/bisbalpenedes.com\/web\/2025\/09\/05\/esventat-xef-el-21-de-setembre-torna-el-concurs-de-paelles-dels-esventats-inscripcions-obertes-fins-al-17-de-setembre\/\" class=\"more-link\">Read More<\/a><\/p>\n","protected":false},"author":4,"featured_media":34643,"comment_status":"closed","ping_status":"closed","sticky":false,"template":"","format":"standard","meta":[],"categories":[20,4269,8],"tags":[6617,7156,393],"_links":{"self":[{"href":"https:\/\/bisbalpenedes.com\/web\/wp-json\/wp\/v2\/posts\/34649"}],"collection":[{"href":"https:\/\/bisbalpenedes.com\/web\/wp-json\/wp\/v2\/posts"}],"about":[{"href":"https:\/\/bisbalpenedes.com\/web\/wp-json\/wp\/v2\/types\/post"}],"author":[{"embeddable":true,"href":"https:\/\/bisbalpenedes.com\/web\/wp-json\/wp\/v2\/users\/4"}],"replies":[{"embeddable":true,"href":"https:\/\/bisbalpenedes.com\/web\/wp-json\/wp\/v2\/comments?post=34649"}],"version-history":[{"count":3,"href":"https:\/\/bisbalpenedes.com\/web\/wp-json\/wp\/v2\/posts\/34649\/revisions"}],"predecessor-version":[{"id":34652,"href":"https:\/\/bisbalpenedes.com\/web\/wp-json\/wp\/v2\/posts\/34649\/revisions\/34652"}],"wp:featuredmedia":[{"embeddable":true,"href":"https:\/\/bisbalpenedes.com\/web\/wp-json\/wp\/v2\/media\/34643"}],"wp:attachment":[{"href":"https:\/\/bisbalpenedes.com\/web\/wp-json\/wp\/v2\/media?parent=34649"}],"wp:term":[{"taxonomy":"category","embeddable":true,"href":"https:\/\/bisbalpenedes.com\/web\/wp-json\/wp\/v2\/categories?post=34649"},{"taxonomy":"post_tag","embeddable":true,"href":"https:\/\/bisbalpenedes.com\/web\/wp-json\/wp\/v2\/tags?post=34649"}],"curies":[{"name":"wp","href":"https:\/\/api.w.org\/{rel}","templated":true}]}}