{"id":34635,"date":"2025-09-05T09:59:03","date_gmt":"2025-09-05T07:59:03","guid":{"rendered":"https:\/\/bisbalpenedes.com\/web\/?p=34635"},"modified":"2025-09-05T10:11:43","modified_gmt":"2025-09-05T08:11:43","slug":"la-rebellio-de-lalegria-lexposicio-dedicada-a-vicent-andres-estelles-que-podreu-visitar-a-la-biblioteca-del-8-al-26-de-setembre","status":"publish","type":"post","link":"https:\/\/bisbalpenedes.com\/web\/2025\/09\/05\/la-rebellio-de-lalegria-lexposicio-dedicada-a-vicent-andres-estelles-que-podreu-visitar-a-la-biblioteca-del-8-al-26-de-setembre\/","title":{"rendered":"&#8216;La Rebel\u00b7li\u00f3 de l&#8217;Alegria&#8217; &#8211; L&#8217;exposici\u00f3 dedicada a Vicent Andr\u00e9s Estell\u00e9s que podreu visitar a la Biblioteca del 8 al 26 de setembre"},"content":{"rendered":"\n<p><strong>Del dilluns 8 al divendres 26 de setembre<\/strong> podreu visitar l&#8217;exposici\u00f3 &#8220;La Rebel\u00b7li\u00f3 de l&#8217;Alegria&#8221;, dedicada a Vicent Andr\u00e9s Estell\u00e9s, a l&#8217;entrada de la Biblioteca (CMC). Es tracta d&#8217;una mostra de petit format creada amb la voluntat de convidar-vos a endinsar-vos en la figura del poeta i entendre el context social que va viure. <\/p>\n\n\n\n<p>L&#8217;exposici\u00f3, de car\u00e0cter itinerant, est\u00e0 composta per sis plafons que divulguen la vida i obra de l&#8217;autor. Amb una s\u00e8rie d&#8217;imatges i documents, la mostra pret\u00e9n acostar-vos a la vida del poeta i entendre el marcat context social que va haver de viure durant set anys de producci\u00f3 dels seus principals t\u00edtols. <\/p>\n\n\n\n<p>La Instituci\u00f3 de Les lletres Catalanes, amb la col\u00b7laboraci\u00f3 del Servei de Biblioteques de la Generalitat de Catalunya, n&#8217;ha produ\u00eft diverses c\u00f2pies i, del 8 al 26 de setembre, en podreu visitar una a la Bisbal del Pened\u00e8s.<\/p>\n\n\n\n<p><span style=\"text-decoration: underline;\">Horari:<\/span> de dilluns a divendres de 16:30h a 20:30h. Dimecres de 10.30h a 14:00h.<\/p>\n\n\n\n<hr class=\"wp-block-separator has-alpha-channel-opacity\"\/>\n\n\n\n<p><strong>Del lunes 8 al viernes 26 de septiembre<\/strong> podr\u00e9is visitar la exposici\u00f3n &#8220;La Rebel\u00b7li\u00f3 de l&#8217;Alegria&#8221;, dedicada a Vicent Andr\u00e9s Estell\u00e9s, en la entrada de la Biblioteca (CMC). Se trata de una muestra de peque\u00f1o formato creada con la voluntad de invitaros a adentraros en la figura del poeta y entender el contexto social que vivi\u00f3.<\/p>\n\n\n\n<p>La exposici\u00f3n, de car\u00e1cter itinerante, est\u00e1 compuesta por seis paneles que divulgan la vida y obra del autor. Con una serie de im\u00e1genes y documentos, la muestra pretende acercaros a la vida del poeta y entender el marcado contexto social que tuvo que vivir durante siete a\u00f1os de producci\u00f3n de sus principales t\u00edtulos.<\/p>\n\n\n\n<p>La Instituci\u00f3 de Les lletres Catalanes, con la colaboraci\u00f3n del Servei de Biblioteques de la Generalitat de Catalunya, ha producido diversas copias y, del 8 al 26 de septiembre, podr\u00e9is visitar una en la Bisbal del Pened\u00e8s.<\/p>\n\n\n\n<p><span style=\"text-decoration: underline;\">Horario:<\/span> de lunes a viernes de 16:30h a 20:30h. Mi\u00e9rcoles de 10:30h a 14:00h.<\/p>\n\n\n\n<figure class=\"wp-block-image size-large\"><img loading=\"lazy\" width=\"1024\" height=\"1024\" src=\"https:\/\/bisbalpenedes.com\/web\/wp-content\/uploads\/2025\/09\/INSTAGRAM-EXPOSICIO-ESTELLES-1024x1024.png\" alt=\"\" class=\"wp-image-34637\" srcset=\"https:\/\/bisbalpenedes.com\/web\/wp-content\/uploads\/2025\/09\/INSTAGRAM-EXPOSICIO-ESTELLES-1024x1024.png 1024w, https:\/\/bisbalpenedes.com\/web\/wp-content\/uploads\/2025\/09\/INSTAGRAM-EXPOSICIO-ESTELLES-300x300.png 300w, https:\/\/bisbalpenedes.com\/web\/wp-content\/uploads\/2025\/09\/INSTAGRAM-EXPOSICIO-ESTELLES-150x150.png 150w, https:\/\/bisbalpenedes.com\/web\/wp-content\/uploads\/2025\/09\/INSTAGRAM-EXPOSICIO-ESTELLES-768x768.png 768w, https:\/\/bisbalpenedes.com\/web\/wp-content\/uploads\/2025\/09\/INSTAGRAM-EXPOSICIO-ESTELLES-600x600.png 600w, https:\/\/bisbalpenedes.com\/web\/wp-content\/uploads\/2025\/09\/INSTAGRAM-EXPOSICIO-ESTELLES-100x100.png 100w, https:\/\/bisbalpenedes.com\/web\/wp-content\/uploads\/2025\/09\/INSTAGRAM-EXPOSICIO-ESTELLES.png 1080w\" sizes=\"(max-width: 1024px) 100vw, 1024px\" \/><\/figure>\n","protected":false},"excerpt":{"rendered":"<p>Del dilluns 8 al divendres 26 de setembre podreu visitar l&#8217;exposici\u00f3 &#8220;La Rebel\u00b7li\u00f3 de l&#8217;Alegria&#8221;, dedicada a Vicent Andr\u00e9s Estell\u00e9s, a l&#8217;entrada de la Biblioteca (CMC). Es tracta d&#8217;una mostra &hellip; <a href=\"https:\/\/bisbalpenedes.com\/web\/2025\/09\/05\/la-rebellio-de-lalegria-lexposicio-dedicada-a-vicent-andres-estelles-que-podreu-visitar-a-la-biblioteca-del-8-al-26-de-setembre\/\" class=\"more-link\">Read More<\/a><\/p>\n","protected":false},"author":4,"featured_media":34638,"comment_status":"closed","ping_status":"closed","sticky":false,"template":"","format":"standard","meta":[],"categories":[2478,13,8],"tags":[180,86,7155,7154],"_links":{"self":[{"href":"https:\/\/bisbalpenedes.com\/web\/wp-json\/wp\/v2\/posts\/34635"}],"collection":[{"href":"https:\/\/bisbalpenedes.com\/web\/wp-json\/wp\/v2\/posts"}],"about":[{"href":"https:\/\/bisbalpenedes.com\/web\/wp-json\/wp\/v2\/types\/post"}],"author":[{"embeddable":true,"href":"https:\/\/bisbalpenedes.com\/web\/wp-json\/wp\/v2\/users\/4"}],"replies":[{"embeddable":true,"href":"https:\/\/bisbalpenedes.com\/web\/wp-json\/wp\/v2\/comments?post=34635"}],"version-history":[{"count":4,"href":"https:\/\/bisbalpenedes.com\/web\/wp-json\/wp\/v2\/posts\/34635\/revisions"}],"predecessor-version":[{"id":34641,"href":"https:\/\/bisbalpenedes.com\/web\/wp-json\/wp\/v2\/posts\/34635\/revisions\/34641"}],"wp:featuredmedia":[{"embeddable":true,"href":"https:\/\/bisbalpenedes.com\/web\/wp-json\/wp\/v2\/media\/34638"}],"wp:attachment":[{"href":"https:\/\/bisbalpenedes.com\/web\/wp-json\/wp\/v2\/media?parent=34635"}],"wp:term":[{"taxonomy":"category","embeddable":true,"href":"https:\/\/bisbalpenedes.com\/web\/wp-json\/wp\/v2\/categories?post=34635"},{"taxonomy":"post_tag","embeddable":true,"href":"https:\/\/bisbalpenedes.com\/web\/wp-json\/wp\/v2\/tags?post=34635"}],"curies":[{"name":"wp","href":"https:\/\/api.w.org\/{rel}","templated":true}]}}