{"id":34631,"date":"2025-09-03T19:35:05","date_gmt":"2025-09-03T17:35:05","guid":{"rendered":"https:\/\/bisbalpenedes.com\/web\/?p=34631"},"modified":"2025-09-03T19:35:05","modified_gmt":"2025-09-03T17:35:05","slug":"senderistes-bisbalencs-a-la-tele-caminant-per-catalunya-pedra-seca-del-montmell","status":"publish","type":"post","link":"https:\/\/bisbalpenedes.com\/web\/2025\/09\/03\/senderistes-bisbalencs-a-la-tele-caminant-per-catalunya-pedra-seca-del-montmell\/","title":{"rendered":"Senderistes Bisbalencs a la tele! Caminant per Catalunya: pedra seca del Montmell"},"content":{"rendered":"\n<p>Sempre va il\u00b7lusi\u00f3 veure ve\u00efns del municipi a la tele!<br>En aquest cas, felicitem Senderistes Bisbalencs per la gran difusi\u00f3 del nostre patrimoni que fan en aquest v\u00eddeo, amb unes explicacions tan acurades i plenes de passi\u00f3 pel nostre entorn.<\/p>\n\n\n\n<hr class=\"wp-block-separator has-alpha-channel-opacity\"\/>\n\n\n\n<p>Siempre hace ilusi\u00f3n ver a vecinos del municipio en la tele!<br>En este caso, felicitamos a Senderistes Bisbalencs por la gran difusi\u00f3n de nuestro patrimonio que hacen en este v\u00eddeo, con unas explicaciones tan detalladas y llenas de pasi\u00f3n por nuestro entorno.<\/p>\n\n\n\n<p><\/p>\n\n\n\n<figure class=\"wp-block-embed is-type-video is-provider-youtube wp-block-embed-youtube wp-embed-aspect-16-9 wp-has-aspect-ratio\"><div class=\"wp-block-embed__wrapper\">\n<iframe loading=\"lazy\" title=\"CAMINANT PER CATALUNYA - Pedra seca del Montmell\" width=\"1170\" height=\"658\" src=\"https:\/\/www.youtube.com\/embed\/31_OePAddFU?feature=oembed\" frameborder=\"0\" allow=\"accelerometer; autoplay; clipboard-write; encrypted-media; gyroscope; picture-in-picture; web-share\" referrerpolicy=\"strict-origin-when-cross-origin\" allowfullscreen><\/iframe>\n<\/div><\/figure>\n","protected":false},"excerpt":{"rendered":"<p>Sempre va il\u00b7lusi\u00f3 veure ve\u00efns del municipi a la tele!En aquest cas, felicitem Senderistes Bisbalencs per la gran difusi\u00f3 del nostre patrimoni que fan en aquest v\u00eddeo, amb unes explicacions &hellip; <a href=\"https:\/\/bisbalpenedes.com\/web\/2025\/09\/03\/senderistes-bisbalencs-a-la-tele-caminant-per-catalunya-pedra-seca-del-montmell\/\" class=\"more-link\">Read More<\/a><\/p>\n","protected":false},"author":4,"featured_media":34632,"comment_status":"closed","ping_status":"closed","sticky":false,"template":"","format":"standard","meta":[],"categories":[2370,8],"tags":[459,1841,393,352,856],"_links":{"self":[{"href":"https:\/\/bisbalpenedes.com\/web\/wp-json\/wp\/v2\/posts\/34631"}],"collection":[{"href":"https:\/\/bisbalpenedes.com\/web\/wp-json\/wp\/v2\/posts"}],"about":[{"href":"https:\/\/bisbalpenedes.com\/web\/wp-json\/wp\/v2\/types\/post"}],"author":[{"embeddable":true,"href":"https:\/\/bisbalpenedes.com\/web\/wp-json\/wp\/v2\/users\/4"}],"replies":[{"embeddable":true,"href":"https:\/\/bisbalpenedes.com\/web\/wp-json\/wp\/v2\/comments?post=34631"}],"version-history":[{"count":2,"href":"https:\/\/bisbalpenedes.com\/web\/wp-json\/wp\/v2\/posts\/34631\/revisions"}],"predecessor-version":[{"id":34634,"href":"https:\/\/bisbalpenedes.com\/web\/wp-json\/wp\/v2\/posts\/34631\/revisions\/34634"}],"wp:featuredmedia":[{"embeddable":true,"href":"https:\/\/bisbalpenedes.com\/web\/wp-json\/wp\/v2\/media\/34632"}],"wp:attachment":[{"href":"https:\/\/bisbalpenedes.com\/web\/wp-json\/wp\/v2\/media?parent=34631"}],"wp:term":[{"taxonomy":"category","embeddable":true,"href":"https:\/\/bisbalpenedes.com\/web\/wp-json\/wp\/v2\/categories?post=34631"},{"taxonomy":"post_tag","embeddable":true,"href":"https:\/\/bisbalpenedes.com\/web\/wp-json\/wp\/v2\/tags?post=34631"}],"curies":[{"name":"wp","href":"https:\/\/api.w.org\/{rel}","templated":true}]}}