{"id":34611,"date":"2025-09-02T13:18:34","date_gmt":"2025-09-02T11:18:34","guid":{"rendered":"https:\/\/bisbalpenedes.com\/web\/?p=34611"},"modified":"2025-09-02T13:20:07","modified_gmt":"2025-09-02T11:20:07","slug":"comunicat-de-lequip-de-govern-de-la-bisbal-del-penedes","status":"publish","type":"post","link":"https:\/\/bisbalpenedes.com\/web\/2025\/09\/02\/comunicat-de-lequip-de-govern-de-la-bisbal-del-penedes\/","title":{"rendered":"Comunicat de l&#8217;Equip de govern de la Bisbal del Pened\u00e8s"},"content":{"rendered":"\n<p>Durant la darrera setmana, l\u2019avinguda Can Gordei ha estat sense llum durant tres dies a causa de l\u2019incivisme d\u2019algunes persones, que es connecten a l\u2019enllumenat p\u00fablic.<\/p>\n\n\n\n<p>Aix\u00f2, a banda de ser un frau, perjudica la resta de ve\u00efns -que han d\u2019estar sense llum al seu carrer- i despeses que repercuteixen a les butxaques de tots els bisbalencs i les bisbalenques, ja que les paguem entre tots.<\/p>\n\n\n\n<p>Des de l\u2019equip de govern condemnem aquestes maneres de fer i demanem civisme i solidaritat a tots els ve\u00efns i ve\u00efnes del municipi. Les persones que dueu a terme aquestes pr\u00e0ctiques no esteu robant a una empresa el\u00e8ctrica, esteu robant i perjudicant els vostres ve\u00efns.<\/p>\n\n\n\n<hr class=\"wp-block-separator has-alpha-channel-opacity\"\/>\n\n\n\n<p>Durante la \u00faltima semana, la avenida Can Gordei ha estado sin luz durante tres d\u00edas a causa del incivismo de algunas personas, que se conectan al alumbrado p\u00fablico.<\/p>\n\n\n\n<p>Esto, adem\u00e1s de ser un fraude, perjudica al resto de vecinos -que tienen que estar sin luz en su calle- y gastos que repercuten en los bolsillos de todos los bisbalencs, ya que las pagamos entre todos.<\/p>\n\n\n\n<p>Desde el equipo de gobierno condenamos estas maneras de actuar y pedimos civismo y solidaridad a todos los vecinos y vecinas del municipio. Las personas que llev\u00e1is a cabo estas pr\u00e1cticas no est\u00e1is robando a una empresa el\u00e9ctrica, est\u00e1is robando y perjudicando a vuestros vecinos.<\/p>\n","protected":false},"excerpt":{"rendered":"<p>Durant la darrera setmana, l\u2019avinguda Can Gordei ha estat sense llum durant tres dies a causa de l\u2019incivisme d\u2019algunes persones, que es connecten a l\u2019enllumenat p\u00fablic. Aix\u00f2, a banda de &hellip; <a href=\"https:\/\/bisbalpenedes.com\/web\/2025\/09\/02\/comunicat-de-lequip-de-govern-de-la-bisbal-del-penedes\/\" class=\"more-link\">Read More<\/a><\/p>\n","protected":false},"author":4,"featured_media":34612,"comment_status":"closed","ping_status":"closed","sticky":false,"template":"","format":"standard","meta":[],"categories":[2377,8],"tags":[1091],"_links":{"self":[{"href":"https:\/\/bisbalpenedes.com\/web\/wp-json\/wp\/v2\/posts\/34611"}],"collection":[{"href":"https:\/\/bisbalpenedes.com\/web\/wp-json\/wp\/v2\/posts"}],"about":[{"href":"https:\/\/bisbalpenedes.com\/web\/wp-json\/wp\/v2\/types\/post"}],"author":[{"embeddable":true,"href":"https:\/\/bisbalpenedes.com\/web\/wp-json\/wp\/v2\/users\/4"}],"replies":[{"embeddable":true,"href":"https:\/\/bisbalpenedes.com\/web\/wp-json\/wp\/v2\/comments?post=34611"}],"version-history":[{"count":2,"href":"https:\/\/bisbalpenedes.com\/web\/wp-json\/wp\/v2\/posts\/34611\/revisions"}],"predecessor-version":[{"id":34614,"href":"https:\/\/bisbalpenedes.com\/web\/wp-json\/wp\/v2\/posts\/34611\/revisions\/34614"}],"wp:featuredmedia":[{"embeddable":true,"href":"https:\/\/bisbalpenedes.com\/web\/wp-json\/wp\/v2\/media\/34612"}],"wp:attachment":[{"href":"https:\/\/bisbalpenedes.com\/web\/wp-json\/wp\/v2\/media?parent=34611"}],"wp:term":[{"taxonomy":"category","embeddable":true,"href":"https:\/\/bisbalpenedes.com\/web\/wp-json\/wp\/v2\/categories?post=34611"},{"taxonomy":"post_tag","embeddable":true,"href":"https:\/\/bisbalpenedes.com\/web\/wp-json\/wp\/v2\/tags?post=34611"}],"curies":[{"name":"wp","href":"https:\/\/api.w.org\/{rel}","templated":true}]}}