{"id":34606,"date":"2025-09-02T12:28:48","date_gmt":"2025-09-02T10:28:48","guid":{"rendered":"https:\/\/bisbalpenedes.com\/web\/?p=34606"},"modified":"2025-09-15T08:40:32","modified_gmt":"2025-09-15T06:40:32","slug":"la-bisbal-del-penedes-acull-el-cicle-periferia-cultural-amb-dos-espectacles-musicals-el-13-de-setembre","status":"publish","type":"post","link":"https:\/\/bisbalpenedes.com\/web\/2025\/09\/02\/la-bisbal-del-penedes-acull-el-cicle-periferia-cultural-amb-dos-espectacles-musicals-el-13-de-setembre\/","title":{"rendered":"<strong>La Bisbal del Pened\u00e8s acull el cicle Perif\u00e8ria Cultural amb dos espectacles musicals el 13 de setembre<\/strong>"},"content":{"rendered":"\n<p><strong>Anda-Lutz i L&#8217;Arann\u00e0 oferiran un viatge musical per la Mediterr\u00e0nia en una proposta gratu\u00efta acompanyada d&#8217;una oferta gastron\u00f2mica local<\/strong><\/p>\n\n\n\n<p>La Bisbal acollir\u00e0 el proper 13 de setembre una de les aturades del cicle <strong>Perif\u00e8ria Cultural<\/strong>, una iniciativa que porta la cultura, el territori i la gastronomia dels Pa\u00efsos Catalans a m\u00e9s d&#8217;una trentena de pobles diferents entre els mesos de juny i octubre.<\/p>\n\n\n\n<p>L&#8217;esdeveniment, que comen\u00e7ar\u00e0 a les 19 hores a la pla\u00e7a de l&#8217;Esgl\u00e9sia, oferir\u00e0 dues propostes musicals gratu\u00eftes: <strong>Anda-Lutz<\/strong> i <strong>L&#8217;Arann\u00e0<\/strong>, ambdues centrades en la recuperaci\u00f3 i reinterpretaci\u00f3 de la m\u00fasica tradicional mediterr\u00e0nia.<\/p>\n\n\n\n<p><strong>Un viatge musical des d&#8217;Occit\u00e0nia fins a Al-\u00c0ndalus<\/strong><\/p>\n\n\n\n<p><strong>Anda-Lutz<\/strong>, liderat pel m\u00fasic occit\u00e0 <strong>Guillaume Lopez<\/strong>, proposa un recorregut musical que connecta les melodies de l&#8217;Europa continental amb el Magreb, passant per les terres mediterr\u00e0nies de la Pen\u00ednsula Ib\u00e8rica. Lopez, n\u00e9t de republicans espanyols exiliats a Tolosa de Llenguadoc, s&#8217;ha especialitzat durant les \u00faltimes d\u00e8cades en la recuperaci\u00f3 i actualitzaci\u00f3 de la m\u00fasica d&#8217;arrel tradicional mediterr\u00e0nia.<\/p>\n\n\n\n<p>El nom del projecte ja anticipa la proposta: &#8220;Anda&#8221; significa &#8220;camina&#8221; en castell\u00e0, mentre que &#8220;Lutz&#8221; vol dir &#8220;llum&#8221; en occit\u00e0, configurant aix\u00ed un &#8220;cam\u00ed musical&#8221; il\u00b7luminat que ressegueix l&#8217;antiga Al-\u00c0ndalus.<\/p>\n\n\n\n<p><strong>L&#8217;experimentaci\u00f3 sonora de les Piti\u00fcses<\/strong><\/p>\n\n\n\n<p>Per la seva banda, el duet eivissenc-catal\u00e0 <strong>L&#8217;Arann\u00e0<\/strong> presentar\u00e0 <em>Turmar\u00ed<\/em>, un espectacle que s&#8217;endinsa en la tradici\u00f3 musical de les illes Piti\u00fcses amb una mirada experimental i contempor\u00e0nia. La proposta combina sintetitzadors i teclats amb instruments tradicionals com castanyoles, tambor, espas\u00ed i fla\u00fcta, creant un di\u00e0leg entre la modernitat i les est\u00e8tiques del ball pag\u00e8s.<\/p>\n\n\n\n<p>Entre glosses i cants redoblats, alguns rescatats d&#8217;arxius sonors i altres de creaci\u00f3 pr\u00f2pia, L&#8217;Arann\u00e0 tra\u00e7a un relat que explora la realitat i les arrels d&#8217;Eivissa i Formentera m\u00e9s enll\u00e0 de la imatge tur\u00edstica convencional.<\/p>\n\n\n\n<p><strong>Cultura i gastronomia de proximitat<\/strong><\/p>\n\n\n\n<p><strong>Perif\u00e8ria Cultural<\/strong> aposta per espectacles de format mitj\u00e0 que es troben fora dels grans circuits comercials, oferint m\u00e9s d&#8217;una trentena d&#8217;actuacions en catal\u00e0 i occit\u00e0 d&#8217;artistes d&#8217;arreu del domini ling\u00fc\u00edstic. Cada proposta s&#8217;acompanya d&#8217;una oferta gastron\u00f2mica elaborada amb productes i productors locals, amb horaris, formats i preus assequibles per a tothom.<\/p>\n\n\n\n<p>L&#8217;espectacle del 13 de setembre a la Bisbal del Pened\u00e8s ser\u00e0 gratu\u00eft, tot i que caldr\u00e0 agafar entrada anticipada si tamb\u00e9 voleu gaudir del sopar de Terra i Taula.<\/p>\n\n\n\n<ul><li>Tast: Bra\u00f3 rostit al vi negre i full de crema i fruita (no inclou la beguda).<\/li><li>Sopar: Empedrat de bacall\u00e0, bra\u00f3 rostit al vi negre i full de crema i fruita. Beguda inclosa.<\/li><\/ul>\n\n\n\n<p>Si voleu fer el tast gastron\u00f2mic o el sopar, podeu comprar el tiquet aqu\u00ed: <\/p>\n\n\n\n<div class=\"wp-container-1 wp-block-buttons\">\n<div class=\"wp-block-button\"><a class=\"wp-block-button__link\" href=\"https:\/\/sensecues.cat\/entrades\/periferia-cultural\/57\/anda-lutz-laranna\">COMPRA DE TIQUETS<\/a><\/div>\n<\/div>\n\n\n\n<hr class=\"wp-block-separator has-alpha-channel-opacity\"\/>\n\n\n\n<h2><strong>La Bisbal del Pened\u00e8s acoge el ciclo Perif<\/strong><strong>\u00e8<\/strong><strong>ria Cultural con dos espect\u00e1culos musicales el 13 de septiembre<\/strong><\/h2>\n\n\n\n<p><strong>Anda-Lutz y L&#8217;Arann\u00e0 ofrecer\u00e1n un viaje musical por el Mediterr\u00e1neo en una propuesta gratuita acompa\u00f1ada de una oferta gastron\u00f3mica local<\/strong><\/p>\n\n\n\n<p>La Bisbal acoger\u00e1 el pr\u00f3ximo 13 de septiembre una de las paradas del ciclo <strong>Perif<\/strong><strong>\u00e8<\/strong><strong>ria Cultural<\/strong>, una iniciativa que lleva la cultura, el territorio y la gastronom\u00eda de los Pa\u00edses Catalanes a m\u00e1s de una treintena de pueblos diferentes entre los meses de junio y octubre.<\/p>\n\n\n\n<p>El evento, que comenzar\u00e1 a las 19 horas en la plaza de la Esgl\u00e9sia, ofrecer\u00e1 dos propuestas musicales gratuitas: <strong>Anda-Lutz<\/strong> y <strong>L&#8217;Arann\u00e0<\/strong>, ambas centradas en la recuperaci\u00f3n y reinterpretaci\u00f3n de la m\u00fasica tradicional mediterr\u00e1nea.<\/p>\n\n\n\n<p><strong>Un viaje musical desde Occitania hasta Al-\u00c1ndalus<\/strong><\/p>\n\n\n\n<p><strong>Anda-Lutz<\/strong>, liderado por el m\u00fasico occitano <strong>Guillaume L\u00f3pez<\/strong>, propone un recorrido musical que conecta las melod\u00edas de la Europa continental con el Magreb, pasando por las tierras mediterr\u00e1neas de la Pen\u00ednsula Ib\u00e9rica. L\u00f3pez, nieto de republicanos espa\u00f1oles exiliados en Toulouse de Languedoc, se ha especializado durante las \u00faltimas d\u00e9cadas en la recuperaci\u00f3n y actualizaci\u00f3n de la m\u00fasica de ra\u00edz tradicional mediterr\u00e1nea.<\/p>\n\n\n\n<p>El nombre del proyecto ya anticipa la propuesta: &#8220;Anda&#8221; significa &#8220;camina&#8221; en castellano, mientras que &#8220;Lutz&#8221; quiere decir &#8220;luz&#8221; en occitano, configurando as\u00ed un &#8220;camino musical&#8221; iluminado que recorre la antigua Al-\u00c1ndalus.<\/p>\n\n\n\n<p><strong>La experimentaci\u00f3n sonora de las Pitiusas<\/strong><\/p>\n\n\n\n<p>Por su parte, el d\u00fao ibicenco-catal\u00e1n <strong>L&#8217;Arann\u00e0<\/strong> presentar\u00e1 <em>Turmar\u00ed<\/em>, un espect\u00e1culo que se adentra en la tradici\u00f3n musical de las islas Pitiusas con una mirada experimental y contempor\u00e1nea. La propuesta combina sintetizadores y teclados con instrumentos tradicionales como casta\u00f1uelas, tambor, espas\u00ed y flauta, creando un di\u00e1logo entre la modernidad y las est\u00e9ticas del baile pay\u00e9s.<\/p>\n\n\n\n<p>Entre glosas y cantos redoblados, algunos rescatados de archivos sonoros y otros de creaci\u00f3n propia, L&#8217;Arann\u00e0 traza un relato que explora la realidad y las ra\u00edces de Ibiza y Formentera m\u00e1s all\u00e1 de la imagen tur\u00edstica convencional.<\/p>\n\n\n\n<p><strong>Cultura y gastronom\u00eda de proximidad<\/strong><\/p>\n\n\n\n<p><strong>Periferia Cultural<\/strong> apuesta por espect\u00e1culos de formato medio que se encuentran fuera de los grandes circuitos comerciales, ofreciendo m\u00e1s de una treintena de actuaciones en catal\u00e1n y occitano de artistas de todo el dominio ling\u00fc\u00edstico. Cada propuesta se acompa\u00f1a de una oferta gastron\u00f3mica elaborada con productos y productores locales, con horarios, formatos y precios asequibles para todos.<\/p>\n\n\n\n<p>El espect\u00e1culo del 13 de septiembre en la Bisbal del Pened\u00e8s ser\u00e1 gratuito, aunque ser\u00e1 necesario coger entrada anticipada si tambi\u00e9n quer\u00e9is disfrutar de la cena de Terra i Taula.<\/p>\n\n\n\n<ul><li>Cata: Codillo asado al vino tinto y hojaldre de crema y fruta (no incluye la bebida).<\/li><li>Cena: Empedrado de bacalao, codillo asado al vino tinto y hojaldre de crema y fruta. Bebida incluida.<\/li><\/ul>\n\n\n\n<p>Si quer\u00e9is disfrutar de la degustaci\u00f3n gastron\u00f3mica o la cena, pod\u00e9is comprar el ticket aqu\u00ed: <\/p>\n\n\n\n<div class=\"wp-container-2 wp-block-buttons\">\n<div class=\"wp-block-button\"><a class=\"wp-block-button__link\" href=\"https:\/\/sensecues.cat\/entrades\/periferia-cultural\/57\/anda-lutz-laranna\" target=\"_blank\" rel=\"noreferrer noopener\">COMPRA DE TICKETS<\/a><\/div>\n<\/div>\n","protected":false},"excerpt":{"rendered":"<p>Anda-Lutz i L&#8217;Arann\u00e0 oferiran un viatge musical per la Mediterr\u00e0nia en una proposta gratu\u00efta acompanyada d&#8217;una oferta gastron\u00f2mica local La Bisbal acollir\u00e0 el proper 13 de setembre una de les &hellip; <a href=\"https:\/\/bisbalpenedes.com\/web\/2025\/09\/02\/la-bisbal-del-penedes-acull-el-cicle-periferia-cultural-amb-dos-espectacles-musicals-el-13-de-setembre\/\" class=\"more-link\">Read More<\/a><\/p>\n","protected":false},"author":4,"featured_media":34607,"comment_status":"closed","ping_status":"closed","sticky":false,"template":"","format":"standard","meta":[],"categories":[13,8],"tags":[7153,7152,72,126],"_links":{"self":[{"href":"https:\/\/bisbalpenedes.com\/web\/wp-json\/wp\/v2\/posts\/34606"}],"collection":[{"href":"https:\/\/bisbalpenedes.com\/web\/wp-json\/wp\/v2\/posts"}],"about":[{"href":"https:\/\/bisbalpenedes.com\/web\/wp-json\/wp\/v2\/types\/post"}],"author":[{"embeddable":true,"href":"https:\/\/bisbalpenedes.com\/web\/wp-json\/wp\/v2\/users\/4"}],"replies":[{"embeddable":true,"href":"https:\/\/bisbalpenedes.com\/web\/wp-json\/wp\/v2\/comments?post=34606"}],"version-history":[{"count":4,"href":"https:\/\/bisbalpenedes.com\/web\/wp-json\/wp\/v2\/posts\/34606\/revisions"}],"predecessor-version":[{"id":34716,"href":"https:\/\/bisbalpenedes.com\/web\/wp-json\/wp\/v2\/posts\/34606\/revisions\/34716"}],"wp:featuredmedia":[{"embeddable":true,"href":"https:\/\/bisbalpenedes.com\/web\/wp-json\/wp\/v2\/media\/34607"}],"wp:attachment":[{"href":"https:\/\/bisbalpenedes.com\/web\/wp-json\/wp\/v2\/media?parent=34606"}],"wp:term":[{"taxonomy":"category","embeddable":true,"href":"https:\/\/bisbalpenedes.com\/web\/wp-json\/wp\/v2\/categories?post=34606"},{"taxonomy":"post_tag","embeddable":true,"href":"https:\/\/bisbalpenedes.com\/web\/wp-json\/wp\/v2\/tags?post=34606"}],"curies":[{"name":"wp","href":"https:\/\/api.w.org\/{rel}","templated":true}]}}