{"id":34577,"date":"2025-08-29T16:54:58","date_gmt":"2025-08-29T14:54:58","guid":{"rendered":"https:\/\/bisbalpenedes.com\/web\/?p=34577"},"modified":"2025-08-29T16:54:58","modified_gmt":"2025-08-29T14:54:58","slug":"la-nova-tecnica-en-contractacio-publica-pren-possessio-del-seu-lloc-de-treball","status":"publish","type":"post","link":"https:\/\/bisbalpenedes.com\/web\/2025\/08\/29\/la-nova-tecnica-en-contractacio-publica-pren-possessio-del-seu-lloc-de-treball\/","title":{"rendered":"<strong>La nova t\u00e8cnica en contractaci\u00f3 p\u00fablica pren possessi\u00f3 del seu lloc de treball<\/strong>"},"content":{"rendered":"\n<p>El passat dilluns 25 d&#8217;agost va prendre possessi\u00f3 del seu lloc de treball la nova t\u00e8cnica en contractaci\u00f3 p\u00fablica per execuci\u00f3 de projecte temporal, la Sra. Marta Mercader.<\/p>\n\n\n\n<p>La Sra. Mercader va quedar en primera posici\u00f3 en el proc\u00e9s selectiu per a la provisi\u00f3 d&#8217;una pla\u00e7a de t\u00e8cnica en contractaci\u00f3 p\u00fablica per execuci\u00f3 de projecte temporal, resolt mitjan\u00e7ant concurs-oposici\u00f3.<\/p>\n\n\n\n<p>L&#8217;alcaldessa Agn\u00e8s Ferr\u00e9 va donar personalment la benvinguda a la treballadora. Disposar d&#8217;aquesta treballadora far\u00e0 que l&#8217;Ajuntament pugui millorar la seva capacitat t\u00e8cnica en l&#8217;\u00e0mbit de la contractaci\u00f3 p\u00fablica, una \u00e0rea clau per al desenvolupament dels projectes i serveis municipals que redunden en benefici de la ciutadania.<\/p>\n\n\n\n<p>La figura d&#8217;aquesta nova treballadora \u00e9s especialment important, ja que la contractaci\u00f3 p\u00fablica municipal requereix una especialitzaci\u00f3 t\u00e8cnica cada vegada m\u00e9s elevada, donada la complexitat normativa i la necessitat de garantir la transpar\u00e8ncia i l&#8217;efici\u00e8ncia en la gesti\u00f3 dels recursos p\u00fablics.<\/p>\n\n\n\n<hr class=\"wp-block-separator has-alpha-channel-opacity\"\/>\n\n\n\n<h2><strong>La nueva t\u00e9cnica en contrataci\u00f3n p\u00fablica toma posesi\u00f3n de su puesto de trabajo<\/strong><\/h2>\n\n\n\n<p>El pasado lunes 25 de agosto tom\u00f3 posesi\u00f3n de su puesto de trabajo la nueva t\u00e9cnica en contrataci\u00f3n p\u00fablica para ejecuci\u00f3n de proyecto temporal, la Sra. Marta Mercader.<\/p>\n\n\n\n<p>La Sra. Mercader qued\u00f3 en primera posici\u00f3n en el proceso selectivo para la provisi\u00f3n de una plaza de t\u00e9cnica en contrataci\u00f3n p\u00fablica para ejecuci\u00f3n de proyecto temporal, resuelto mediante concurso-oposici\u00f3n.<\/p>\n\n\n\n<p>La alcaldesa Agn\u00e8s Ferr\u00e9 dio personalmente la bienvenida a la trabajadora. Disponer de esta trabajadora har\u00e1 que el Ayuntamiento pueda mejorar su capacidad t\u00e9cnica en el \u00e1mbito de la contrataci\u00f3n p\u00fablica, un \u00e1rea clave para el desarrollo de los proyectos y servicios municipales que redundan en beneficio de la ciudadan\u00eda.<\/p>\n\n\n\n<p>La figura de esta nueva trabajadora es especialmente importante, ya que la contrataci\u00f3n p\u00fablica municipal requiere una especializaci\u00f3n t\u00e9cnica cada vez m\u00e1s elevada, dada la complejidad normativa y la necesidad de garantizar la transparencia y la eficiencia en la gesti\u00f3n de los recursos p\u00fablicos.<\/p>\n","protected":false},"excerpt":{"rendered":"<p>El passat dilluns 25 d&#8217;agost va prendre possessi\u00f3 del seu lloc de treball la nova t\u00e8cnica en contractaci\u00f3 p\u00fablica per execuci\u00f3 de projecte temporal, la Sra. Marta Mercader. La Sra. &hellip; <a href=\"https:\/\/bisbalpenedes.com\/web\/2025\/08\/29\/la-nova-tecnica-en-contractacio-publica-pren-possessio-del-seu-lloc-de-treball\/\" class=\"more-link\">Read More<\/a><\/p>\n","protected":false},"author":4,"featured_media":34579,"comment_status":"closed","ping_status":"closed","sticky":false,"template":"","format":"standard","meta":[],"categories":[2402,8],"tags":[459,317,3229,393,7146],"_links":{"self":[{"href":"https:\/\/bisbalpenedes.com\/web\/wp-json\/wp\/v2\/posts\/34577"}],"collection":[{"href":"https:\/\/bisbalpenedes.com\/web\/wp-json\/wp\/v2\/posts"}],"about":[{"href":"https:\/\/bisbalpenedes.com\/web\/wp-json\/wp\/v2\/types\/post"}],"author":[{"embeddable":true,"href":"https:\/\/bisbalpenedes.com\/web\/wp-json\/wp\/v2\/users\/4"}],"replies":[{"embeddable":true,"href":"https:\/\/bisbalpenedes.com\/web\/wp-json\/wp\/v2\/comments?post=34577"}],"version-history":[{"count":2,"href":"https:\/\/bisbalpenedes.com\/web\/wp-json\/wp\/v2\/posts\/34577\/revisions"}],"predecessor-version":[{"id":34580,"href":"https:\/\/bisbalpenedes.com\/web\/wp-json\/wp\/v2\/posts\/34577\/revisions\/34580"}],"wp:featuredmedia":[{"embeddable":true,"href":"https:\/\/bisbalpenedes.com\/web\/wp-json\/wp\/v2\/media\/34579"}],"wp:attachment":[{"href":"https:\/\/bisbalpenedes.com\/web\/wp-json\/wp\/v2\/media?parent=34577"}],"wp:term":[{"taxonomy":"category","embeddable":true,"href":"https:\/\/bisbalpenedes.com\/web\/wp-json\/wp\/v2\/categories?post=34577"},{"taxonomy":"post_tag","embeddable":true,"href":"https:\/\/bisbalpenedes.com\/web\/wp-json\/wp\/v2\/tags?post=34577"}],"curies":[{"name":"wp","href":"https:\/\/api.w.org\/{rel}","templated":true}]}}