{"id":34569,"date":"2025-08-28T09:48:46","date_gmt":"2025-08-28T07:48:46","guid":{"rendered":"https:\/\/bisbalpenedes.com\/web\/?p=34569"},"modified":"2025-08-28T09:48:46","modified_gmt":"2025-08-28T07:48:46","slug":"avis-per-intensitat-de-pluja-i-possible-temps-violent-per-avui-dijous-28-dagost","status":"publish","type":"post","link":"https:\/\/bisbalpenedes.com\/web\/2025\/08\/28\/avis-per-intensitat-de-pluja-i-possible-temps-violent-per-avui-dijous-28-dagost\/","title":{"rendered":"Av\u00eds per intensitat de pluja i possible temps violent per avui dijous 28 d&#8217;agost"},"content":{"rendered":"\n<p>El Servei Meteorol\u00f2gic de Catalunya ha em\u00e8s un av\u00eds per intensitat de pluja per AVUI dijous. Els x\u00e0fecs aniran acompanyats de tempesta i localment de fen\u00f2mens de temps violent. Extremeu les precaucions.<\/p>\n\n\n\n<hr class=\"wp-block-separator has-alpha-channel-opacity\"\/>\n\n\n\n<p>El Servei Meteorol\u00f2gic de Catalunya ha emitido un aviso por intensidad de lluvia para HOY jueves. Los chubascos ir\u00e1n acompa\u00f1ados de tormenta y localmente de fen\u00f3menos de tiempo violento. Extremad las precauciones.<\/p>\n\n\n\n<p><\/p>\n\n\n\n<figure class=\"wp-block-image size-large\"><img loading=\"lazy\" width=\"1024\" height=\"793\" src=\"https:\/\/bisbalpenedes.com\/web\/wp-content\/uploads\/2025\/08\/Captura-de-pantalla-2025-08-28-a-les-9.44.04-1024x793.png\" alt=\"\" class=\"wp-image-34570\" srcset=\"https:\/\/bisbalpenedes.com\/web\/wp-content\/uploads\/2025\/08\/Captura-de-pantalla-2025-08-28-a-les-9.44.04-1024x793.png 1024w, https:\/\/bisbalpenedes.com\/web\/wp-content\/uploads\/2025\/08\/Captura-de-pantalla-2025-08-28-a-les-9.44.04-300x232.png 300w, https:\/\/bisbalpenedes.com\/web\/wp-content\/uploads\/2025\/08\/Captura-de-pantalla-2025-08-28-a-les-9.44.04-768x595.png 768w, https:\/\/bisbalpenedes.com\/web\/wp-content\/uploads\/2025\/08\/Captura-de-pantalla-2025-08-28-a-les-9.44.04-1536x1190.png 1536w, https:\/\/bisbalpenedes.com\/web\/wp-content\/uploads\/2025\/08\/Captura-de-pantalla-2025-08-28-a-les-9.44.04-2048x1586.png 2048w, https:\/\/bisbalpenedes.com\/web\/wp-content\/uploads\/2025\/08\/Captura-de-pantalla-2025-08-28-a-les-9.44.04-600x465.png 600w\" sizes=\"(max-width: 1024px) 100vw, 1024px\" \/><\/figure>\n","protected":false},"excerpt":{"rendered":"<p>El Servei Meteorol\u00f2gic de Catalunya ha em\u00e8s un av\u00eds per intensitat de pluja per AVUI dijous. Els x\u00e0fecs aniran acompanyats de tempesta i localment de fen\u00f2mens de temps violent. Extremeu &hellip; <a href=\"https:\/\/bisbalpenedes.com\/web\/2025\/08\/28\/avis-per-intensitat-de-pluja-i-possible-temps-violent-per-avui-dijous-28-dagost\/\" class=\"more-link\">Read More<\/a><\/p>\n","protected":false},"author":4,"featured_media":34571,"comment_status":"closed","ping_status":"closed","sticky":false,"template":"","format":"standard","meta":[],"categories":[1628,2543,8],"tags":[4613,393,1188,2920,7145],"_links":{"self":[{"href":"https:\/\/bisbalpenedes.com\/web\/wp-json\/wp\/v2\/posts\/34569"}],"collection":[{"href":"https:\/\/bisbalpenedes.com\/web\/wp-json\/wp\/v2\/posts"}],"about":[{"href":"https:\/\/bisbalpenedes.com\/web\/wp-json\/wp\/v2\/types\/post"}],"author":[{"embeddable":true,"href":"https:\/\/bisbalpenedes.com\/web\/wp-json\/wp\/v2\/users\/4"}],"replies":[{"embeddable":true,"href":"https:\/\/bisbalpenedes.com\/web\/wp-json\/wp\/v2\/comments?post=34569"}],"version-history":[{"count":1,"href":"https:\/\/bisbalpenedes.com\/web\/wp-json\/wp\/v2\/posts\/34569\/revisions"}],"predecessor-version":[{"id":34572,"href":"https:\/\/bisbalpenedes.com\/web\/wp-json\/wp\/v2\/posts\/34569\/revisions\/34572"}],"wp:featuredmedia":[{"embeddable":true,"href":"https:\/\/bisbalpenedes.com\/web\/wp-json\/wp\/v2\/media\/34571"}],"wp:attachment":[{"href":"https:\/\/bisbalpenedes.com\/web\/wp-json\/wp\/v2\/media?parent=34569"}],"wp:term":[{"taxonomy":"category","embeddable":true,"href":"https:\/\/bisbalpenedes.com\/web\/wp-json\/wp\/v2\/categories?post=34569"},{"taxonomy":"post_tag","embeddable":true,"href":"https:\/\/bisbalpenedes.com\/web\/wp-json\/wp\/v2\/tags?post=34569"}],"curies":[{"name":"wp","href":"https:\/\/api.w.org\/{rel}","templated":true}]}}