{"id":34561,"date":"2025-08-28T08:52:16","date_gmt":"2025-08-28T06:52:16","guid":{"rendered":"https:\/\/bisbalpenedes.com\/web\/?p=34561"},"modified":"2025-11-26T14:51:53","modified_gmt":"2025-11-26T12:51:53","slug":"el-dilluns-1-de-setembre-torna-la-gimnastica-per-a-la-gent-gran-el-dilluns-8-de-setembre-tornen-les-activitats-de-dinamitzacio","status":"publish","type":"post","link":"https:\/\/bisbalpenedes.com\/web\/2025\/08\/28\/el-dilluns-1-de-setembre-torna-la-gimnastica-per-a-la-gent-gran-el-dilluns-8-de-setembre-tornen-les-activitats-de-dinamitzacio\/","title":{"rendered":"El dilluns 1 de setembre torna la gimn\u00e0stica per a la gent gran &#8211; El dilluns 8 de setembre tornen les activitats de dinamitzaci\u00f3"},"content":{"rendered":"\n<p>Amb l&#8217;inici de setembre, tornen les activitats per a la gent gran!<\/p>\n\n\n\n<p>A partir del dilluns 1 de setembre podeu tornar a gaudir de les activitats de gimn\u00e0stica del Rac\u00f3 de la Gent Gran i els locals socials de La Miralba, Can Gordei i el Priorat.<\/p>\n\n\n\n<p>A partir del dilluns 8 de setembre podreu tornar a gaudir de les activitats de dinamitzaci\u00f3: mem\u00f2ria, inform\u00e0tica, catal\u00e0&#8230;<\/p>\n\n\n\n<p>Aquest retorn d\u2019activitats t\u00e9 com a objectiu promoure l\u2019estat de salut, el benestar i la cohesi\u00f3 social de les persones grans del municipi, oferint opcions d\u2019activitat f\u00edsica, formaci\u00f3, relaci\u00f3 i dinamitzaci\u00f3 comunit\u00e0ria, despr\u00e9s del per\u00edode de pausa estival.<\/p>\n\n\n\n<p>Aquestes activitats formen part de les accions que es poden integrar en el marc del Pla ImpulsDipta \u2014el mecanisme de cooperaci\u00f3 de la Diputaci\u00f3 de Tarragona amb els ajuntaments per impulsar projectes locals de serveis de Salut<\/p>\n\n\n\n<p>Gr\u00e0cies a aquest suport de la Diputaci\u00f3, l\u2019Ajuntament pot assegurar la continu\u00eftat i qualitat del servei per a la gent gran, facilitant l\u2019organitzaci\u00f3, la gesti\u00f3 i la coordinaci\u00f3 de les activitats.<\/p>\n\n\n\n<p>La reactivaci\u00f3 de les activitats s\u2019ha comunicat al web municipal i a les xarxes socials, convidant a tots els ve\u00efns i ve\u00efnes grans del municipi a participar-hi.<\/p>\n\n\n\n<p>Amb aquesta mesura, La Bisbal del Pened\u00e8s refor\u00e7a el seu comprom\u00eds amb l\u2019envelliment actiu, la salut i la inclusi\u00f3 social de les persones grans. Recuperar activitats com gimn\u00e0stica, formaci\u00f3 i dinamitzaci\u00f3 comunit\u00e0ria contribueix a fomentar la qualitat de vida, la participaci\u00f3, l\u2019oci saludable i la relaci\u00f3 social entre la poblaci\u00f3 gran del municipi<\/p>\n\n\n\n<p>Per a m\u00e9s informaci\u00f3, adreceu-vos a la Regidoria de la Gent Gran, tel: 601 984 491<\/p>\n\n\n\n<p>#SalutPublica #ImpulsDipta<\/p>\n\n\n\n<p>Amb el suport de @Dipta_cat<\/p>\n\n\n\n<figure class=\"wp-block-image size-large\"><img loading=\"lazy\" width=\"1024\" height=\"203\" src=\"https:\/\/bisbalpenedes.com\/web\/wp-content\/uploads\/2025\/08\/peudipta-1024x203.jpg\" alt=\"\" class=\"wp-image-34414\" srcset=\"https:\/\/bisbalpenedes.com\/web\/wp-content\/uploads\/2025\/08\/peudipta-1024x203.jpg 1024w, https:\/\/bisbalpenedes.com\/web\/wp-content\/uploads\/2025\/08\/peudipta-300x59.jpg 300w, https:\/\/bisbalpenedes.com\/web\/wp-content\/uploads\/2025\/08\/peudipta-768x152.jpg 768w, https:\/\/bisbalpenedes.com\/web\/wp-content\/uploads\/2025\/08\/peudipta-600x119.jpg 600w, https:\/\/bisbalpenedes.com\/web\/wp-content\/uploads\/2025\/08\/peudipta.jpg 1374w\" sizes=\"(max-width: 1024px) 100vw, 1024px\" \/><\/figure>\n\n\n\n<hr class=\"wp-block-separator has-alpha-channel-opacity\"\/>\n\n\n\n<p>Con el inicio de septiembre, \u00a1Vuelven las actividades para la gente mayor!<\/p>\n\n\n\n<p>A partir de hoy lunes 1 de septiembre pod\u00e9is volver a disfrutar de las actividades de gimnasia del Rac\u00f3 de la Gent Gran y los locales sociales de La Miralba, Can Gordei y el Priorat.<\/p>\n\n\n\n<p>A partir del lunes 8 de septiembre podr\u00e9is volver a disfrutar de las actividades de dinamizaci\u00f3n, memoria, inform\u00e1tica, catal\u00e1n&#8230;<\/p>\n\n\n\n<p>Para m\u00e1s informaci\u00f3n, dirig\u00edos a la Concejal\u00eda de la Gent Gran, tel: 601 984 491<\/p>\n","protected":false},"excerpt":{"rendered":"<p>Amb l&#8217;inici de setembre, tornen les activitats per a la gent gran! A partir del dilluns 1 de setembre podeu tornar a gaudir de les activitats de gimn\u00e0stica del Rac\u00f3 &hellip; <a href=\"https:\/\/bisbalpenedes.com\/web\/2025\/08\/28\/el-dilluns-1-de-setembre-torna-la-gimnastica-per-a-la-gent-gran-el-dilluns-8-de-setembre-tornen-les-activitats-de-dinamitzacio\/\" class=\"more-link\">Read More<\/a><\/p>\n","protected":false},"author":4,"featured_media":34562,"comment_status":"closed","ping_status":"closed","sticky":false,"template":"","format":"standard","meta":[],"categories":[464,8],"tags":[198,1359,305,83,393,246,520,2115],"_links":{"self":[{"href":"https:\/\/bisbalpenedes.com\/web\/wp-json\/wp\/v2\/posts\/34561"}],"collection":[{"href":"https:\/\/bisbalpenedes.com\/web\/wp-json\/wp\/v2\/posts"}],"about":[{"href":"https:\/\/bisbalpenedes.com\/web\/wp-json\/wp\/v2\/types\/post"}],"author":[{"embeddable":true,"href":"https:\/\/bisbalpenedes.com\/web\/wp-json\/wp\/v2\/users\/4"}],"replies":[{"embeddable":true,"href":"https:\/\/bisbalpenedes.com\/web\/wp-json\/wp\/v2\/comments?post=34561"}],"version-history":[{"count":2,"href":"https:\/\/bisbalpenedes.com\/web\/wp-json\/wp\/v2\/posts\/34561\/revisions"}],"predecessor-version":[{"id":35374,"href":"https:\/\/bisbalpenedes.com\/web\/wp-json\/wp\/v2\/posts\/34561\/revisions\/35374"}],"wp:featuredmedia":[{"embeddable":true,"href":"https:\/\/bisbalpenedes.com\/web\/wp-json\/wp\/v2\/media\/34562"}],"wp:attachment":[{"href":"https:\/\/bisbalpenedes.com\/web\/wp-json\/wp\/v2\/media?parent=34561"}],"wp:term":[{"taxonomy":"category","embeddable":true,"href":"https:\/\/bisbalpenedes.com\/web\/wp-json\/wp\/v2\/categories?post=34561"},{"taxonomy":"post_tag","embeddable":true,"href":"https:\/\/bisbalpenedes.com\/web\/wp-json\/wp\/v2\/tags?post=34561"}],"curies":[{"name":"wp","href":"https:\/\/api.w.org\/{rel}","templated":true}]}}