{"id":34558,"date":"2025-08-27T08:08:24","date_gmt":"2025-08-27T06:08:24","guid":{"rendered":"https:\/\/bisbalpenedes.com\/web\/?p=34558"},"modified":"2025-08-27T08:08:24","modified_gmt":"2025-08-27T06:08:24","slug":"lajuntament-renova-el-conveni-amb-el-servei-catala-de-transit-per-a-la-gestio-de-les-infraccions-de-circulacio","status":"publish","type":"post","link":"https:\/\/bisbalpenedes.com\/web\/2025\/08\/27\/lajuntament-renova-el-conveni-amb-el-servei-catala-de-transit-per-a-la-gestio-de-les-infraccions-de-circulacio\/","title":{"rendered":"<strong>L&#8217;Ajuntament renova el conveni amb el Servei Catal\u00e0 de Tr\u00e0nsit per a la gesti\u00f3 de les infraccions de circulaci\u00f3<\/strong>"},"content":{"rendered":"\n<p>El Ple ordinari de l&#8217;Ajuntament de la Bisbal del Pened\u00e8s del passat 16 de juny va aprovar per unanimitat la renovaci\u00f3 del conveni amb el Servei Catal\u00e0 de Tr\u00e0nsit per a la col\u00b7laboraci\u00f3 en mat\u00e8ria d&#8217;infraccions de normes de circulaci\u00f3 que es cometin en les vies urbanes del municipi.<\/p>\n\n\n\n<p>Aquest acord, vehiculat a trav\u00e9s de les regidories de Seguretat i Via P\u00fablica, permet que el Servei Catal\u00e0 de Tr\u00e0nsit continu\u00ef assumint les facultats de den\u00fancia i sanci\u00f3 per infraccions a les normes de circulaci\u00f3 en el terme municipal.<\/p>\n\n\n\n<p>La col\u00b7laboraci\u00f3 entre l&#8217;Ajuntament i el Servei Catal\u00e0 de Tr\u00e0nsit es remunta al 2001, quan el Ple municipal va aprovar per primera vegada aquest conveni. Des d&#8217;aleshores, aquest acord s&#8217;ha anat renovant de forma continuada: es va prorrogar anualment fins al 2020, moment en qu\u00e8 es va signar un nou conveni amb una durada de quatre anys que va estar vigent fins l&#8217;abril d&#8217;aquest 2025.<\/p>\n\n\n\n<p>A finals del mes de maig, l&#8217;Ajuntament va rebre la nova proposta de conveni per part del Servei Catal\u00e0 de Tr\u00e0nsit, que ha estat aprovada per unanimitat pel Ple municipal.<\/p>\n\n\n\n<p>Aquest conveni representa una eina fonamental per garantir el compliment de les normes de circulaci\u00f3 en les vies urbanes del municipi i contribueix a millorar la seguretat vi\u00e0ria dels ciutadans de la Bisbal del Pened\u00e8s. La delegaci\u00f3 d&#8217;aquestes compet\u00e8ncies al Servei Catal\u00e0 de Tr\u00e0nsit permet una gesti\u00f3 m\u00e9s eficient i especialitzada de les infraccions de tr\u00e0nsit, assegurant un tractament uniforme i professional.<\/p>\n\n\n\n<hr class=\"wp-block-separator has-alpha-channel-opacity\"\/>\n\n\n\n<p><strong>El Ayuntamiento renueva el convenio con el Servei Catal\u00e0 de Tr\u00e0nsit para la gesti\u00f3n de las infracciones de circulaci\u00f3n<\/strong><\/p>\n\n\n\n<p>El Pleno ordinario del Ajuntament de la Bisbal del Pened\u00e8s del pasado 16 de junio aprob\u00f3 por unanimidad la renovaci\u00f3n del convenio con el Servei Catal\u00e0 de Tr\u00e0nsit para la colaboraci\u00f3n en materia de infracciones de normas de circulaci\u00f3n que se cometan en las v\u00edas urbanas del municipio.<\/p>\n\n\n\n<p>Este acuerdo, vehiculado a trav\u00e9s de las concejal\u00edas de Seguridad y V\u00eda P\u00fablica, permite que el Servei Catal\u00e0 de Tr\u00e0nsit contin\u00fae asumiendo las facultades de denuncia y sanci\u00f3n por infracciones a las normas de circulaci\u00f3n en el t\u00e9rmino municipal.<\/p>\n\n\n\n<p>La colaboraci\u00f3n entre el Ayuntamiento y el Servei Catal\u00e0 de Tr\u00e0nsit se remonta al 2001, cuando el Pleno municipal aprob\u00f3 por primera vez este convenio. Desde entonces, este acuerdo se ha ido renovando de forma continuada: se prorrog\u00f3 anualmente hasta el 2020, momento en que se firm\u00f3 un nuevo convenio con una duraci\u00f3n de cuatro a\u00f1os que estuvo vigente hasta abril de este 2025.<\/p>\n\n\n\n<p>A finales del mes de mayo, el Ayuntamiento recibi\u00f3 la nueva propuesta de convenio por parte del Servei Catal\u00e0 de Tr\u00e0nsit, que ha sido aprobada por unanimidad por el Pleno municipal.<\/p>\n\n\n\n<p>Este convenio representa una herramienta fundamental para garantizar el cumplimiento de las normas de circulaci\u00f3n en las v\u00edas urbanas del municipio y contribuye a mejorar la seguridad vial de los ciudadanos de la Bisbal del Pened\u00e8s. La delegaci\u00f3n de estas competencias al Servei Catal\u00e0 de Tr\u00e0nsit permite una gesti\u00f3n m\u00e1s eficiente y especializada de las infracciones de tr\u00e1fico, asegurando un tratamiento uniforme y profesional.<\/p>\n","protected":false},"excerpt":{"rendered":"<p>El Ple ordinari de l&#8217;Ajuntament de la Bisbal del Pened\u00e8s del passat 16 de juny va aprovar per unanimitat la renovaci\u00f3 del conveni amb el Servei Catal\u00e0 de Tr\u00e0nsit per &hellip; <a href=\"https:\/\/bisbalpenedes.com\/web\/2025\/08\/27\/lajuntament-renova-el-conveni-amb-el-servei-catala-de-transit-per-a-la-gestio-de-les-infraccions-de-circulacio\/\" class=\"more-link\">Read More<\/a><\/p>\n","protected":false},"author":4,"featured_media":34559,"comment_status":"closed","ping_status":"closed","sticky":false,"template":"","format":"standard","meta":[],"categories":[8,4149,6393],"tags":[7139,393,3401,7140],"_links":{"self":[{"href":"https:\/\/bisbalpenedes.com\/web\/wp-json\/wp\/v2\/posts\/34558"}],"collection":[{"href":"https:\/\/bisbalpenedes.com\/web\/wp-json\/wp\/v2\/posts"}],"about":[{"href":"https:\/\/bisbalpenedes.com\/web\/wp-json\/wp\/v2\/types\/post"}],"author":[{"embeddable":true,"href":"https:\/\/bisbalpenedes.com\/web\/wp-json\/wp\/v2\/users\/4"}],"replies":[{"embeddable":true,"href":"https:\/\/bisbalpenedes.com\/web\/wp-json\/wp\/v2\/comments?post=34558"}],"version-history":[{"count":1,"href":"https:\/\/bisbalpenedes.com\/web\/wp-json\/wp\/v2\/posts\/34558\/revisions"}],"predecessor-version":[{"id":34560,"href":"https:\/\/bisbalpenedes.com\/web\/wp-json\/wp\/v2\/posts\/34558\/revisions\/34560"}],"wp:featuredmedia":[{"embeddable":true,"href":"https:\/\/bisbalpenedes.com\/web\/wp-json\/wp\/v2\/media\/34559"}],"wp:attachment":[{"href":"https:\/\/bisbalpenedes.com\/web\/wp-json\/wp\/v2\/media?parent=34558"}],"wp:term":[{"taxonomy":"category","embeddable":true,"href":"https:\/\/bisbalpenedes.com\/web\/wp-json\/wp\/v2\/categories?post=34558"},{"taxonomy":"post_tag","embeddable":true,"href":"https:\/\/bisbalpenedes.com\/web\/wp-json\/wp\/v2\/tags?post=34558"}],"curies":[{"name":"wp","href":"https:\/\/api.w.org\/{rel}","templated":true}]}}