{"id":34553,"date":"2025-08-27T07:25:32","date_gmt":"2025-08-27T05:25:32","guid":{"rendered":"https:\/\/bisbalpenedes.com\/web\/?p=34553"},"modified":"2025-08-27T07:26:29","modified_gmt":"2025-08-27T05:26:29","slug":"les-festes-locals-del-2026-seran-el-23-dabril-i-el-14-dagost","status":"publish","type":"post","link":"https:\/\/bisbalpenedes.com\/web\/2025\/08\/27\/les-festes-locals-del-2026-seran-el-23-dabril-i-el-14-dagost\/","title":{"rendered":"Les festes locals del 2026 seran el 23 d&#8217;abril i el 14 d&#8217;agost"},"content":{"rendered":"\n<p>Un any m\u00e9s, l&#8217;Ajuntament de la Bisbal del Pened\u00e8s ha aprovat les festes locals de la Bisbal del Pened\u00e8s per a l&#8217;any vinent. En aquest cas, seran el dijous 23 d&#8217;abril (Diada de Sant Jordi) i el divendres 14 d&#8217;agost (Festa Major). Com \u00e9s habitual, el Diari Oficial de la Generalitat de Catalunya va publicar el calendari oficial de festes laborals a Catalunya per a l&#8217;any 2026 el passat mes de maig. En aquesta mateixa publicaci\u00f3, indicava que els Ajuntaments havien de fixar dues festes locals, retribu\u00efdes i no recuperables.<\/p>\n\n\n\n<hr class=\"wp-block-separator has-alpha-channel-opacity\"\/>\n\n\n\n<h2><strong>Las fiestas locales del 2026 ser\u00e1n el 23 de abril y el 14 de agosto<\/strong><\/h2>\n\n\n\n<p>Un a\u00f1o m\u00e1s, el Ajuntament de la Bisbal del Pened\u00e8s ha aprobado las fiestas locales de la Bisbal del Pened\u00e8s para el a\u00f1o pr\u00f3ximo. En este caso, ser\u00e1n el jueves 23 de abril (D\u00eda de Sant Jordi) y el viernes 14 de agosto (Festa Major). Como es habitual, el Diario Oficial de la Generalitat de Catalunya public\u00f3 el calendario oficial de fiestas laborales en Catalunya para el a\u00f1o 2026 el pasado mes de mayo. En esta misma publicaci\u00f3n, indicaba que los Ayuntamientos deb\u00edan fijar dos fiestas locales, retribuidas y no recuperables.<\/p>\n","protected":false},"excerpt":{"rendered":"<p>Un any m\u00e9s, l&#8217;Ajuntament de la Bisbal del Pened\u00e8s ha aprovat les festes locals de la Bisbal del Pened\u00e8s per a l&#8217;any vinent. En aquest cas, seran el dijous 23 &hellip; <a href=\"https:\/\/bisbalpenedes.com\/web\/2025\/08\/27\/les-festes-locals-del-2026-seran-el-23-dabril-i-el-14-dagost\/\" class=\"more-link\">Read More<\/a><\/p>\n","protected":false},"author":4,"featured_media":34556,"comment_status":"closed","ping_status":"closed","sticky":false,"template":"","format":"standard","meta":[],"categories":[2402,8],"tags":[7136,7138,2320,7137,393],"_links":{"self":[{"href":"https:\/\/bisbalpenedes.com\/web\/wp-json\/wp\/v2\/posts\/34553"}],"collection":[{"href":"https:\/\/bisbalpenedes.com\/web\/wp-json\/wp\/v2\/posts"}],"about":[{"href":"https:\/\/bisbalpenedes.com\/web\/wp-json\/wp\/v2\/types\/post"}],"author":[{"embeddable":true,"href":"https:\/\/bisbalpenedes.com\/web\/wp-json\/wp\/v2\/users\/4"}],"replies":[{"embeddable":true,"href":"https:\/\/bisbalpenedes.com\/web\/wp-json\/wp\/v2\/comments?post=34553"}],"version-history":[{"count":1,"href":"https:\/\/bisbalpenedes.com\/web\/wp-json\/wp\/v2\/posts\/34553\/revisions"}],"predecessor-version":[{"id":34555,"href":"https:\/\/bisbalpenedes.com\/web\/wp-json\/wp\/v2\/posts\/34553\/revisions\/34555"}],"wp:featuredmedia":[{"embeddable":true,"href":"https:\/\/bisbalpenedes.com\/web\/wp-json\/wp\/v2\/media\/34556"}],"wp:attachment":[{"href":"https:\/\/bisbalpenedes.com\/web\/wp-json\/wp\/v2\/media?parent=34553"}],"wp:term":[{"taxonomy":"category","embeddable":true,"href":"https:\/\/bisbalpenedes.com\/web\/wp-json\/wp\/v2\/categories?post=34553"},{"taxonomy":"post_tag","embeddable":true,"href":"https:\/\/bisbalpenedes.com\/web\/wp-json\/wp\/v2\/tags?post=34553"}],"curies":[{"name":"wp","href":"https:\/\/api.w.org\/{rel}","templated":true}]}}