{"id":34547,"date":"2025-08-27T06:47:47","date_gmt":"2025-08-27T04:47:47","guid":{"rendered":"https:\/\/bisbalpenedes.com\/web\/?p=34547"},"modified":"2025-08-27T07:16:07","modified_gmt":"2025-08-27T05:16:07","slug":"el-passat-16-de-juny-es-va-celebrar-el-ple-ordinari-de-la-bisbal-del-penedes-del-segon-trimestre","status":"publish","type":"post","link":"https:\/\/bisbalpenedes.com\/web\/2025\/08\/27\/el-passat-16-de-juny-es-va-celebrar-el-ple-ordinari-de-la-bisbal-del-penedes-del-segon-trimestre\/","title":{"rendered":"El passat 16 de juny es va celebrar el Ple ordinari de la Bisbal del Pened\u00e8s corresponent al segon trimestre"},"content":{"rendered":"\n<p>El dilluns 16 de juny es va celebrar el Ple ordinari de l\u2019Ajuntament de la Bisbal del Pened\u00e8s corresponent a aquest trimestre.<\/p>\n\n\n\n<p>Podeu trobar el v\u00eddeo de la sessi\u00f3 a l\u2019enlla\u00e7: <a href=\"https:\/\/actes.bisbalpenedes.com\/session\/sessionDetail\/8a81808897524a7e0197692db8e40005\">https:\/\/actes.bisbalpenedes.com\/session\/sessionDetail\/8a81808897524a7e0197692db8e40005<\/a><\/p>\n\n\n\n<p><strong>PART RESOLUTIVA<\/strong><\/p>\n\n\n\n<p><strong>Punt 1: Aprovaci\u00f3 de l\u2019acta del Ple ordinari del 17 de mar\u00e7<\/strong><\/p>\n\n\n\n<p>Es va aprovar amb els vots a favor de Comprom\u00eds amb la Bisbal (5), PSC (1), la Bisbal Decideix (2), Tots Som la Bisbal (1) i ERC i l\u2019abstenci\u00f3 d\u2019un vot de Tots Som la Bisbal (1).<\/p>\n\n\n\n<p><strong>Punt 2: Aprovaci\u00f3 de l\u2019acta del Ple extraordinari del 27 de mar\u00e7<\/strong><\/p>\n\n\n\n<p>Es va aprovar amb els vots a favor de Comprom\u00eds amb la Bisbal (5), PSC (1), la Bisbal Decideix (2), Tots Som la Bisbal (1) i ERC i l\u2019abstenci\u00f3 d\u2019un vot de Tots Som la Bisbal (1).<\/p>\n\n\n\n<p><strong>Punt 3: Aprovaci\u00f3 de l\u2019acta del Ple extraordinari del 29 d\u2019abril<\/strong><\/p>\n\n\n\n<p>Es va aprovar amb els vots a favor de Comprom\u00eds amb la Bisbal (5), PSC (1), la Bisbal Decideix (2), Tots Som la Bisbal (1) i ERC i l\u2019abstenci\u00f3 d\u2019un vot de Tots Som la Bisbal (1).<\/p>\n\n\n\n<p><strong>Punt 4: Aprovaci\u00f3 festes locals 2026<\/strong><\/p>\n\n\n\n<p>Es va aprovar per unanimitat.<br>El 6 de maig es va publicar al Diari Oficial de la Generalitat de Catalunya el calendari oficial de festes laborals a Catalunya per a l\u2019any 2026. A la mateixa publicaci\u00f3 s\u2019acordava que els Ajuntaments hem de fixar dues festes locals, retribu\u00efdes i no recuperables.<\/p>\n\n\n\n<p>El Ple va aprovar, com cada any, els dies de festa local per a l\u2019any vinent (2026). Seran els seg\u00fcents:<\/p>\n\n\n\n<ul><li>El dijous 23 d\u2019abril, diada de Sant Jordi<\/li><li>El divendres 14 d\u2019agost, amb motiu de la Festa Major<\/li><\/ul>\n\n\n\n<p><strong>Punt 5: Aprovaci\u00f3 del reconeixement de les obligacions de despeses indegudament adquirides<\/strong><br>Es va aprovar amb els vots a favor de Comprom\u00eds (5) i PSC (1) i els vots en contra de La Bisbal Decideix (2), Tots som la Bisbal (2) i ERC (1).<br>Es va aprovar el reconeixement extrajudicial de cr\u00e8dit de factures per un total de 104.897,60\u20ac de serveis o adquisicions realitzades aquest any, &#8220;per\u00f2 amb algunes defici\u00e8ncies en la tramitaci\u00f3&#8221;, segons va explicar l&#8217;alcaldessa Agn\u00e8s Ferr\u00e9, que va afegir que <em>\u201chi ha saldo suficient per fer-hi front, \u00e9s nom\u00e9s un tema de tramitaci\u00f3\u201d.<\/em> La batllessa va afegir que \u201chi ha una factura de 22.122,24\u20ac del conveni amb el CCBP pels serveis socials del 1r trimestre, que \u00e9s en aquesta relaci\u00f3 perqu\u00e8 estem preparant el conveni amb serveis socials per aprovar-lo, ja que hi ha hagut alguna modificaci\u00f3 per ampliacions de serveis. Per tant, els seg\u00fcents pagaments d\u2019aquest conveni ja no estaran en aquest REC\u201d.<\/p>\n\n\n\n<p><strong>Punt 6: Aprovaci\u00f3 del conveni amb el Servei Catal\u00e0 de Tr\u00e0nsit per la col\u00b7laboraci\u00f3 en mat\u00e8ria d\u2019infraccions de normes de circulaci\u00f3 que es cometin en vies urbanes del municipi<\/strong><br>Es va aprovar per unanimitat.<\/p>\n\n\n\n<p>El Ple ordinari del 16 de juny va aprovar el conveni amb el Servei Catal\u00e0 de Tr\u00e0nsit per a la col\u00b7laboraci\u00f3 en mat\u00e8ria d\u2019infraccions de normes de circulaci\u00f3 que es cometin en vies urbanes del municipi.<strong><\/strong><\/p>\n\n\n\n<p>Des del 2001 que el Ple de l\u2019Ajuntament va aprovar el conveni amb el Servei Catal\u00e0 de Tr\u00e0nsit, per tal que assum\u00eds les facultats de den\u00fancia i sanci\u00f3 per infraccions a normes de circulaci\u00f3 en vies urbanes. Aquest acord es va anar prorrogant cada any fins al 2020. El 2021 es va aprovar un nou conveni amb una durada de quatre anys, fins l\u2019abril d\u2019aquest 2025. A finals de maig d\u2019aquest any, va arribar la nova proposta de conveni que \u00e9s el que es va aprovar en el Ple.<\/p>\n\n\n\n<p><strong>Punt 7: Inadmissi\u00f3 del recurs de reposici\u00f3 presentat per un regidor de La Bisbal Decideix contra l\u2019acord d\u2019aprovaci\u00f3 inicial del Ple del 27 de mar\u00e7, de la modificaci\u00f3 puntual de les NNSS amb ordenaci\u00f3 detallada de les Planes del vent<\/strong><\/p>\n\n\n\n<p>Es va aprovar amb els vots a favor de Comprom\u00eds amb la Bisbal (5), PSC (1), els vots en contra de la Bisbal Decideix (2) i Tots Som la Bisbal (2) i l\u2019abstenci\u00f3 d\u2019ERC (1).<\/p>\n\n\n\n<p>El 17 d\u2019abril, el regidor Sr. Mart\u00ed Deluca va presentar un recurs potestatiu de reposici\u00f3 contra l\u2019acord del ple del 27 de mar\u00e7, de l\u2019aprovaci\u00f3 inicial de la modificaci\u00f3 puntual de les NNSS, amb ordenaci\u00f3 detallada, de Les Planes del Vent.<\/p>\n\n\n\n<p>El Ple ordinari va aprovar inadmetre el recurs de reposici\u00f3 presentat pel regidor Mart\u00ed Deluca, en base a l\u2019informe em\u00e8s per la secret\u00e0ria municipal on proposa inadmetre pel seg\u00fcent motiu: <br><em>&#8220;S\u2019inadmet el recurs en base a l\u2019article 116.c) de la Llei 39\/2015, d\u20191 d\u2019octubre, de procediment administratiu com\u00fa de les administracions p\u00fabliques en tant que \u00e9s una causa d\u2019inadmissi\u00f3 el fet que l\u2019acte no sigui susceptible de recurs, com \u00e9s el present cas&#8221;.<\/em><\/p>\n\n\n\n<p>Segons es va explicar al Ple: contra l\u2019acord del Ple d\u2019aprovaci\u00f3 inicial de la modificaci\u00f3 de les normes, \u00e9s un acte de tr\u00e0mit no qualificat i no s\u2019hi pot interposar cap recurs. Es podr\u00e0 plantejar la oposici\u00f3 contra l\u2019acord de resoluci\u00f3 que posi fi al procediment, i no ara que \u00e9s l\u2019aprovaci\u00f3 inicial.<\/p>\n\n\n\n<p><strong>Punt 8: Inadmissi\u00f3 del recurs de reposici\u00f3 presentat per un regidor de La Bisbal Decideix contra l\u2019acord de Ple del 17 de mar\u00e7, de desestimaci\u00f3 de la recusaci\u00f3 plantejada contra l\u2019alcaldessa<\/strong><\/p>\n\n\n\n<p>Es va aprovar amb els vots a favor de Comprom\u00eds amb la Bisbal (4+1) i PSC (1) i els vots en contra de La Bisbal Decideix (2), Tots som la Bisbal (2) i ERC (1).<\/p>\n\n\n\n<p>Val a dir que, per votar aquesta proposta, l\u2019alcaldessa Agn\u00e8s Ferr\u00e9 va sortir del Plenari i la primera tinenta d&#8217;alcalde, Judith Vidal, va ocupar el c\u00e0rrec d\u2019alcaldessa. La votaci\u00f3 va quedar en empat i es va aprovar pel vot de qualitat de l\u2019alcaldessa.<\/p>\n\n\n\n<p>L\u2019acord del ple del 17 de mar\u00e7, desestimava la recusaci\u00f3 plantejada contra l\u2019alcaldessa. \u00c9s el mateix cas que &nbsp;en el punt anterior i, per tant, contra aquesta resoluci\u00f3 no procedia la interposici\u00f3 de cap recurs d&#8217;acord amb l&#8217;article 24.5 de la Llei 40\/2015 d&#8217;1 d&#8217;octubre de r\u00e8gim jur\u00eddic del sector p\u00fablic.<\/p>\n\n\n\n<p><strong>PART DE CONTROL<\/strong><\/p>\n\n\n\n<p><strong>Punt 9: donar compte dels Decrets d\u2019alcaldia<\/strong><\/p>\n\n\n\n<p>Es va donar compte al Ple dels Decrets d\u2019alcaldia des del Ple ordinari de desembre fins el dia de la convocat\u00f2ria d\u2019aquest Ple.<\/p>\n\n\n\n<p><strong>Punt 10: donar compte de les actes de la Junta de Govern Local<\/strong><strong><\/strong><\/p>\n\n\n\n<p>Es va donar compte al Ple de les actes de la Junta de Govern Local des del Ple ordinari de desembre de 2024 fins el dia de la convocat\u00f2ria d\u2019aquest Ple.<\/p>\n\n\n\n<p><strong>Punt 11: donar compte del Decret d\u2019alcaldia 2025-266, de nomenament de membres de la Junta de Govern Local<\/strong><\/p>\n\n\n\n<p>Es va donar compte al Ple que, amb la ren\u00fancia a l\u2019acte de regidora de la Sra. Silvia Monfort d\u2019ERC, es substitueix a la Junta de Govern per la regidora Paqui Cepas. Tamb\u00e9 del nomenament del regidor Daniel Caballero com a segon tinent d&#8217;alcalde.<\/p>\n\n\n\n<p><strong>Punt 12:<\/strong> <strong>donar compte del Decret d\u2019alcaldia 2025-267, de modificaci\u00f3 de la delegaci\u00f3 de compet\u00e8ncies de l\u2019alcaldia a la Junta de Govern Local<\/strong><\/p>\n\n\n\n<p><strong>Punt 13:<\/strong> <strong>donar compte del Decret d\u2019alcaldia 2025-272, de la delegaci\u00f3 especial de compet\u00e8ncies de l\u2019alcaldessa a regidors i regidores<\/strong><\/p>\n\n\n\n<p>Amb la dimissi\u00f3 de la regidora d\u2019ERC Silvia Monfort, es distribueixen les regidories de la seva compet\u00e8ncia. La de Seguretat Ciutadana passa a l\u2019alcaldessa Agn\u00e8s Ferr\u00e9 i la de Mobilitat a la regidora Paqui Cepas.<\/p>\n\n\n\n<p><strong>Punt 14:<\/strong> <strong>donar compte de l\u2019informe d\u2019intervenci\u00f3 relatiu al control financer permanent sobre les factures registrades sense reconeixement de l\u2019obligaci\u00f3<\/strong><\/p>\n\n\n\n<p><strong>Punt 15: donar compte de l\u2019informe d\u2019intervenci\u00f3 relatiu a l\u2019informe resum de control intern del 2024<\/strong><strong><\/strong><\/p>\n\n\n\n<p><strong>Punt 16: donar compte de l\u2019informe d\u2019intervenci\u00f3 relatiu al control dels comptes a justificar i bestretes de caixa fixa del 2024<\/strong><\/p>\n\n\n\n<p><strong>Punt 17: donar compte de l\u2019informe d\u2019intervenci\u00f3 relatiu al seguiment del Pla d\u2019acci\u00f3 2024, basat en l\u2019informe resum de l\u2019anualitat 2023<\/strong><\/p>\n\n\n\n<p><strong>Punt 18: donar compte de l\u2019informe d\u2019intervenci\u00f3 complementari del c\u00e0lcul de l\u2019estabilitat pressupost\u00e0ria i la sostenibilitat financera, de l\u2019aprovaci\u00f3 del pressupost 2024<\/strong><\/p>\n\n\n\n<p><strong>Punt 19: donar compte del Pla d\u2019acci\u00f3 basat en l\u2019informe resum de control financer del 2024<\/strong><\/p>\n\n\n\n<p><strong>Punt 20: donar compte de l\u2019informe d\u2019intervenci\u00f3 relatiu a l\u2019execuci\u00f3 del pressupost del 1r trimestre del 2025<\/strong><\/p>\n\n\n\n<p><strong>Punt 21: donar compte del Decret d\u2019alcaldia 2025-222 d\u2019aprovaci\u00f3 del Pla pressupostari a mig termini pel per\u00edode 2026\/28<\/strong><\/p>\n\n\n\n<p><strong>Punt 22: Moci\u00f3 de suport per demanar que es modifiquin els criteris d&#8217;inscripci\u00f3 dels nounats per registrar-los al municipi on consten empadronats els seus progenitors i que aquest municipi consti com a lloc de naixement, presentada pel grups municipals de Comprom\u00eds amb la Bisbal i PSC<\/strong><\/p>\n\n\n\n<p>Es van aprovar, per unanimitat, els seg\u00fcents acords:<\/p>\n\n\n\n<p>PRIMER: Demanar al Ministeri de Just\u00edcia que suspengui l&#8217;aplicaci\u00f3 del Registre Civil, on s\u2019indica que ha de constar com a lloc de naixement el lloc real on s\u00b4esdev\u00e9 el fet i recuperi la idea de proximitat de la inscripci\u00f3 de naixement amb la del domicili familiar del propi nascut, permetent aix\u00ed indicar com a lloc de naixement el lloc d\u2019empadronament dels progenitors malgrat haver-se produ\u00eft en un altre municipi, segons els articles i disposicions transit\u00f2ries de la llei 20\/2011 de 21 de juliol, del Registre Civil.<\/p>\n\n\n\n<p>SEGON: Demanar al Ministeri de Just\u00edcia que permeti immediatament la inscripci\u00f3 dels nounats al nostre municipi on ja hi consten empadronats els seus progenitors, independentment de l&#8217;hospital on s\u00b4hagi produ\u00eft el part.<\/p>\n\n\n\n<p>TERCER: Demanar al Ministeri de Just\u00edcia que permeti als nounats registrats des de la data d\u2019aplicaci\u00f3 del nou Registre Civil, modificar les dades de la inscripci\u00f3 i fer-los constar com a nascuts\/es a la Bisbal del Pened\u00e8s, en el cas que els seus progenitors hi estiguin empadronats i ho sol\u00b7licitin.<\/p>\n\n\n\n<p><strong>PRECS I PREGUNTES<\/strong><\/p>\n\n\n\n<hr class=\"wp-block-separator has-alpha-channel-opacity\"\/>\n\n\n\n<p><strong>CASTELLANO | <\/strong>El lunes 16 de junio se celebr\u00f3 el Pleno ordinario del Ajuntament de la Bisbal del Pened\u00e8s correspondiente a este trimestre.<\/p>\n\n\n\n<p>Pod\u00e9is encontrar el v\u00eddeo de la sesi\u00f3n en el enlace: <a href=\"https:\/\/actes.bisbalpenedes.com\/session\/sessionDetail\/8a81808897524a7e0197692db8e40005\">https:\/\/actes.bisbalpenedes.com\/session\/sessionDetail\/8a81808897524a7e0197692db8e40005<\/a><\/p>\n\n\n\n<p><strong>PARTE RESOLUTIVA<\/strong><\/p>\n\n\n\n<p><strong>Punto 1: Aprobaci\u00f3n del acta del Pleno ordinario del 17 de marzo<\/strong><\/p>\n\n\n\n<p>Se aprob\u00f3 con los votos a favor de Comprom\u00eds amb la Bisbal (5), PSC (1), la Bisbal Decideix (2), Tots Som la Bisbal (1) y ERC y la abstenci\u00f3n de un voto de Tots Som la Bisbal (1).<\/p>\n\n\n\n<p><strong>Punto 2: Aprobaci\u00f3n del acta del Pleno extraordinario del 27 de marzo<\/strong><\/p>\n\n\n\n<p>Se aprob\u00f3 con los votos a favor de Comprom\u00eds amb la Bisbal (5), PSC (1), la Bisbal Decideix (2), Tots Som la Bisbal (1) y ERC y la abstenci\u00f3n de un voto de Tots Som la Bisbal (1).<\/p>\n\n\n\n<p><strong>Punto 3: Aprobaci\u00f3n del acta del Pleno extraordinario del 29 de abril<\/strong><\/p>\n\n\n\n<p>Se aprob\u00f3 con los votos a favor de Comprom\u00eds amb la Bisbal (5), PSC (1), la Bisbal Decideix (2), Tots Som la Bisbal (1) y ERC y la abstenci\u00f3n de un voto de Tots Som la Bisbal (1).<\/p>\n\n\n\n<p><strong>Punto 4: Aprobaci\u00f3n fiestas locales 2026<\/strong><\/p>\n\n\n\n<p>Se aprob\u00f3 por unanimidad.<br>El 6 de mayo se public\u00f3 en el Diari Oficial de la Generalitat de Catalunya el calendario oficial de fiestas laborales en Catalunya para el a\u00f1o 2026. En la misma publicaci\u00f3n se acordaba que los Ayuntamientos debemos fijar dos fiestas locales, retribuidas y no recuperables.<\/p>\n\n\n\n<p>El Pleno aprob\u00f3, como cada a\u00f1o, los d\u00edas de fiesta local para el a\u00f1o siguiente (2026). Ser\u00e1n los siguientes:<\/p>\n\n\n\n<ul><li>El jueves 23 de abril, d\u00eda de Sant Jordi<\/li><li>El viernes 14 de agosto, con motivo de la Festa Major<\/li><\/ul>\n\n\n\n<p><strong>Punto 5: Aprobaci\u00f3n del reconocimiento de las obligaciones de gastos indebidamente adquiridas<\/strong><\/p>\n\n\n\n<p>Se aprob\u00f3 con los votos a favor de Comprom\u00eds (5) y PSC (1) y los votos en contra de La Bisbal Decideix (2), Tots som la Bisbal (2) y ERC (1).<\/p>\n\n\n\n<p>Se aprob\u00f3 el reconocimiento extrajudicial de cr\u00e9dito de facturas por un total de 104.897,60\u20ac de servicios o adquisiciones realizadas este a\u00f1o, &#8220;pero con algunas deficiencias en la tramitaci\u00f3n&#8221;, seg\u00fan explic\u00f3 la alcaldesa Agn\u00e8s Ferr\u00e9 que a\u00f1adi\u00f3 que <em>&#8220;hay saldo suficiente para hacerle<\/em><em>s<\/em><em> frente, es solo un tema de tramitaci\u00f3n&#8221;.<\/em> La alcaldesa a\u00f1adi\u00f3 que &#8220;hay una factura de 22.122,24\u20ac del convenio con el CCBP por los servicios sociales del 1er trimestre, que est\u00e1 en esta relaci\u00f3n porque estamos preparando el convenio con servicios sociales para aprobarlo, ya que ha habido alguna modificaci\u00f3n por ampliaciones de servicios. Por tanto, los siguientes pagos de este convenio ya no estar\u00e1n en este REC&#8221;.<\/p>\n\n\n\n<p><strong>Punto 6: Aprobaci\u00f3n del convenio con el Servei Catal\u00e0 de Tr\u00e0nsit para la colaboraci\u00f3n en materia de infracciones de normas de circulaci\u00f3n que se cometan en v\u00edas urbanas del municipio<\/strong><\/p>\n\n\n\n<p>Se aprob\u00f3 por unanimidad.<\/p>\n\n\n\n<p>El Pleno ordinario del 16 de junio aprob\u00f3 el convenio con el Servei Catal\u00e0 de Tr\u00e0nsit para la colaboraci\u00f3n en materia de infracciones de normas de circulaci\u00f3n que se cometan en v\u00edas urbanas del municipio.<\/p>\n\n\n\n<p>Desde 2001 que el Pleno del Ajuntament aprob\u00f3 el convenio con el Servei Catal\u00e0 de Tr\u00e0nsit, para que asumiese las facultades de denuncia y sanci\u00f3n por infracciones a normas de circulaci\u00f3n en v\u00edas urbanas. Este acuerdo se fue prorrogando cada a\u00f1o hasta 2020. En 2021 se aprob\u00f3 un nuevo convenio con una duraci\u00f3n de cuatro a\u00f1os, hasta abril de este 2025. A finales de mayo de este a\u00f1o, lleg\u00f3 la nueva propuesta de convenio que es la que se aprob\u00f3 en el Pleno.<\/p>\n\n\n\n<p><strong>Punto 7: Inadmisi\u00f3n del recurso de reposici\u00f3n presentado por un concejal de La Bisbal Decideix contra el acuerdo de aprobaci\u00f3n inicial del Pleno del 27 de marzo, de la modificaci\u00f3n puntual de las NNSS con ordenaci\u00f3n detallada de las Planes del vent<\/strong><\/p>\n\n\n\n<p>Se aprob\u00f3 con los votos a favor de Comprom\u00eds amb la Bisbal (5), PSC (1), los votos en contra de la Bisbal Decideix (2) y Tots Som la Bisbal (2) y la abstenci\u00f3n de ERC (1).<\/p>\n\n\n\n<p>El 17 de abril, el concejal Sr. Mart\u00ed Deluca present\u00f3 un recurso potestativo de reposici\u00f3n contra el acuerdo del pleno del 27 de marzo, de la aprobaci\u00f3n inicial de la modificaci\u00f3n puntual de las NNSS, con ordenaci\u00f3n detallada, de Les Planes del Vent.<\/p>\n\n\n\n<p>El Pleno ordinario aprob\u00f3 inadmitir el recurso de reposici\u00f3n presentado por el concejal Mart\u00ed Deluca, en base al informe emitido por la secretaria municipal donde propone inadmitir por el siguiente motivo: <br><em>&#8220;Se inadmite el recurso en base al art\u00edculo 116.c) de la Ley 39\/2015, de 1 de octubre, de procedimiento administrativo com\u00fan de las administraciones p\u00fablicas en tanto que es una causa de inadmisi\u00f3n el hecho de que el acto no sea susceptible de recurso, como es el presente caso&#8221;.<\/em><\/p>\n\n\n\n<p>Seg\u00fan se explic\u00f3 en el Pleno: contra el acuerdo del Pleno de aprobaci\u00f3n inicial de la modificaci\u00f3n de las normas, es un acto de tr\u00e1mite no cualificado y no se puede interponer ning\u00fan recurso. Se podr\u00e1 plantear la oposici\u00f3n contra el acuerdo de resoluci\u00f3n que ponga fin al procedimiento, y no ahora que es la aprobaci\u00f3n inicial.<\/p>\n\n\n\n<p><strong>Punto 8: Inadmisi\u00f3n del recurso de reposici\u00f3n presentado por un concejal de La Bisbal Decideix contra el acuerdo de Pleno del 17 de marzo, de desestimaci\u00f3n de la recusaci\u00f3n planteada contra la alcaldesa<\/strong><\/p>\n\n\n\n<p>Se aprob\u00f3 con los votos a favor de Comprom\u00eds amb la Bisbal (4+1) y PSC (1) y los votos en contra de La Bisbal Decideix (2), Tots som la Bisbal (2) y ERC (1).<\/p>\n\n\n\n<p>Cabe decir que, para votar esta propuesta, la alcaldesa Agn\u00e8s Ferr\u00e9 sali\u00f3 del Plenario y la primera teniente de alcalde, Judith Vidal, ocup\u00f3 el cargo de alcaldesa. La votaci\u00f3n qued\u00f3 en empate y se aprob\u00f3 por el voto de calidad de la alcaldesa.<\/p>\n\n\n\n<p>El acuerdo del pleno del 17 de marzo, desestimaba la recusaci\u00f3n planteada contra la alcaldesa. Es el mismo caso que en el punto anterior y, por tanto, contra esta resoluci\u00f3n no proced\u00eda la interposici\u00f3n de ning\u00fan recurso de acuerdo con el art\u00edculo 24.5 de la Ley 40\/2015 de 1 de octubre de r\u00e9gimen jur\u00eddico del sector p\u00fablico.<\/p>\n\n\n\n<p><strong>PARTE DE CONTROL<\/strong><\/p>\n\n\n\n<p><strong>Punto 9: dar cuenta de los Decretos de alcald\u00eda<\/strong><\/p>\n\n\n\n<p>Se dio cuenta al Pleno de los Decretos de alcald\u00eda desde el Pleno ordinario de diciembre hasta el d\u00eda de la convocatoria de este Pleno.<\/p>\n\n\n\n<p><strong>Punto 10: dar cuenta de las actas de la Junta de Gobierno Local<\/strong><\/p>\n\n\n\n<p>Se dio cuenta al Pleno de las actas de la Junta de Gobierno Local desde el Pleno ordinario de diciembre de 2024 hasta el d\u00eda de la convocatoria de este Pleno.<\/p>\n\n\n\n<p><strong>Punto 11: dar cuenta del Decreto de alcald\u00eda 2025-266, de nombramiento de miembros de la Junta de Gobierno Local<\/strong><\/p>\n\n\n\n<p>Se dio cuenta al Pleno que, con la renuncia al acto de concejala de la Sra. Silvia Monfort de ERC, se sustituye en la Junta de Gobierno por la concejala Paqui Cepas. Tambi\u00e9n del nombramiento del concejal Daniel Caballero como segundo teniente de alcalde.<\/p>\n\n\n\n<p><strong>Punto 12:<\/strong> <strong>dar cuenta del Decreto de alcald\u00eda 2025-267, de modificaci\u00f3n de la delegaci\u00f3n de competencias de la alcald\u00eda <\/strong><strong>en<\/strong><strong> la Junta de Gobierno Local<\/strong><\/p>\n\n\n\n<p><strong>Punto 13:<\/strong> <strong>dar cuenta del Decreto de alcald\u00eda 2025-272, de la delegaci\u00f3n especial de competencias de la alcaldesa a concejales y concejalas<\/strong><\/p>\n\n\n\n<p>Con la dimisi\u00f3n de la concejala de ERC Silvia Monfort, se distribuyen las concejal\u00edas de su competencia. La de Seguridad Ciudadana pasa a la alcaldesa Agn\u00e8s Ferr\u00e9 y la de Movilidad a la concejala Paqui Cepas.<\/p>\n\n\n\n<p><strong>Punto 14:<\/strong> <strong>dar cuenta del informe de intervenci\u00f3n relativo al control financiero permanente sobre las facturas registradas sin reconocimiento de la obligaci\u00f3n<\/strong><\/p>\n\n\n\n<p><strong>Punto 15: dar cuenta del informe de intervenci\u00f3n relativo al informe resumen de control interno del 2024<\/strong><\/p>\n\n\n\n<p><strong>Punto 16: dar cuenta del informe de intervenci\u00f3n relativo al control de las cuentas a justificar y anticipos de caja fija del 2024<\/strong><\/p>\n\n\n\n<p><strong>Punto 17: dar cuenta del informe de intervenci\u00f3n relativo al seguimiento del Plan de acci\u00f3n 2024, basado en el informe resumen de la anualidad 2023<\/strong><\/p>\n\n\n\n<p><strong>Punto 18: dar cuenta del informe de intervenci\u00f3n complementario del c\u00e1lculo de la estabilidad presupuestaria y la sostenibilidad financiera, de la aprobaci\u00f3n del presupuesto 2024<\/strong><\/p>\n\n\n\n<p><strong>Punto 19: dar cuenta del Plan de acci\u00f3n basado en el informe resumen de control financiero del 2024<\/strong><\/p>\n\n\n\n<p><strong>Punto 20: dar cuenta del informe de intervenci\u00f3n relativo a la ejecuci\u00f3n del presupuesto del 1er trimestre del 2025<\/strong><\/p>\n\n\n\n<p><strong>Punto 21: dar cuenta del Decreto de alcald\u00eda 2025-222 de aprobaci\u00f3n del Plan presupuestario a medio plazo para el per\u00edodo 2026\/28<\/strong><\/p>\n\n\n\n<p><strong>Punto 22: Moci\u00f3n de apoyo para pedir que se modifiquen los criterios de inscripci\u00f3n de los reci\u00e9n nacidos para registrarlos en el municipio donde consten empadronados sus progenitores y que este municipio conste como lugar de nacimiento, presentada por los grupos municipales de Comprom\u00eds amb la Bisbal y PSC<\/strong><\/p>\n\n\n\n<p>Se aprobaron, por unanimidad, los siguientes acuerdos:<\/p>\n\n\n\n<p>PRIMERO: Pedir al Ministerio de Justicia que suspenda la aplicaci\u00f3n del Registro Civil, donde se indica que debe constar como lugar de nacimiento el lugar real donde se produce el hecho y recupere la idea de proximidad de la inscripci\u00f3n de nacimiento con la del domicilio familiar del propio nacido, permitiendo as\u00ed indicar como lugar de nacimiento el lugar de empadronamiento de los progenitores a pesar de haberse producido en otro municipio, seg\u00fan los art\u00edculos y disposiciones transitorias de la ley 20\/2011 de 21 de julio, del Registro Civil.<\/p>\n\n\n\n<p>SEGUNDO: Pedir al Ministerio de Justicia que permita inmediatamente la inscripci\u00f3n de los reci\u00e9n nacidos en nuestro municipio donde ya constan empadronados sus progenitores, independientemente del hospital donde se haya producido el parto.<\/p>\n\n\n\n<p>TERCERO: Pedir al Ministerio de Justicia que permita a los reci\u00e9n nacidos registrados desde la fecha de aplicaci\u00f3n del nuevo Registro Civil, modificar los datos de la inscripci\u00f3n y hacerles constar como nacidos\/as en la Bisbal del Pened\u00e8s, en el caso de que sus progenitores est\u00e9n empadronados y lo soliciten.<\/p>\n\n\n\n<p><strong>RUEGOS Y PREGUNTAS<\/strong><\/p>\n","protected":false},"excerpt":{"rendered":"<p>El dilluns 16 de juny es va celebrar el Ple ordinari de l\u2019Ajuntament de la Bisbal del Pened\u00e8s corresponent a aquest trimestre. Podeu trobar el v\u00eddeo de la sessi\u00f3 a &hellip; <a href=\"https:\/\/bisbalpenedes.com\/web\/2025\/08\/27\/el-passat-16-de-juny-es-va-celebrar-el-ple-ordinari-de-la-bisbal-del-penedes-del-segon-trimestre\/\" class=\"more-link\">Read More<\/a><\/p>\n","protected":false},"author":4,"featured_media":34548,"comment_status":"closed","ping_status":"closed","sticky":false,"template":"","format":"standard","meta":[],"categories":[8,2251,2250],"tags":[459,7134,5628,7131,7133,393,6311,7132,139,249],"_links":{"self":[{"href":"https:\/\/bisbalpenedes.com\/web\/wp-json\/wp\/v2\/posts\/34547"}],"collection":[{"href":"https:\/\/bisbalpenedes.com\/web\/wp-json\/wp\/v2\/posts"}],"about":[{"href":"https:\/\/bisbalpenedes.com\/web\/wp-json\/wp\/v2\/types\/post"}],"author":[{"embeddable":true,"href":"https:\/\/bisbalpenedes.com\/web\/wp-json\/wp\/v2\/users\/4"}],"replies":[{"embeddable":true,"href":"https:\/\/bisbalpenedes.com\/web\/wp-json\/wp\/v2\/comments?post=34547"}],"version-history":[{"count":3,"href":"https:\/\/bisbalpenedes.com\/web\/wp-json\/wp\/v2\/posts\/34547\/revisions"}],"predecessor-version":[{"id":34551,"href":"https:\/\/bisbalpenedes.com\/web\/wp-json\/wp\/v2\/posts\/34547\/revisions\/34551"}],"wp:featuredmedia":[{"embeddable":true,"href":"https:\/\/bisbalpenedes.com\/web\/wp-json\/wp\/v2\/media\/34548"}],"wp:attachment":[{"href":"https:\/\/bisbalpenedes.com\/web\/wp-json\/wp\/v2\/media?parent=34547"}],"wp:term":[{"taxonomy":"category","embeddable":true,"href":"https:\/\/bisbalpenedes.com\/web\/wp-json\/wp\/v2\/categories?post=34547"},{"taxonomy":"post_tag","embeddable":true,"href":"https:\/\/bisbalpenedes.com\/web\/wp-json\/wp\/v2\/tags?post=34547"}],"curies":[{"name":"wp","href":"https:\/\/api.w.org\/{rel}","templated":true}]}}