{"id":34540,"date":"2025-08-26T19:39:23","date_gmt":"2025-08-26T17:39:23","guid":{"rendered":"https:\/\/bisbalpenedes.com\/web\/?p=34540"},"modified":"2025-08-26T19:39:23","modified_gmt":"2025-08-26T17:39:23","slug":"el-dissabte-6-de-setembre-al-mati-els-petits-de-la-casa-podran-gaudir-del-timbal-de-contes-a-la-biblioteca","status":"publish","type":"post","link":"https:\/\/bisbalpenedes.com\/web\/2025\/08\/26\/el-dissabte-6-de-setembre-al-mati-els-petits-de-la-casa-podran-gaudir-del-timbal-de-contes-a-la-biblioteca\/","title":{"rendered":"El dissabte 6 de setembre al mat\u00ed els petits de la casa podran gaudir del &#8216;Timbal de contes&#8217; a la biblioteca"},"content":{"rendered":"\n<p>El dissabte 6 de setembre podreu gaudir d&#8217;una hora de contes a c\u00e0rrec d&#8217;\u00cdngrid Domingo. Contes que sonen, xiulen i toquen, per con\u00e8ixer el poder de la m\u00fasica.<\/p>\n\n\n\n<p>L&#8217;activitat est\u00e0 especialment recomanada per a infants que tinguin 4 anys o m\u00e9s i l&#8217;acc\u00e9s ser\u00e0 lliure.&nbsp;<\/p>\n\n\n\n<p>Aquesta activitat s&#8217;emmarca en el projecte ArTer (Art i artistes del Territori)<\/p>\n\n\n\n<hr class=\"wp-block-separator has-alpha-channel-opacity\"\/>\n\n\n\n<p>El s\u00e1bado 6 de septiembre podr\u00e9is disfrutar de una hora de cuentos a cargo de \u00cdngrid Domingo. Cuentos que suenan, silban y tocan, para conocer el poder de la m\u00fasica. <\/p>\n\n\n\n<p>La actividad est\u00e1 especialmente recomendada para ni\u00f1@s que tengan 4 a\u00f1os o m\u00e1s y el acceso ser\u00e1 libre. <\/p>\n\n\n\n<p>Esta actividad se enmarca en el proyecto ArTer (Arte y artistas del Territorio)<\/p>\n","protected":false},"excerpt":{"rendered":"<p>El dissabte 6 de setembre podreu gaudir d&#8217;una hora de contes a c\u00e0rrec d&#8217;\u00cdngrid Domingo. Contes que sonen, xiulen i toquen, per con\u00e8ixer el poder de la m\u00fasica. L&#8217;activitat est\u00e0 &hellip; <a href=\"https:\/\/bisbalpenedes.com\/web\/2025\/08\/26\/el-dissabte-6-de-setembre-al-mati-els-petits-de-la-casa-podran-gaudir-del-timbal-de-contes-a-la-biblioteca\/\" class=\"more-link\">Read More<\/a><\/p>\n","protected":false},"author":4,"featured_media":34541,"comment_status":"closed","ping_status":"closed","sticky":false,"template":"","format":"standard","meta":[],"categories":[2942,2478,13,8],"tags":[421],"_links":{"self":[{"href":"https:\/\/bisbalpenedes.com\/web\/wp-json\/wp\/v2\/posts\/34540"}],"collection":[{"href":"https:\/\/bisbalpenedes.com\/web\/wp-json\/wp\/v2\/posts"}],"about":[{"href":"https:\/\/bisbalpenedes.com\/web\/wp-json\/wp\/v2\/types\/post"}],"author":[{"embeddable":true,"href":"https:\/\/bisbalpenedes.com\/web\/wp-json\/wp\/v2\/users\/4"}],"replies":[{"embeddable":true,"href":"https:\/\/bisbalpenedes.com\/web\/wp-json\/wp\/v2\/comments?post=34540"}],"version-history":[{"count":1,"href":"https:\/\/bisbalpenedes.com\/web\/wp-json\/wp\/v2\/posts\/34540\/revisions"}],"predecessor-version":[{"id":34542,"href":"https:\/\/bisbalpenedes.com\/web\/wp-json\/wp\/v2\/posts\/34540\/revisions\/34542"}],"wp:featuredmedia":[{"embeddable":true,"href":"https:\/\/bisbalpenedes.com\/web\/wp-json\/wp\/v2\/media\/34541"}],"wp:attachment":[{"href":"https:\/\/bisbalpenedes.com\/web\/wp-json\/wp\/v2\/media?parent=34540"}],"wp:term":[{"taxonomy":"category","embeddable":true,"href":"https:\/\/bisbalpenedes.com\/web\/wp-json\/wp\/v2\/categories?post=34540"},{"taxonomy":"post_tag","embeddable":true,"href":"https:\/\/bisbalpenedes.com\/web\/wp-json\/wp\/v2\/tags?post=34540"}],"curies":[{"name":"wp","href":"https:\/\/api.w.org\/{rel}","templated":true}]}}