{"id":34534,"date":"2025-08-26T18:23:29","date_gmt":"2025-08-26T16:23:29","guid":{"rendered":"https:\/\/bisbalpenedes.com\/web\/?p=34534"},"modified":"2025-08-26T18:23:29","modified_gmt":"2025-08-26T16:23:29","slug":"el-proxim-dijous-28-dagost-se-celebrara-un-ple-extarordinari","status":"publish","type":"post","link":"https:\/\/bisbalpenedes.com\/web\/2025\/08\/26\/el-proxim-dijous-28-dagost-se-celebrara-un-ple-extarordinari\/","title":{"rendered":"El pr\u00f2xim dijous 28 d&#8217;agost se celebrar\u00e0 un Ple extarordinari"},"content":{"rendered":"\n<p>S&#8217;ha convocat un Ple extraordinari per al dijous 28 d&#8217;agost a les 10h. <\/p>\n\n\n\n<p>L&#8217;ordre del dia ser\u00e0 el seg\u00fcent:<\/p>\n\n\n\n<p>1.- Aprovaci\u00f3 del reconeixement de les obligacions de despeses indegudament adquirides<\/p>\n\n\n\n<p>2.- Modificaci\u00f3 del conveni amb el Consell Comarcal del Baix Pened\u00e8s pel servei de tractament de residus de la deixalleria comarcal<\/p>\n\n\n\n<hr class=\"wp-block-separator has-alpha-channel-opacity\"\/>\n\n\n\n<p>Se ha convocado un Pleno extraordinario para el jueves 28 de agosto a las 10h.<\/p>\n\n\n\n<p>El orden del d\u00eda ser\u00e1 el siguiente:<\/p>\n\n\n\n<p>1.- Aprobaci\u00f3n del reconocimiento de las obligaciones de gastos indebidamente adquiridos<\/p>\n\n\n\n<p>2.- Modificaci\u00f3n del convenio con el Consell Comarcal del Baix Pened\u00e8s para el servicio de tratamiento de residuos de la &#8216;desecher\u00eda&#8217; comarcal<\/p>\n","protected":false},"excerpt":{"rendered":"<p>S&#8217;ha convocat un Ple extraordinari per al dijous 28 d&#8217;agost a les 10h. L&#8217;ordre del dia ser\u00e0 el seg\u00fcent: 1.- Aprovaci\u00f3 del reconeixement de les obligacions de despeses indegudament adquirides &hellip; <a href=\"https:\/\/bisbalpenedes.com\/web\/2025\/08\/26\/el-proxim-dijous-28-dagost-se-celebrara-un-ple-extarordinari\/\" class=\"more-link\">Read More<\/a><\/p>\n","protected":false},"author":4,"featured_media":33910,"comment_status":"closed","ping_status":"closed","sticky":false,"template":"","format":"standard","meta":[],"categories":[8,2251,2250],"tags":[459,393,423],"_links":{"self":[{"href":"https:\/\/bisbalpenedes.com\/web\/wp-json\/wp\/v2\/posts\/34534"}],"collection":[{"href":"https:\/\/bisbalpenedes.com\/web\/wp-json\/wp\/v2\/posts"}],"about":[{"href":"https:\/\/bisbalpenedes.com\/web\/wp-json\/wp\/v2\/types\/post"}],"author":[{"embeddable":true,"href":"https:\/\/bisbalpenedes.com\/web\/wp-json\/wp\/v2\/users\/4"}],"replies":[{"embeddable":true,"href":"https:\/\/bisbalpenedes.com\/web\/wp-json\/wp\/v2\/comments?post=34534"}],"version-history":[{"count":1,"href":"https:\/\/bisbalpenedes.com\/web\/wp-json\/wp\/v2\/posts\/34534\/revisions"}],"predecessor-version":[{"id":34535,"href":"https:\/\/bisbalpenedes.com\/web\/wp-json\/wp\/v2\/posts\/34534\/revisions\/34535"}],"wp:featuredmedia":[{"embeddable":true,"href":"https:\/\/bisbalpenedes.com\/web\/wp-json\/wp\/v2\/media\/33910"}],"wp:attachment":[{"href":"https:\/\/bisbalpenedes.com\/web\/wp-json\/wp\/v2\/media?parent=34534"}],"wp:term":[{"taxonomy":"category","embeddable":true,"href":"https:\/\/bisbalpenedes.com\/web\/wp-json\/wp\/v2\/categories?post=34534"},{"taxonomy":"post_tag","embeddable":true,"href":"https:\/\/bisbalpenedes.com\/web\/wp-json\/wp\/v2\/tags?post=34534"}],"curies":[{"name":"wp","href":"https:\/\/api.w.org\/{rel}","templated":true}]}}