{"id":34527,"date":"2025-08-26T14:46:06","date_gmt":"2025-08-26T12:46:06","guid":{"rendered":"https:\/\/bisbalpenedes.com\/web\/?p=34527"},"modified":"2025-08-26T15:19:00","modified_gmt":"2025-08-26T13:19:00","slug":"diada-castellera-de-la-diada-nacional-dissabte-6-de-setembre","status":"publish","type":"post","link":"https:\/\/bisbalpenedes.com\/web\/2025\/08\/26\/diada-castellera-de-la-diada-nacional-dissabte-6-de-setembre\/","title":{"rendered":"Diada Castellera de la Diada Nacional &#8211; Dissabte 6 de setembre + BouFest: sopar i festa amb m\u00fasica en directe"},"content":{"rendered":"\n<p>El dissabte 6 de setembre, a les 18h, el carrer Doctor Robert acollir\u00e0 la ja tradicional Diada Castellera amb motiu de la Diada nacional de Catalunya. Hi actuaran els Bordegassos de Vilanova, els Xiquets de Vila-Seca i la colla local, la Colla Castellera La Bisbal del Pened\u00e8s &#8211; Bous.<br>A partir de les 21h, l&#8217;Era de Batre acollir\u00e0 un sopar popular. <br>A les 23:30h hi haur\u00e0 festa amb el grup Xibarri (rumba i versions amb sonoritat rumbera) i, a continuaci\u00f3, el bisbalenc Dj Gray\u00e9 ens oferir\u00e0 una sessi\u00f3 remember de m\u00fasica makina i hardcore.<\/p>\n\n\n\n<hr class=\"wp-block-separator has-alpha-channel-opacity\"\/>\n\n\n\n<p>El s\u00e1bado 6 de septiembre, a las 18h, la calle Doctor Robert acoger\u00e1 la ya tradicional Diada Castellera con motivo de la Diada nacional de Catalu\u00f1a. Actuar\u00e1n los Bordegassos de Vilanova, los Xiquets de Vila-Seca y la colla local, la Colla Castellera La Bisbal del Pened\u00e8s &#8211; Bous.<br>A partir de las 21h, la Era de Batre acoger\u00e1 una cena popular.<br>A las 23:30h habr\u00e1 fiesta con el grupo Xibarri (rumba y versiones con sonoridad rumbera) y, a continuaci\u00f3n, el bisbalenc Dj Gray\u00e9 nos ofrecer\u00e1 una sesi\u00f3n remember de m\u00fasica makina y hardcore.<\/p>\n","protected":false},"excerpt":{"rendered":"<p>El dissabte 6 de setembre, a les 18h, el carrer Doctor Robert acollir\u00e0 la ja tradicional Diada Castellera amb motiu de la Diada nacional de Catalunya. Hi actuaran els Bordegassos &hellip; <a href=\"https:\/\/bisbalpenedes.com\/web\/2025\/08\/26\/diada-castellera-de-la-diada-nacional-dissabte-6-de-setembre\/\" class=\"more-link\">Read More<\/a><\/p>\n","protected":false},"author":4,"featured_media":34528,"comment_status":"closed","ping_status":"closed","sticky":false,"template":"","format":"standard","meta":[],"categories":[2942,13,20],"tags":[7129,378,3977,3202,393,7130],"_links":{"self":[{"href":"https:\/\/bisbalpenedes.com\/web\/wp-json\/wp\/v2\/posts\/34527"}],"collection":[{"href":"https:\/\/bisbalpenedes.com\/web\/wp-json\/wp\/v2\/posts"}],"about":[{"href":"https:\/\/bisbalpenedes.com\/web\/wp-json\/wp\/v2\/types\/post"}],"author":[{"embeddable":true,"href":"https:\/\/bisbalpenedes.com\/web\/wp-json\/wp\/v2\/users\/4"}],"replies":[{"embeddable":true,"href":"https:\/\/bisbalpenedes.com\/web\/wp-json\/wp\/v2\/comments?post=34527"}],"version-history":[{"count":3,"href":"https:\/\/bisbalpenedes.com\/web\/wp-json\/wp\/v2\/posts\/34527\/revisions"}],"predecessor-version":[{"id":34532,"href":"https:\/\/bisbalpenedes.com\/web\/wp-json\/wp\/v2\/posts\/34527\/revisions\/34532"}],"wp:featuredmedia":[{"embeddable":true,"href":"https:\/\/bisbalpenedes.com\/web\/wp-json\/wp\/v2\/media\/34528"}],"wp:attachment":[{"href":"https:\/\/bisbalpenedes.com\/web\/wp-json\/wp\/v2\/media?parent=34527"}],"wp:term":[{"taxonomy":"category","embeddable":true,"href":"https:\/\/bisbalpenedes.com\/web\/wp-json\/wp\/v2\/categories?post=34527"},{"taxonomy":"post_tag","embeddable":true,"href":"https:\/\/bisbalpenedes.com\/web\/wp-json\/wp\/v2\/tags?post=34527"}],"curies":[{"name":"wp","href":"https:\/\/api.w.org\/{rel}","templated":true}]}}