{"id":34524,"date":"2025-08-26T14:34:11","date_gmt":"2025-08-26T12:34:11","guid":{"rendered":"https:\/\/bisbalpenedes.com\/web\/?p=34524"},"modified":"2025-08-28T10:19:53","modified_gmt":"2025-08-28T08:19:53","slug":"club-de-lectura-tarda-de-llibres-amb-joan-de-boer","status":"publish","type":"post","link":"https:\/\/bisbalpenedes.com\/web\/2025\/08\/26\/club-de-lectura-tarda-de-llibres-amb-joan-de-boer\/","title":{"rendered":"Club de lectura: &#8220;Tarda de llibres&#8221; amb Joan de Boer"},"content":{"rendered":"\n<p>Aquest setembre torna el club de lectura Tarda de llibres amb una primera sessi\u00f3 dedicada al llibre &#8220;Patria&#8221;, de Fernando Aramburu, un dels relats que ha causat m\u00e9s impacte en els darrers anys al voltant de la vida al Pa\u00eds Basc en els anys del terrorisme d&#8217;ETA.<\/p>\n\n\n\n<p>En parlarem el dimecres 10 de setembre a les 18h de la m\u00e0 del Joan de Boer.<\/p>\n\n\n\n<p>Si encara no teniu el llibre o us voleu apuntar ho podeu fer a l&#8217;enlla\u00e7 que trobareu aqu\u00ed:<br><a rel=\"noreferrer noopener\" href=\"https:\/\/l.facebook.com\/l.php?u=https%3A%2F%2Fforms.gle%2FBSYNJoGK9K7qrLUP9%3Ffbclid%3DIwZXh0bgNhZW0CMTAAYnJpZBExTFY5MWJyUzVaZDM3bW9HcwEegP1hAWcA0HyTdbrsSzkVM10E7AhU5qT0-KWUKq4HjigpLQUhTeo5M7lBj2w_aem_0JYXahx3TpHCKb8lD2zYEA&amp;h=AT2yBttJ8i3r1rK8PR5nVvl0gTkNE5l1DJQAvu-Iwx99ULFw1gXNh9zSI4DJ7SkxMdXbwvfAAwlD0FdpVw4PKaLGeHfiGbHofRIWNO28EqQNYQloCef_pDZ7bbvlJHucOmPPtKj6c_f7yzumn6vFaQ&amp;__tn__=-UK*F&amp;c[0]=AT1PejoMddcacIxbdEilXgxJwDW0C090K79mUN1W9wVTqX8VVdoDsOJrBScSZzR9mByL8MBVhpw3jau76_AIar9enck9NYTVoLUsMipZGKQWbzEuu7Yi6PqXaJph0a9bEODJCvXKB2wn4TtdZYgMb6NBINg8pHTMD8tNLPxHPxxftTcluTbU61hsh9aZnTK77FVGlWZBUEt97EmN1YCCGezg4g\" target=\"_blank\">https:\/\/forms.gle\/BSYNJoGK9K7qrLUP9<\/a> aix\u00ed com venint presencialment a la biblioteca o escrivint al correu biblioteca@bisbalpenedes.com<\/p>\n\n\n\n<p>Animeu-vos!<\/p>\n\n\n\n<hr class=\"wp-block-separator has-alpha-channel-opacity\"\/>\n\n\n\n<p>Este septiembre vuelve el club de lectura &#8220;Tarda de llibres&#8221; con una primera sesi\u00f3n dedicada al libro &#8220;Patria&#8221;, de Fernando Aramburu, uno de los relatos que ha causado m\u00e1s impacto en los \u00faltimos a\u00f1os en torno a la vida en el Pa\u00eds Vasco en los a\u00f1os del terrorismo de ETA. <\/p>\n\n\n\n<p>Hablaremos de \u00e9l el mi\u00e9rcoles 10 de septiembre a las 18h de la mano de Joan de Boer. <\/p>\n\n\n\n<p>Si a\u00fan no ten\u00e9is el libro o os quer\u00e9is apuntar lo pod\u00e9is hacer en el enlace que encontrar\u00e9is aqu\u00ed: <a href=\"https:\/\/forms.gle\/BSYNJoGK9K7qrLUP9\">https:\/\/forms.gle\/BSYNJoGK9K7qrLUP9<\/a> as\u00ed como viniendo presencialmente a la biblioteca o escribiendo al correo biblioteca@bisbalpenedes.com \u00a1Animaos!<\/p>\n","protected":false},"excerpt":{"rendered":"<p>Aquest setembre torna el club de lectura Tarda de llibres amb una primera sessi\u00f3 dedicada al llibre &#8220;Patria&#8221;, de Fernando Aramburu, un dels relats que ha causat m\u00e9s impacte en &hellip; <a href=\"https:\/\/bisbalpenedes.com\/web\/2025\/08\/26\/club-de-lectura-tarda-de-llibres-amb-joan-de-boer\/\" class=\"more-link\">Read More<\/a><\/p>\n","protected":false},"author":4,"featured_media":34573,"comment_status":"closed","ping_status":"closed","sticky":false,"template":"","format":"standard","meta":[],"categories":[2478,13,8],"tags":[340,47],"_links":{"self":[{"href":"https:\/\/bisbalpenedes.com\/web\/wp-json\/wp\/v2\/posts\/34524"}],"collection":[{"href":"https:\/\/bisbalpenedes.com\/web\/wp-json\/wp\/v2\/posts"}],"about":[{"href":"https:\/\/bisbalpenedes.com\/web\/wp-json\/wp\/v2\/types\/post"}],"author":[{"embeddable":true,"href":"https:\/\/bisbalpenedes.com\/web\/wp-json\/wp\/v2\/users\/4"}],"replies":[{"embeddable":true,"href":"https:\/\/bisbalpenedes.com\/web\/wp-json\/wp\/v2\/comments?post=34524"}],"version-history":[{"count":2,"href":"https:\/\/bisbalpenedes.com\/web\/wp-json\/wp\/v2\/posts\/34524\/revisions"}],"predecessor-version":[{"id":34574,"href":"https:\/\/bisbalpenedes.com\/web\/wp-json\/wp\/v2\/posts\/34524\/revisions\/34574"}],"wp:featuredmedia":[{"embeddable":true,"href":"https:\/\/bisbalpenedes.com\/web\/wp-json\/wp\/v2\/media\/34573"}],"wp:attachment":[{"href":"https:\/\/bisbalpenedes.com\/web\/wp-json\/wp\/v2\/media?parent=34524"}],"wp:term":[{"taxonomy":"category","embeddable":true,"href":"https:\/\/bisbalpenedes.com\/web\/wp-json\/wp\/v2\/categories?post=34524"},{"taxonomy":"post_tag","embeddable":true,"href":"https:\/\/bisbalpenedes.com\/web\/wp-json\/wp\/v2\/tags?post=34524"}],"curies":[{"name":"wp","href":"https:\/\/api.w.org\/{rel}","templated":true}]}}