{"id":34517,"date":"2025-08-26T14:23:46","date_gmt":"2025-08-26T12:23:46","guid":{"rendered":"https:\/\/bisbalpenedes.com\/web\/?p=34517"},"modified":"2025-08-26T18:48:15","modified_gmt":"2025-08-26T16:48:15","slug":"festa-del-papagai-dissabte-30-i-diumenge-31-dagost","status":"publish","type":"post","link":"https:\/\/bisbalpenedes.com\/web\/2025\/08\/26\/festa-del-papagai-dissabte-30-i-diumenge-31-dagost\/","title":{"rendered":"Festa del Papagai: dissabte 30 i diumenge 31 d&#8217;agost"},"content":{"rendered":"\n<p>El pr\u00f2xim cap de setmana arriba la festa del Papagai! La darrera festa del barri d&#8217;aquest estiu!<\/p>\n\n\n\n<p>Aqu\u00ed teniu els actes que han programat des de l\u2019Associaci\u00f3 c\u00edvica, ve\u00efnal, cultural i festiva del Papagai.<\/p>\n\n\n\n<hr class=\"wp-block-separator has-alpha-channel-opacity\"\/>\n\n\n\n<p>El pr\u00f3ximo fin de semana llega la fiesta del Papagai! \u00a1La \u00faltima fiesta del barrio de este verano!<\/p>\n\n\n\n<p>Aqu\u00ed ten\u00e9is los actos que han programado desde la Associaci\u00f3 c\u00edvica, ve\u00efnal, cultural i festiva del Papagai.<\/p>\n\n\n\n<figure class=\"wp-block-image size-large\"><img loading=\"lazy\" width=\"768\" height=\"1024\" src=\"https:\/\/bisbalpenedes.com\/web\/wp-content\/uploads\/2025\/08\/2-1-768x1024.jpg\" alt=\"\" class=\"wp-image-34519\" srcset=\"https:\/\/bisbalpenedes.com\/web\/wp-content\/uploads\/2025\/08\/2-1-768x1024.jpg 768w, https:\/\/bisbalpenedes.com\/web\/wp-content\/uploads\/2025\/08\/2-1-225x300.jpg 225w, https:\/\/bisbalpenedes.com\/web\/wp-content\/uploads\/2025\/08\/2-1-600x800.jpg 600w, https:\/\/bisbalpenedes.com\/web\/wp-content\/uploads\/2025\/08\/2-1.jpg 1080w\" sizes=\"(max-width: 768px) 100vw, 768px\" \/><\/figure>\n\n\n\n<figure class=\"wp-block-image size-full\"><img loading=\"lazy\" width=\"720\" height=\"1018\" src=\"https:\/\/bisbalpenedes.com\/web\/wp-content\/uploads\/2025\/08\/PHOTO-2025-08-26-15-31-21.jpg\" alt=\"\" class=\"wp-image-34536\" srcset=\"https:\/\/bisbalpenedes.com\/web\/wp-content\/uploads\/2025\/08\/PHOTO-2025-08-26-15-31-21.jpg 720w, https:\/\/bisbalpenedes.com\/web\/wp-content\/uploads\/2025\/08\/PHOTO-2025-08-26-15-31-21-212x300.jpg 212w, https:\/\/bisbalpenedes.com\/web\/wp-content\/uploads\/2025\/08\/PHOTO-2025-08-26-15-31-21-600x848.jpg 600w\" sizes=\"(max-width: 720px) 100vw, 720px\" \/><\/figure>\n","protected":false},"excerpt":{"rendered":"<p>El pr\u00f2xim cap de setmana arriba la festa del Papagai! La darrera festa del barri d&#8217;aquest estiu! Aqu\u00ed teniu els actes que han programat des de l\u2019Associaci\u00f3 c\u00edvica, ve\u00efnal, cultural &hellip; <a href=\"https:\/\/bisbalpenedes.com\/web\/2025\/08\/26\/festa-del-papagai-dissabte-30-i-diumenge-31-dagost\/\" class=\"more-link\">Read More<\/a><\/p>\n","protected":false},"author":4,"featured_media":34518,"comment_status":"closed","ping_status":"closed","sticky":false,"template":"","format":"standard","meta":[],"categories":[20,4668,8],"tags":[1177,7126,78,50,393],"_links":{"self":[{"href":"https:\/\/bisbalpenedes.com\/web\/wp-json\/wp\/v2\/posts\/34517"}],"collection":[{"href":"https:\/\/bisbalpenedes.com\/web\/wp-json\/wp\/v2\/posts"}],"about":[{"href":"https:\/\/bisbalpenedes.com\/web\/wp-json\/wp\/v2\/types\/post"}],"author":[{"embeddable":true,"href":"https:\/\/bisbalpenedes.com\/web\/wp-json\/wp\/v2\/users\/4"}],"replies":[{"embeddable":true,"href":"https:\/\/bisbalpenedes.com\/web\/wp-json\/wp\/v2\/comments?post=34517"}],"version-history":[{"count":2,"href":"https:\/\/bisbalpenedes.com\/web\/wp-json\/wp\/v2\/posts\/34517\/revisions"}],"predecessor-version":[{"id":34537,"href":"https:\/\/bisbalpenedes.com\/web\/wp-json\/wp\/v2\/posts\/34517\/revisions\/34537"}],"wp:featuredmedia":[{"embeddable":true,"href":"https:\/\/bisbalpenedes.com\/web\/wp-json\/wp\/v2\/media\/34518"}],"wp:attachment":[{"href":"https:\/\/bisbalpenedes.com\/web\/wp-json\/wp\/v2\/media?parent=34517"}],"wp:term":[{"taxonomy":"category","embeddable":true,"href":"https:\/\/bisbalpenedes.com\/web\/wp-json\/wp\/v2\/categories?post=34517"},{"taxonomy":"post_tag","embeddable":true,"href":"https:\/\/bisbalpenedes.com\/web\/wp-json\/wp\/v2\/tags?post=34517"}],"curies":[{"name":"wp","href":"https:\/\/api.w.org\/{rel}","templated":true}]}}