{"id":34514,"date":"2025-08-21T15:22:59","date_gmt":"2025-08-21T13:22:59","guid":{"rendered":"https:\/\/bisbalpenedes.com\/web\/?p=34514"},"modified":"2025-08-21T15:22:59","modified_gmt":"2025-08-21T13:22:59","slug":"saprova-lannex-del-conveni-de-serveis-socials-amb-el-consell-comarcal-del-baix-penedes","status":"publish","type":"post","link":"https:\/\/bisbalpenedes.com\/web\/2025\/08\/21\/saprova-lannex-del-conveni-de-serveis-socials-amb-el-consell-comarcal-del-baix-penedes\/","title":{"rendered":"<strong>S&#8217;aprova l&#8217;annex del conveni de serveis socials amb el Consell Comarcal del Baix Pened\u00e8s<\/strong>"},"content":{"rendered":"\n<p>La Junta de Govern Local, celebrada el passat 16 de juny, va aprovar l&#8217;annex al conveni de serveis socials amb el Consell Comarcal del Baix Pened\u00e8s per a l&#8217;any 2025, amb un pressupost total de 82.551,59 euros. Aquest acord permet mantenir i refor\u00e7ar una \u00e0mplia gamma de serveis socials destinats a millorar el benestar de la ciutadania.<\/p>\n\n\n\n<p><strong>Un conveni supramunicipal consolidat<\/strong><\/p>\n\n\n\n<p>Aquest annex forma part del conveni marc en mat\u00e8ria de serveis socials per al per\u00edode 2023-2025, aprovat al Ple ordinari del 20 de mar\u00e7 de 2023. Diversos ajuntaments de la comarca amb una poblaci\u00f3 inferior a 20.000 habitants estan adherits a aquesta iniciativa supramunicipal que permet optimitzar recursos i garantir una cobertura integral dels serveis socials.<\/p>\n\n\n\n<p><strong>Ampli ventall de serveis socials<\/strong><\/p>\n\n\n\n<p>El conveni inclou els seg\u00fcents serveis amb les seves corresponents aportacions econ\u00f2miques:<\/p>\n\n\n\n<ul><li><strong>Els professionals i serveis socials b\u00e0sics<\/strong>: 48.650,45\u20ac<\/li><li><strong>El SAD (Servei d&#8217;Atenci\u00f3 a la Dona)<\/strong>: 3.000\u20ac<\/li><li><strong>Integradors socials<\/strong>: 8.000\u20ac<\/li><li><strong>Voluntariat (Servei Bon Dia i Rebost Solidari)<\/strong>: 45\u20ac<\/li><li><strong>Servei d&#8217;acolliment residencial d&#8217;urg\u00e8ncia<\/strong>: 1.013,69\u20ac<\/li><li><strong>Transport adaptat<\/strong>: 3.947,80\u20ac<\/li><li><strong>Serveis d&#8217;Intervenci\u00f3 Socioeducativa (SIS)<\/strong>: 2.334,17\u20ac<\/li><li><strong>Educadors medi obert<\/strong>: 4.668,34\u20ac<\/li><li><strong>Servei Integral d&#8217;atenci\u00f3 a la dona (SIAD)<\/strong> que inclou coordinadora, psic\u00f2loga, advocada i LGTBI: 2.471,47\u20ac<\/li><li><strong>Centre obert durant el curs escolar<\/strong>: 2.800\u20ac<\/li><li><strong>Pacte d&#8217;Estat contra la viol\u00e8ncia de g\u00e8nere<\/strong>: 3.272,90\u20ac<\/li><li><strong>Envelliment i conductes de risc<\/strong>: 823,82\u20ac<\/li><li><strong>Sensellarisme<\/strong>: 637,89\u20ac<\/li><li><strong>Banc productes suport<\/strong>: 886,07\u20ac<\/li><\/ul>\n\n\n\n<p>Aquesta diversitat de serveis permet oferir una atenci\u00f3 integral que cobreix des dels serveis socials b\u00e0sics fins a programes especialitzats per a col\u00b7lectius espec\u00edfics, passant per iniciatives de prevenci\u00f3 i suport a situacions de vulnerabilitat social.<\/p>\n\n\n\n<hr class=\"wp-block-separator has-alpha-channel-opacity\"\/>\n\n\n\n<p><strong>La Junta de Gobierno aprueba el anexo del convenio de servicios sociales con el Consell Comarcal del Baix Pened\u00e8s<\/strong><\/p>\n\n\n\n<p>La Junta de Gobierno Local, celebrada el pasado 16 de junio, aprob\u00f3 el anexo al convenio de servicios sociales con el Consell Comarcal del Baix Pened\u00e8s para el a\u00f1o 2025, con un presupuesto total de 82.551,59 euros. Este acuerdo permite mantener y reforzar una amplia gama de servicios sociales destinados a mejorar el bienestar de la ciudadan\u00eda.<strong><\/strong><\/p>\n\n\n\n<p><strong>Un convenio supramunicipal consolidado<\/strong><\/p>\n\n\n\n<p>Este anexo forma parte del convenio marco en materia de servicios sociales para el per\u00edodo 2023-2025, aprobado en el Pleno ordinario del 20 de marzo de 2023. Diversos ayuntamientos de la comarca con una poblaci\u00f3n inferior a 20.000 habitantes est\u00e1n adheridos a esta iniciativa supramunicipal que permite optimizar recursos y garantizar una cobertura integral de los servicios sociales.<\/p>\n\n\n\n<p><strong>Amplio abanico de servicios sociales<\/strong><\/p>\n\n\n\n<p>El convenio incluye los siguientes servicios con sus correspondientes aportaciones econ\u00f3micas:<\/p>\n\n\n\n<ul><li><strong>Los profesionales y servicios sociales b\u00e1sicos<\/strong>: 48.650,45\u20ac<\/li><li><strong>El SAD (Servei d&#8217;Atenci\u00f3 a la Dona)<\/strong>: 3.000\u20ac<\/li><li><strong>Integradores sociales<\/strong>: 8.000\u20ac<\/li><li><strong>Voluntariado (Sevei Bon Dia i Rebost Solidari)<\/strong>: 45\u20ac<\/li><li><strong>Servicio de acogimiento residencial de urgencia<\/strong>: 1.013,69\u20ac<\/li><li><strong>Transporte adaptado<\/strong>: 3.947,80\u20ac<\/li><li><strong>Servicios de Intervenci\u00f3n Socioeducativa (SIS)<\/strong>: 2.334,17\u20ac<\/li><li><strong>Educadores medio abierto<\/strong>: 4.668,34\u20ac<\/li><li><strong>Servicio Integral de atenci\u00f3n a la mujer (SIAD)<\/strong> que incluye coordinadora, psic\u00f3loga, abogada y LGTBI: 2.471,47\u20ac<\/li><li><strong>Centro abierto durante el curso escolar<\/strong>: 2.800\u20ac<\/li><li><strong>Pacto de Estado contra la violencia de g\u00e9nero<\/strong>: 3.272,90\u20ac<\/li><li><strong>Envejecimiento y conductas de riesgo<\/strong>: 823,82\u20ac<\/li><li><strong>Sin hogar<\/strong>: 637,89\u20ac<\/li><li><strong>Banco productos apoyo<\/strong>: 886,07\u20ac<\/li><\/ul>\n\n\n\n<p>Esta diversidad de servicios permite ofrecer una atenci\u00f3n integral que cubre desde los servicios sociales b\u00e1sicos hasta programas especializados para colectivos espec\u00edficos, pasando por iniciativas de prevenci\u00f3n y apoyo a situaciones de vulnerabilidad social.<\/p>\n","protected":false},"excerpt":{"rendered":"<p>La Junta de Govern Local, celebrada el passat 16 de juny, va aprovar l&#8217;annex al conveni de serveis socials amb el Consell Comarcal del Baix Pened\u00e8s per a l&#8217;any 2025, &hellip; <a href=\"https:\/\/bisbalpenedes.com\/web\/2025\/08\/21\/saprova-lannex-del-conveni-de-serveis-socials-amb-el-consell-comarcal-del-baix-penedes\/\" class=\"more-link\">Read More<\/a><\/p>\n","protected":false},"author":4,"featured_media":34515,"comment_status":"closed","ping_status":"closed","sticky":false,"template":"","format":"standard","meta":[],"categories":[3851,8,17],"tags":[393,1374],"_links":{"self":[{"href":"https:\/\/bisbalpenedes.com\/web\/wp-json\/wp\/v2\/posts\/34514"}],"collection":[{"href":"https:\/\/bisbalpenedes.com\/web\/wp-json\/wp\/v2\/posts"}],"about":[{"href":"https:\/\/bisbalpenedes.com\/web\/wp-json\/wp\/v2\/types\/post"}],"author":[{"embeddable":true,"href":"https:\/\/bisbalpenedes.com\/web\/wp-json\/wp\/v2\/users\/4"}],"replies":[{"embeddable":true,"href":"https:\/\/bisbalpenedes.com\/web\/wp-json\/wp\/v2\/comments?post=34514"}],"version-history":[{"count":1,"href":"https:\/\/bisbalpenedes.com\/web\/wp-json\/wp\/v2\/posts\/34514\/revisions"}],"predecessor-version":[{"id":34516,"href":"https:\/\/bisbalpenedes.com\/web\/wp-json\/wp\/v2\/posts\/34514\/revisions\/34516"}],"wp:featuredmedia":[{"embeddable":true,"href":"https:\/\/bisbalpenedes.com\/web\/wp-json\/wp\/v2\/media\/34515"}],"wp:attachment":[{"href":"https:\/\/bisbalpenedes.com\/web\/wp-json\/wp\/v2\/media?parent=34514"}],"wp:term":[{"taxonomy":"category","embeddable":true,"href":"https:\/\/bisbalpenedes.com\/web\/wp-json\/wp\/v2\/categories?post=34514"},{"taxonomy":"post_tag","embeddable":true,"href":"https:\/\/bisbalpenedes.com\/web\/wp-json\/wp\/v2\/tags?post=34514"}],"curies":[{"name":"wp","href":"https:\/\/api.w.org\/{rel}","templated":true}]}}