{"id":34507,"date":"2025-08-21T14:27:51","date_gmt":"2025-08-21T12:27:51","guid":{"rendered":"https:\/\/bisbalpenedes.com\/web\/?p=34507"},"modified":"2025-08-21T14:29:47","modified_gmt":"2025-08-21T12:29:47","slug":"lajuntament-aprova-la-segona-prorroga-del-servei-de-dinamitzacio-dels-espais-per-a-la-gent-gran","status":"publish","type":"post","link":"https:\/\/bisbalpenedes.com\/web\/2025\/08\/21\/lajuntament-aprova-la-segona-prorroga-del-servei-de-dinamitzacio-dels-espais-per-a-la-gent-gran\/","title":{"rendered":"L&#8217;Ajuntament aprova la segona pr\u00f2rroga del servei de dinamitzaci\u00f3 dels espais per a la gent gran"},"content":{"rendered":"\n<p><strong>La Fundaci\u00f3 Pere Tarr\u00e9s continuar\u00e0 gestionant les activitats destinades a les persones grans fins al juny de 2026<\/strong><\/p>\n\n\n\n<p>La Junta de Govern Local, en la sessi\u00f3 celebrada el passat 16 de juny, va aprovar la segona i \u00faltima pr\u00f2rroga del contracte del servei de dinamitzaci\u00f3 dels espais per a la gent gran. La Fundaci\u00f3 Pere Tarr\u00e9s ser\u00e0 l&#8217;encarregada de continuar gestionant aquest servei durant un any m\u00e9s, fins al 22 de juny de 2026, amb un pressupost de 36.999,17 euros.<\/p>\n\n\n\n<p><strong>Un servei consolidat per millorar la qualitat de vida<\/strong><\/p>\n\n\n\n<p>Aquest contracte, adjudicat inicialment el mar\u00e7 de 2023 per a dos cursos amb la possibilitat de dues pr\u00f2rrogues d&#8217;un any cadascuna, t\u00e9 com a objectiu principal oferir activitats destinades a les persones grans per promoure estils de vida m\u00e9s saludables i millorar el seu benestar emocional i qualitat de vida.<\/p>\n\n\n\n<p>Les activitats es desenvolupen en diversos espais municipals distribu\u00efts per tot el municipi: el Parc de Salut del nucli urb\u00e0 i els locals socials de La Miralba, Can Gordei i el Priorat de la Bisbal.<\/p>\n\n\n\n<p>El servei es divideix en dues grans \u00e0rees d&#8217;actuaci\u00f3:<\/p>\n\n\n\n<ul><li><strong>Parcs de Salut<\/strong>: Centrats en l&#8217;activitat f\u00edsica i esportiva, ofereixen sessions tres matins a la setmana al parc de salut del nucli, dues tardes setmanals tant al parc de La Miralba com al del Priorat, i dos matins a la setmana al parc de salut de Can Gordei.<\/li><li><strong>Activitats dirigides<\/strong>: Es tracta d&#8217;activitats amb monitor que els propis usuaris poden escollir segons els seus interessos, com ara inform\u00e0tica, catal\u00e0, tallers de mem\u00f2ria o jocs de taula. Aquestes es fan tres tardes a la setmana al Rac\u00f3 de la Gent Gran del nucli urb\u00e0, i dues tardes setmanals a cadascun dels locals socials de La Miralba, el Priorat i Can Gordei.<\/li><\/ul>\n\n\n\n<p>Amb aquesta pr\u00f2rroga, l&#8217;Ajuntament garanteix la continu\u00eftat d&#8217;un servei que s&#8217;ha consolidat com una eina clau per fomentar l&#8217;envelliment actiu i saludable al municipi.<\/p>\n\n\n\n<hr class=\"wp-block-separator has-alpha-channel-opacity\"\/>\n\n\n\n<h2><strong>El Ayuntamiento aprueba la segunda pr\u00f3rroga del servicio de dinamizaci\u00f3n de los espacios para las personas mayores<\/strong><\/h2>\n\n\n\n<p><strong>La Fundaci\u00f3 Pere Tarr\u00e9s continuar\u00e1 gestionando las actividades destinadas a las personas mayores hasta junio de 2026<\/strong><\/p>\n\n\n\n<p>La Junta de Gobierno Local, en la sesi\u00f3n celebrada el pasado 16 de junio, aprob\u00f3 la segunda y \u00faltima pr\u00f3rroga del contrato del servicio de dinamizaci\u00f3n de los espacios para las personas mayores. La Fundaci\u00f3 Pere Tarr\u00e9s ser\u00e1 la encargada de continuar gestionando este servicio durante un a\u00f1o m\u00e1s, hasta el 22 de junio de 2026, con un presupuesto de 36.999,17 euros.<\/p>\n\n\n\n<p><strong>Un servicio consolidado para mejorar la calidad de vida<\/strong><\/p>\n\n\n\n<p>Este contrato, adjudicado inicialmente en marzo de 2023 para dos cursos con la posibilidad de dos pr\u00f3rrogas de un a\u00f1o cada una, tiene como objetivo principal ofrecer actividades destinadas a las personas mayores para promover estilos de vida m\u00e1s saludables y mejorar su bienestar emocional y calidad de vida.<\/p>\n\n\n\n<p>Las actividades se desarrollan en diversos espacios municipales distribuidos por todo el municipio: el Parc de Salut del n\u00facleo urbano y los locales sociales de La Miralba, Can Gordei y el Priorat de la Bisbal.<\/p>\n\n\n\n<p>El servicio se divide en dos grandes \u00e1reas de actuaci\u00f3n:<\/p>\n\n\n\n<ul><li><strong>Parques de Salud<\/strong>: Centrados en la actividad f\u00edsica y deportiva, ofrecen sesiones tres ma\u00f1anas a la semana en el parque de salud del n\u00facleo, dos tardes semanales tanto en el parque de La Miralba como en el del Priorat, y dos ma\u00f1anas a la semana en el parque de salud de Can Gordei.<\/li><li><strong>Actividades dirigidas<\/strong>: Se trata de actividades con monitor que los propios usuarios pueden elegir seg\u00fan sus intereses, como inform\u00e1tica, catal\u00e1n, talleres de memoria o juegos de mesa. Estas se realizan tres tardes a la semana en el Rac\u00f3 de la Gent Gran del n\u00facleo urbano, y dos tardes semanales en cada uno de los locales sociales de La Miralba, el Priorat y Can Gordei.<\/li><\/ul>\n\n\n\n<p>Con esta pr\u00f3rroga, el Ayuntamiento garantiza la continuidad de un servicio que se ha consolidado como una herramienta clave para fomentar el envejecimiento activo y saludable en el municipio.<\/p>\n","protected":false},"excerpt":{"rendered":"<p>La Fundaci\u00f3 Pere Tarr\u00e9s continuar\u00e0 gestionant les activitats destinades a les persones grans fins al juny de 2026 La Junta de Govern Local, en la sessi\u00f3 celebrada el passat 16 &hellip; <a href=\"https:\/\/bisbalpenedes.com\/web\/2025\/08\/21\/lajuntament-aprova-la-segona-prorroga-del-servei-de-dinamitzacio-dels-espais-per-a-la-gent-gran\/\" class=\"more-link\">Read More<\/a><\/p>\n","protected":false},"author":4,"featured_media":34510,"comment_status":"closed","ping_status":"closed","sticky":false,"template":"","format":"standard","meta":[],"categories":[464,8],"tags":[459,7125,305,393,1374],"_links":{"self":[{"href":"https:\/\/bisbalpenedes.com\/web\/wp-json\/wp\/v2\/posts\/34507"}],"collection":[{"href":"https:\/\/bisbalpenedes.com\/web\/wp-json\/wp\/v2\/posts"}],"about":[{"href":"https:\/\/bisbalpenedes.com\/web\/wp-json\/wp\/v2\/types\/post"}],"author":[{"embeddable":true,"href":"https:\/\/bisbalpenedes.com\/web\/wp-json\/wp\/v2\/users\/4"}],"replies":[{"embeddable":true,"href":"https:\/\/bisbalpenedes.com\/web\/wp-json\/wp\/v2\/comments?post=34507"}],"version-history":[{"count":2,"href":"https:\/\/bisbalpenedes.com\/web\/wp-json\/wp\/v2\/posts\/34507\/revisions"}],"predecessor-version":[{"id":34511,"href":"https:\/\/bisbalpenedes.com\/web\/wp-json\/wp\/v2\/posts\/34507\/revisions\/34511"}],"wp:featuredmedia":[{"embeddable":true,"href":"https:\/\/bisbalpenedes.com\/web\/wp-json\/wp\/v2\/media\/34510"}],"wp:attachment":[{"href":"https:\/\/bisbalpenedes.com\/web\/wp-json\/wp\/v2\/media?parent=34507"}],"wp:term":[{"taxonomy":"category","embeddable":true,"href":"https:\/\/bisbalpenedes.com\/web\/wp-json\/wp\/v2\/categories?post=34507"},{"taxonomy":"post_tag","embeddable":true,"href":"https:\/\/bisbalpenedes.com\/web\/wp-json\/wp\/v2\/tags?post=34507"}],"curies":[{"name":"wp","href":"https:\/\/api.w.org\/{rel}","templated":true}]}}