{"id":34454,"date":"2025-08-07T14:53:39","date_gmt":"2025-08-07T12:53:39","guid":{"rendered":"https:\/\/bisbalpenedes.com\/web\/?p=34454"},"modified":"2025-08-07T14:54:19","modified_gmt":"2025-08-07T12:54:19","slug":"34454","status":"publish","type":"post","link":"https:\/\/bisbalpenedes.com\/web\/2025\/08\/07\/34454\/","title":{"rendered":"Els infants del Casal d&#8217;Estiu de la Bisbal del Pened\u00e8s visiten l&#8217;Ajuntament"},"content":{"rendered":"\n<p>El Casal d&#8217;Estiu de la Bisbal del Pened\u00e8s va visitar l&#8217;Ajuntament de la Bisbal del Pened\u00e8s el passat 4 d&#8217;agost. El regidor de Lleure, Joan Gimeno, va rebre els infants i els va guiar per l&#8217;equipament perqu\u00e8 el poguessin con\u00e8ixer des de dins.<br>Els infants van poder visitar el despatx d&#8217;alcaldia, on la batlessa Agn\u00e8s Ferr\u00e9 els va rebre i els va obrir el balc\u00f3, recordant-los que la setmana vinent, des d&#8217;all\u00e0, si far\u00e0 el preg\u00f3 de la Festa Major. \ud83c\udf99Per acabar, van visitar la sala de plens i, per torns, van anar seient en les cadires que ocupen els regidors i regidores del Consistori i van poder explicar qu\u00e8 \u00e9s el que m\u00e9s els agradava de la Bisbal i qu\u00e8 \u00e9s el que els agradaria que hi hagu\u00e9s. Tant els infants, com els monitors i monitores, com l&#8217;equip de govern vam gaudir d&#8217;una gran experi\u00e8ncia. Des d&#8217;aqu\u00ed volem aprofitar per agrair la gran tasca dels monitors del casal. <\/p>\n\n\n\n<hr class=\"wp-block-separator has-alpha-channel-opacity\"\/>\n\n\n\n<p>C<strong>ASTELLANO |<\/strong> El Casal d&#8217;Estiu de la Bisbal del Pened\u00e8s visit\u00f3 el Ajuntament de la Bisbal del Pened\u00e8s el pasado 4 de agosto. El concejal de Ocio, Joan Gimeno, recibi\u00f3 a los ni\u00f1os y los gui\u00f3 por las instalaciones para que pudieran conocerlas desde dentro.<\/p>\n\n\n\n<p>Los ni\u00f1os pudieron visitar el despacho de alcald\u00eda, donde la alcaldesa Agn\u00e8s Ferr\u00e9 los recibi\u00f3 y les abri\u00f3 el balc\u00f3n, record\u00e1ndoles que la semana siguiente, desde all\u00ed, se har\u00eda el preg\u00f3n de la Festa Major.<\/p>\n\n\n\n<p>Para terminar, visitaron el sal\u00f3n de plenos y, por turnos, fueron sent\u00e1ndose en las sillas que ocupan los concejales y concejalas del Consistorio y pudieron explicar qu\u00e9 es lo que m\u00e1s les gustaba de la Bisbal y qu\u00e9 les gustar\u00eda que hubiera. Tanto los ni\u00f1os, como los monitores y monitoras, como el equipo de gobierno disfrutamos de una gran experiencia.<\/p>\n\n\n\n<p>Desde aqu\u00ed queremos aprovechar para agradecer la gran labor de los monitores del casal.<\/p>\n\n\n\n<p>Fotos: Ra\u00fal Gallego Fot\u00f3grafo<br><\/p>\n\n\n\n<figure class=\"wp-container-2 wp-block-gallery-1 wp-block-gallery has-nested-images columns-default is-cropped\">\n<figure class=\"wp-block-image size-large\"><img loading=\"lazy\" width=\"640\" height=\"480\" data-id=\"34459\"  src=\"https:\/\/bisbalpenedes.com\/web\/wp-content\/uploads\/2025\/08\/2025-08-04_12-00-50_546-a-mida-mitjana.jpeg\" alt=\"\" class=\"wp-image-34459\" srcset=\"https:\/\/bisbalpenedes.com\/web\/wp-content\/uploads\/2025\/08\/2025-08-04_12-00-50_546-a-mida-mitjana.jpeg 640w, https:\/\/bisbalpenedes.com\/web\/wp-content\/uploads\/2025\/08\/2025-08-04_12-00-50_546-a-mida-mitjana-300x225.jpeg 300w, https:\/\/bisbalpenedes.com\/web\/wp-content\/uploads\/2025\/08\/2025-08-04_12-00-50_546-a-mida-mitjana-600x450.jpeg 600w\" sizes=\"(max-width: 640px) 100vw, 640px\" \/><\/figure>\n\n\n\n<figure class=\"wp-block-image size-large\"><img loading=\"lazy\" width=\"640\" height=\"480\" data-id=\"34456\"  src=\"https:\/\/bisbalpenedes.com\/web\/wp-content\/uploads\/2025\/08\/2025-08-04_11-59-48_027-a-mida-mitjana.jpeg\" alt=\"\" class=\"wp-image-34456\" srcset=\"https:\/\/bisbalpenedes.com\/web\/wp-content\/uploads\/2025\/08\/2025-08-04_11-59-48_027-a-mida-mitjana.jpeg 640w, https:\/\/bisbalpenedes.com\/web\/wp-content\/uploads\/2025\/08\/2025-08-04_11-59-48_027-a-mida-mitjana-300x225.jpeg 300w, https:\/\/bisbalpenedes.com\/web\/wp-content\/uploads\/2025\/08\/2025-08-04_11-59-48_027-a-mida-mitjana-600x450.jpeg 600w\" sizes=\"(max-width: 640px) 100vw, 640px\" \/><\/figure>\n\n\n\n<figure class=\"wp-block-image size-large\"><img loading=\"lazy\" width=\"640\" height=\"480\" data-id=\"34460\"  src=\"https:\/\/bisbalpenedes.com\/web\/wp-content\/uploads\/2025\/08\/2025-08-04_11-57-51_554-a-mida-mitjana.jpeg\" alt=\"\" class=\"wp-image-34460\" srcset=\"https:\/\/bisbalpenedes.com\/web\/wp-content\/uploads\/2025\/08\/2025-08-04_11-57-51_554-a-mida-mitjana.jpeg 640w, https:\/\/bisbalpenedes.com\/web\/wp-content\/uploads\/2025\/08\/2025-08-04_11-57-51_554-a-mida-mitjana-300x225.jpeg 300w, https:\/\/bisbalpenedes.com\/web\/wp-content\/uploads\/2025\/08\/2025-08-04_11-57-51_554-a-mida-mitjana-600x450.jpeg 600w\" sizes=\"(max-width: 640px) 100vw, 640px\" \/><\/figure>\n\n\n\n<figure class=\"wp-block-image size-large\"><img loading=\"lazy\" width=\"640\" height=\"480\" data-id=\"34457\"  src=\"https:\/\/bisbalpenedes.com\/web\/wp-content\/uploads\/2025\/08\/2025-08-04_11-54-16_398-a-mida-mitjana.jpeg\" alt=\"\" class=\"wp-image-34457\" srcset=\"https:\/\/bisbalpenedes.com\/web\/wp-content\/uploads\/2025\/08\/2025-08-04_11-54-16_398-a-mida-mitjana.jpeg 640w, https:\/\/bisbalpenedes.com\/web\/wp-content\/uploads\/2025\/08\/2025-08-04_11-54-16_398-a-mida-mitjana-300x225.jpeg 300w, https:\/\/bisbalpenedes.com\/web\/wp-content\/uploads\/2025\/08\/2025-08-04_11-54-16_398-a-mida-mitjana-600x450.jpeg 600w\" sizes=\"(max-width: 640px) 100vw, 640px\" \/><\/figure>\n\n\n\n<figure class=\"wp-block-image size-large\"><img loading=\"lazy\" width=\"640\" height=\"480\" data-id=\"34458\"  src=\"https:\/\/bisbalpenedes.com\/web\/wp-content\/uploads\/2025\/08\/2025-08-04_11-50-54_184-a-mida-mitjana.jpeg\" alt=\"\" class=\"wp-image-34458\" srcset=\"https:\/\/bisbalpenedes.com\/web\/wp-content\/uploads\/2025\/08\/2025-08-04_11-50-54_184-a-mida-mitjana.jpeg 640w, https:\/\/bisbalpenedes.com\/web\/wp-content\/uploads\/2025\/08\/2025-08-04_11-50-54_184-a-mida-mitjana-300x225.jpeg 300w, https:\/\/bisbalpenedes.com\/web\/wp-content\/uploads\/2025\/08\/2025-08-04_11-50-54_184-a-mida-mitjana-600x450.jpeg 600w\" sizes=\"(max-width: 640px) 100vw, 640px\" \/><\/figure>\n<\/figure>\n","protected":false},"excerpt":{"rendered":"<p>El Casal d&#8217;Estiu de la Bisbal del Pened\u00e8s va visitar l&#8217;Ajuntament de la Bisbal del Pened\u00e8s el passat 4 d&#8217;agost. El regidor de Lleure, Joan Gimeno, va rebre els infants &hellip; <a href=\"https:\/\/bisbalpenedes.com\/web\/2025\/08\/07\/34454\/\" class=\"more-link\">Read More<\/a><\/p>\n","protected":false},"author":4,"featured_media":34455,"comment_status":"closed","ping_status":"closed","sticky":false,"template":"","format":"standard","meta":[],"categories":[398,8],"tags":[],"_links":{"self":[{"href":"https:\/\/bisbalpenedes.com\/web\/wp-json\/wp\/v2\/posts\/34454"}],"collection":[{"href":"https:\/\/bisbalpenedes.com\/web\/wp-json\/wp\/v2\/posts"}],"about":[{"href":"https:\/\/bisbalpenedes.com\/web\/wp-json\/wp\/v2\/types\/post"}],"author":[{"embeddable":true,"href":"https:\/\/bisbalpenedes.com\/web\/wp-json\/wp\/v2\/users\/4"}],"replies":[{"embeddable":true,"href":"https:\/\/bisbalpenedes.com\/web\/wp-json\/wp\/v2\/comments?post=34454"}],"version-history":[{"count":3,"href":"https:\/\/bisbalpenedes.com\/web\/wp-json\/wp\/v2\/posts\/34454\/revisions"}],"predecessor-version":[{"id":34463,"href":"https:\/\/bisbalpenedes.com\/web\/wp-json\/wp\/v2\/posts\/34454\/revisions\/34463"}],"wp:featuredmedia":[{"embeddable":true,"href":"https:\/\/bisbalpenedes.com\/web\/wp-json\/wp\/v2\/media\/34455"}],"wp:attachment":[{"href":"https:\/\/bisbalpenedes.com\/web\/wp-json\/wp\/v2\/media?parent=34454"}],"wp:term":[{"taxonomy":"category","embeddable":true,"href":"https:\/\/bisbalpenedes.com\/web\/wp-json\/wp\/v2\/categories?post=34454"},{"taxonomy":"post_tag","embeddable":true,"href":"https:\/\/bisbalpenedes.com\/web\/wp-json\/wp\/v2\/tags?post=34454"}],"curies":[{"name":"wp","href":"https:\/\/api.w.org\/{rel}","templated":true}]}}