{"id":34442,"date":"2025-08-07T14:23:12","date_gmt":"2025-08-07T12:23:12","guid":{"rendered":"https:\/\/bisbalpenedes.com\/web\/?p=34442"},"modified":"2025-08-07T19:20:22","modified_gmt":"2025-08-07T17:20:22","slug":"exit-de-participacio-en-la-jornada-de-portes-obertes-de-la-joventut-bisbalenca","status":"publish","type":"post","link":"https:\/\/bisbalpenedes.com\/web\/2025\/08\/07\/exit-de-participacio-en-la-jornada-de-portes-obertes-de-la-joventut-bisbalenca\/","title":{"rendered":"\u00c8xit de participaci\u00f3 en la jornada de portes obertes de la Joventut Bisbalenca"},"content":{"rendered":"\n<p>El passat dimarts vam gaudir de la jornada de portes obertes de la Joventut Bisbalenca CF. La jornada estava adre\u00e7ada a totes aquelles fam\u00edlies i jugadors que volguessin con\u00e8ixer el club des de dins i va ser un \u00e8xit, amb la participaci\u00f3 de molts infants i joves. El club t\u00e9 previst dur a terme alguna altra jornada de portes obertes abans que comenci la temporada. Estigueu atents a les xarxes socials de la Bisbalenca!<\/p>\n\n\n\n<hr class=\"wp-block-separator has-alpha-channel-opacity\"\/>\n\n\n\n<p>El pasado martes disfrutamos de la jornada de puertas abiertas de la Joventut Bisbalenca CF. La jornada iba dirigida a todas aquellas familias y jugadores que quisieran conocer el club desde dentro y fue un \u00e9xito, con la participaci\u00f3n de muchos ni\u00f1@s y j\u00f3venes. El club tiene previsto llevar a cabo alguna otra jornada de puertas abiertas antes de que empieza la temporada. \u00a1Estad atent@s a las redes sociales de la Bisbalenca!<\/p>\n\n\n\n<p>\ud83d\udcf8 Ra\u00fal Gallego Fot\u00f3grafo<\/p>\n\n\n\n<figure class=\"wp-container-2 wp-block-gallery-1 wp-block-gallery has-nested-images columns-default is-cropped\">\n<figure class=\"wp-block-image size-large\"><img loading=\"lazy\" width=\"640\" height=\"480\" data-id=\"34445\"  src=\"https:\/\/bisbalpenedes.com\/web\/wp-content\/uploads\/2025\/08\/P8050001-a-mida-mitjana.jpeg\" alt=\"\" class=\"wp-image-34445\" srcset=\"https:\/\/bisbalpenedes.com\/web\/wp-content\/uploads\/2025\/08\/P8050001-a-mida-mitjana.jpeg 640w, https:\/\/bisbalpenedes.com\/web\/wp-content\/uploads\/2025\/08\/P8050001-a-mida-mitjana-300x225.jpeg 300w, https:\/\/bisbalpenedes.com\/web\/wp-content\/uploads\/2025\/08\/P8050001-a-mida-mitjana-600x450.jpeg 600w\" sizes=\"(max-width: 640px) 100vw, 640px\" \/><\/figure>\n\n\n\n<figure class=\"wp-block-image size-large\"><img loading=\"lazy\" width=\"640\" height=\"480\" data-id=\"34448\"  src=\"https:\/\/bisbalpenedes.com\/web\/wp-content\/uploads\/2025\/08\/P8050002-a-mida-mitjana.jpeg\" alt=\"\" class=\"wp-image-34448\" srcset=\"https:\/\/bisbalpenedes.com\/web\/wp-content\/uploads\/2025\/08\/P8050002-a-mida-mitjana.jpeg 640w, https:\/\/bisbalpenedes.com\/web\/wp-content\/uploads\/2025\/08\/P8050002-a-mida-mitjana-300x225.jpeg 300w, https:\/\/bisbalpenedes.com\/web\/wp-content\/uploads\/2025\/08\/P8050002-a-mida-mitjana-600x450.jpeg 600w\" sizes=\"(max-width: 640px) 100vw, 640px\" \/><\/figure>\n\n\n\n<figure class=\"wp-block-image size-large\"><img loading=\"lazy\" width=\"640\" height=\"480\" data-id=\"34446\"  src=\"https:\/\/bisbalpenedes.com\/web\/wp-content\/uploads\/2025\/08\/P8050006-a-mida-mitjana.jpeg\" alt=\"\" class=\"wp-image-34446\" srcset=\"https:\/\/bisbalpenedes.com\/web\/wp-content\/uploads\/2025\/08\/P8050006-a-mida-mitjana.jpeg 640w, https:\/\/bisbalpenedes.com\/web\/wp-content\/uploads\/2025\/08\/P8050006-a-mida-mitjana-300x225.jpeg 300w, https:\/\/bisbalpenedes.com\/web\/wp-content\/uploads\/2025\/08\/P8050006-a-mida-mitjana-600x450.jpeg 600w\" sizes=\"(max-width: 640px) 100vw, 640px\" \/><\/figure>\n\n\n\n<figure class=\"wp-block-image size-large\"><img loading=\"lazy\" width=\"640\" height=\"480\" data-id=\"34449\"  src=\"https:\/\/bisbalpenedes.com\/web\/wp-content\/uploads\/2025\/08\/P8050008-a-mida-mitjana.jpeg\" alt=\"\" class=\"wp-image-34449\" srcset=\"https:\/\/bisbalpenedes.com\/web\/wp-content\/uploads\/2025\/08\/P8050008-a-mida-mitjana.jpeg 640w, https:\/\/bisbalpenedes.com\/web\/wp-content\/uploads\/2025\/08\/P8050008-a-mida-mitjana-300x225.jpeg 300w, https:\/\/bisbalpenedes.com\/web\/wp-content\/uploads\/2025\/08\/P8050008-a-mida-mitjana-600x450.jpeg 600w\" sizes=\"(max-width: 640px) 100vw, 640px\" \/><\/figure>\n\n\n\n<figure class=\"wp-block-image size-large\"><img loading=\"lazy\" width=\"640\" height=\"480\" data-id=\"34450\"  src=\"https:\/\/bisbalpenedes.com\/web\/wp-content\/uploads\/2025\/08\/P8050010-a-mida-mitjana.jpeg\" alt=\"\" class=\"wp-image-34450\" srcset=\"https:\/\/bisbalpenedes.com\/web\/wp-content\/uploads\/2025\/08\/P8050010-a-mida-mitjana.jpeg 640w, https:\/\/bisbalpenedes.com\/web\/wp-content\/uploads\/2025\/08\/P8050010-a-mida-mitjana-300x225.jpeg 300w, https:\/\/bisbalpenedes.com\/web\/wp-content\/uploads\/2025\/08\/P8050010-a-mida-mitjana-600x450.jpeg 600w\" sizes=\"(max-width: 640px) 100vw, 640px\" \/><\/figure>\n\n\n\n<figure class=\"wp-block-image size-large\"><img loading=\"lazy\" width=\"640\" height=\"480\" data-id=\"34447\"  src=\"https:\/\/bisbalpenedes.com\/web\/wp-content\/uploads\/2025\/08\/P8050011-a-mida-mitjana.jpeg\" alt=\"\" class=\"wp-image-34447\" srcset=\"https:\/\/bisbalpenedes.com\/web\/wp-content\/uploads\/2025\/08\/P8050011-a-mida-mitjana.jpeg 640w, https:\/\/bisbalpenedes.com\/web\/wp-content\/uploads\/2025\/08\/P8050011-a-mida-mitjana-300x225.jpeg 300w, https:\/\/bisbalpenedes.com\/web\/wp-content\/uploads\/2025\/08\/P8050011-a-mida-mitjana-600x450.jpeg 600w\" sizes=\"(max-width: 640px) 100vw, 640px\" \/><\/figure>\n\n\n\n<figure class=\"wp-block-image size-large\"><img loading=\"lazy\" width=\"640\" height=\"480\" data-id=\"34444\"  src=\"https:\/\/bisbalpenedes.com\/web\/wp-content\/uploads\/2025\/08\/P8050017-a-mida-mitjana.jpeg\" alt=\"\" class=\"wp-image-34444\" srcset=\"https:\/\/bisbalpenedes.com\/web\/wp-content\/uploads\/2025\/08\/P8050017-a-mida-mitjana.jpeg 640w, https:\/\/bisbalpenedes.com\/web\/wp-content\/uploads\/2025\/08\/P8050017-a-mida-mitjana-300x225.jpeg 300w, https:\/\/bisbalpenedes.com\/web\/wp-content\/uploads\/2025\/08\/P8050017-a-mida-mitjana-600x450.jpeg 600w\" sizes=\"(max-width: 640px) 100vw, 640px\" \/><\/figure>\n<\/figure>\n","protected":false},"excerpt":{"rendered":"<p>El passat dimarts vam gaudir de la jornada de portes obertes de la Joventut Bisbalenca CF. La jornada estava adre\u00e7ada a totes aquelles fam\u00edlies i jugadors que volguessin con\u00e8ixer el &hellip; <a href=\"https:\/\/bisbalpenedes.com\/web\/2025\/08\/07\/exit-de-participacio-en-la-jornada-de-portes-obertes-de-la-joventut-bisbalenca\/\" class=\"more-link\">Read More<\/a><\/p>\n","protected":false},"author":4,"featured_media":34443,"comment_status":"closed","ping_status":"closed","sticky":false,"template":"","format":"standard","meta":[],"categories":[19,8],"tags":[459,367,345,393],"_links":{"self":[{"href":"https:\/\/bisbalpenedes.com\/web\/wp-json\/wp\/v2\/posts\/34442"}],"collection":[{"href":"https:\/\/bisbalpenedes.com\/web\/wp-json\/wp\/v2\/posts"}],"about":[{"href":"https:\/\/bisbalpenedes.com\/web\/wp-json\/wp\/v2\/types\/post"}],"author":[{"embeddable":true,"href":"https:\/\/bisbalpenedes.com\/web\/wp-json\/wp\/v2\/users\/4"}],"replies":[{"embeddable":true,"href":"https:\/\/bisbalpenedes.com\/web\/wp-json\/wp\/v2\/comments?post=34442"}],"version-history":[{"count":2,"href":"https:\/\/bisbalpenedes.com\/web\/wp-json\/wp\/v2\/posts\/34442\/revisions"}],"predecessor-version":[{"id":34465,"href":"https:\/\/bisbalpenedes.com\/web\/wp-json\/wp\/v2\/posts\/34442\/revisions\/34465"}],"wp:featuredmedia":[{"embeddable":true,"href":"https:\/\/bisbalpenedes.com\/web\/wp-json\/wp\/v2\/media\/34443"}],"wp:attachment":[{"href":"https:\/\/bisbalpenedes.com\/web\/wp-json\/wp\/v2\/media?parent=34442"}],"wp:term":[{"taxonomy":"category","embeddable":true,"href":"https:\/\/bisbalpenedes.com\/web\/wp-json\/wp\/v2\/categories?post=34442"},{"taxonomy":"post_tag","embeddable":true,"href":"https:\/\/bisbalpenedes.com\/web\/wp-json\/wp\/v2\/tags?post=34442"}],"curies":[{"name":"wp","href":"https:\/\/api.w.org\/{rel}","templated":true}]}}