{"id":34434,"date":"2025-08-07T14:10:35","date_gmt":"2025-08-07T12:10:35","guid":{"rendered":"https:\/\/bisbalpenedes.com\/web\/?p=34434"},"modified":"2025-08-07T14:10:35","modified_gmt":"2025-08-07T12:10:35","slug":"canvi-en-el-sentit-de-la-circulacio-del-carrer-segre-de-can-gordei","status":"publish","type":"post","link":"https:\/\/bisbalpenedes.com\/web\/2025\/08\/07\/canvi-en-el-sentit-de-la-circulacio-del-carrer-segre-de-can-gordei\/","title":{"rendered":"Canvi en el sentit de la circulaci\u00f3 del carrer Segre de Can Gordei"},"content":{"rendered":"\n<p>Pr\u00f2ximament es faran canvis en el sentit de la circulaci\u00f3 del carrer Segre de Can Gordei.<\/p>\n\n\n\n<p>Es tracta d&#8217;una prova pilot que es du a terme despr\u00e9s d&#8217;haver conversat amb els ve\u00efns i les autoritats de tr\u00e0nsit.<\/p>\n\n\n\n<p>M\u00e9s endavant es recolliran les impressions dels ve\u00efns i les autoritats de tr\u00e0nsit per con\u00e8ixer les seves opinions sobre aquesta modificaci\u00f3.<\/p>\n\n\n\n<hr class=\"wp-block-separator has-alpha-channel-opacity\"\/>\n\n\n\n<p>Pr\u00f3ximamente se har\u00e1n cambios en el sentido de la circulaci\u00f3n de la calle Segre de Can Gordei.<\/p>\n\n\n\n<p>Se trata de una prueba piloto que se lleva a cabo despu\u00e9s de haber conversado con los vecinos y las autoridades de tr\u00e1fico.<br><br>M\u00e1s adelante se recoger\u00e1n las impresiones de los vecinos y las autoridades de tr\u00e1fico para conocer sus opiniones sobre esta modificaci\u00f3n.<\/p>\n\n\n\n<figure class=\"wp-block-image size-large\"><img loading=\"lazy\" width=\"819\" height=\"1024\" src=\"https:\/\/bisbalpenedes.com\/web\/wp-content\/uploads\/2025\/08\/2-819x1024.jpg\" alt=\"\" class=\"wp-image-34436\" srcset=\"https:\/\/bisbalpenedes.com\/web\/wp-content\/uploads\/2025\/08\/2-819x1024.jpg 819w, https:\/\/bisbalpenedes.com\/web\/wp-content\/uploads\/2025\/08\/2-240x300.jpg 240w, https:\/\/bisbalpenedes.com\/web\/wp-content\/uploads\/2025\/08\/2-768x960.jpg 768w, https:\/\/bisbalpenedes.com\/web\/wp-content\/uploads\/2025\/08\/2-600x750.jpg 600w, https:\/\/bisbalpenedes.com\/web\/wp-content\/uploads\/2025\/08\/2.jpg 1080w\" sizes=\"(max-width: 819px) 100vw, 819px\" \/><\/figure>\n","protected":false},"excerpt":{"rendered":"<p>Pr\u00f2ximament es faran canvis en el sentit de la circulaci\u00f3 del carrer Segre de Can Gordei. Es tracta d&#8217;una prova pilot que es du a terme despr\u00e9s d&#8217;haver conversat amb &hellip; <a href=\"https:\/\/bisbalpenedes.com\/web\/2025\/08\/07\/canvi-en-el-sentit-de-la-circulacio-del-carrer-segre-de-can-gordei\/\" class=\"more-link\">Read More<\/a><\/p>\n","protected":false},"author":4,"featured_media":34435,"comment_status":"closed","ping_status":"closed","sticky":false,"template":"","format":"standard","meta":[],"categories":[1047,4287,8,6393],"tags":[198,7123,393,1181,1930],"_links":{"self":[{"href":"https:\/\/bisbalpenedes.com\/web\/wp-json\/wp\/v2\/posts\/34434"}],"collection":[{"href":"https:\/\/bisbalpenedes.com\/web\/wp-json\/wp\/v2\/posts"}],"about":[{"href":"https:\/\/bisbalpenedes.com\/web\/wp-json\/wp\/v2\/types\/post"}],"author":[{"embeddable":true,"href":"https:\/\/bisbalpenedes.com\/web\/wp-json\/wp\/v2\/users\/4"}],"replies":[{"embeddable":true,"href":"https:\/\/bisbalpenedes.com\/web\/wp-json\/wp\/v2\/comments?post=34434"}],"version-history":[{"count":1,"href":"https:\/\/bisbalpenedes.com\/web\/wp-json\/wp\/v2\/posts\/34434\/revisions"}],"predecessor-version":[{"id":34441,"href":"https:\/\/bisbalpenedes.com\/web\/wp-json\/wp\/v2\/posts\/34434\/revisions\/34441"}],"wp:featuredmedia":[{"embeddable":true,"href":"https:\/\/bisbalpenedes.com\/web\/wp-json\/wp\/v2\/media\/34435"}],"wp:attachment":[{"href":"https:\/\/bisbalpenedes.com\/web\/wp-json\/wp\/v2\/media?parent=34434"}],"wp:term":[{"taxonomy":"category","embeddable":true,"href":"https:\/\/bisbalpenedes.com\/web\/wp-json\/wp\/v2\/categories?post=34434"},{"taxonomy":"post_tag","embeddable":true,"href":"https:\/\/bisbalpenedes.com\/web\/wp-json\/wp\/v2\/tags?post=34434"}],"curies":[{"name":"wp","href":"https:\/\/api.w.org\/{rel}","templated":true}]}}