{"id":34398,"date":"2025-08-04T17:13:52","date_gmt":"2025-08-04T15:13:52","guid":{"rendered":"https:\/\/bisbalpenedes.com\/web\/?p=34398"},"modified":"2025-08-04T17:13:52","modified_gmt":"2025-08-04T15:13:52","slug":"comencen-les-obres-darranjament-del-asfalt-del-carrer-logrono","status":"publish","type":"post","link":"https:\/\/bisbalpenedes.com\/web\/2025\/08\/04\/comencen-les-obres-darranjament-del-asfalt-del-carrer-logrono\/","title":{"rendered":"Comencen les obres d&#8217;arranjament del asfalt del carrer Logro\u00f1o"},"content":{"rendered":"\n<p>Avui dilluns, han comen\u00e7at les obres d&#8217;arranjament de l&#8217;asfalt del carrer Logro\u00f1o del Priorat de la Bisbal en una zona en la que hi havia un sot for\u00e7a pronunciat. Es tracta d&#8217;una obra molt esperada pels ve\u00efns de la zona i que ha hagut d&#8217;esperar a causa de les tramitacions t\u00e8cniques que s&#8217;han hagut de dur a terme per poder-la tirar endavant. Les obres han comen\u00e7at amb un arranjament provisional per estalviar les mol\u00e8sties dels ve\u00efns i, en unes setmanes, es faran es faran els treballs definitius.<\/p>\n\n\n\n<p>Una vegada finalitzats els treballs t\u00e8cnics i valorada la dificultat de tot el proc\u00e9s d&#8217;arranjament, s&#8217;ha seguit el procediment indicat per la secretaria de l&#8217;Ajuntament. Concretament, s&#8217;ha hagut de fer la mem\u00f2ria valorada i enviar invitaci\u00f3 a tres empreses perqu\u00e8 presentessin pressupost per dur a terme aquesta obra. Un cop rebuts els pressupostos, els t\u00e8cnics d&#8217;urbanisme han fet la darrera inspecci\u00f3 de les ofertes fins a triar l&#8217;empresa definitiva. Posteriorment, l&#8217;empresa adjudicat\u00e0ria ha hagut de presentar tota la documentaci\u00f3 per fer l&#8217;aprovaci\u00f3 definitiva.<\/p>\n\n\n\n<p>La regidora de Barris, Paqui Cepas, ha afirmat que <em>&#8220;des de l&#8217;equip de govern lamentem profundament el temps que el forat ha suposat un problema per als ve\u00efns i esperem que tot aquest procediment sigui la soluci\u00f3 definitiva d&#8217;aquest problema que hem arrossegat durant massa temps&#8221;.<\/em> Cepas ha afegit que <em>&#8220;el procediment ha estat llarg i complicat i, els pol\u00edtics, no hi podem intervenir, l\u00f2gicament, ja que es tracta de q\u00fcestions t\u00e8cniques. Per sort, ja hem finalitzat tota la tramitaci\u00f3 i ja hem pogut iniciar els treballs&#8221;.<\/em><\/p>\n\n\n\n<hr class=\"wp-block-separator has-alpha-channel-opacity\"\/>\n\n\n\n<h2><strong>Comienzan las obras de arreglo del asfalto de la calle Logro\u00f1o<\/strong><\/h2>\n\n\n\n<p>Hoy lunes, han comenzado las obras de arreglo del asfalto de la calle Logro\u00f1o del Priorat de la Bisbal en una zona en la que hab\u00eda un socav\u00f3n bastante pronunciado. Se trata de una obra muy esperada por los vecinos de la zona y que ha tenido que esperar a causa de las tramitaciones t\u00e9cnicas que se han tenido que llevar a cabo para poder sacarla adelante. Las obras han empezado con un arreglo provisional para ahorrar molestias a los vecinos y, en unas semanas, se har\u00e1n los trabajos definitivos.<\/p>\n\n\n\n<p>Una vez finalizados los trabajos t\u00e9cnicos y valorada la dificultad de todo el proceso de arreglo, se ha seguido el procedimiento indicado por la secretar\u00eda del Ayuntamiento. Concretamente, se ha tenido que hacer la memoria valorada y enviar invitaci\u00f3n a tres empresas para que presentaran presupuesto para llevar a cabo esta obra. Una vez recibidos los presupuestos, los t\u00e9cnicos de urbanismo han hecho la \u00faltima inspecci\u00f3n de las ofertas hasta elegir la empresa definitiva. Posteriormente, la empresa adjudicataria ha tenido que presentar toda la documentaci\u00f3n para hacer la aprobaci\u00f3n definitiva.<\/p>\n\n\n\n<p>La concejala de Barrios, Paqui Cepas, ha afirmado que <em>&#8220;desde el equipo de gobierno lamentamos profundamente el tiempo que el agujero ha supuesto un problema para los vecinos y esperamos que todo este procedimiento sea la soluci\u00f3n definitiva de este problema que hemos arrastrado durante demasiado tiempo&#8221;.<\/em> Cepas ha a\u00f1adido que <em>&#8220;el procedimiento ha sido largo y complicado y, los pol\u00edticos, no podemos intervenir, l\u00f3gicamente, ya que se trata de cuestiones t\u00e9cnicas. Por suerte, ya hemos finalizado toda la tramitaci\u00f3n y ya hemos podido iniciar los trabajos&#8221;.<\/em><\/p>\n","protected":false},"excerpt":{"rendered":"<p>Avui dilluns, han comen\u00e7at les obres d&#8217;arranjament de l&#8217;asfalt del carrer Logro\u00f1o del Priorat de la Bisbal en una zona en la que hi havia un sot for\u00e7a pronunciat. Es &hellip; <a href=\"https:\/\/bisbalpenedes.com\/web\/2025\/08\/04\/comencen-les-obres-darranjament-del-asfalt-del-carrer-logrono\/\" class=\"more-link\">Read More<\/a><\/p>\n","protected":false},"author":4,"featured_media":34399,"comment_status":"closed","ping_status":"closed","sticky":false,"template":"","format":"standard","meta":[],"categories":[4287,8],"tags":[],"_links":{"self":[{"href":"https:\/\/bisbalpenedes.com\/web\/wp-json\/wp\/v2\/posts\/34398"}],"collection":[{"href":"https:\/\/bisbalpenedes.com\/web\/wp-json\/wp\/v2\/posts"}],"about":[{"href":"https:\/\/bisbalpenedes.com\/web\/wp-json\/wp\/v2\/types\/post"}],"author":[{"embeddable":true,"href":"https:\/\/bisbalpenedes.com\/web\/wp-json\/wp\/v2\/users\/4"}],"replies":[{"embeddable":true,"href":"https:\/\/bisbalpenedes.com\/web\/wp-json\/wp\/v2\/comments?post=34398"}],"version-history":[{"count":1,"href":"https:\/\/bisbalpenedes.com\/web\/wp-json\/wp\/v2\/posts\/34398\/revisions"}],"predecessor-version":[{"id":34400,"href":"https:\/\/bisbalpenedes.com\/web\/wp-json\/wp\/v2\/posts\/34398\/revisions\/34400"}],"wp:featuredmedia":[{"embeddable":true,"href":"https:\/\/bisbalpenedes.com\/web\/wp-json\/wp\/v2\/media\/34399"}],"wp:attachment":[{"href":"https:\/\/bisbalpenedes.com\/web\/wp-json\/wp\/v2\/media?parent=34398"}],"wp:term":[{"taxonomy":"category","embeddable":true,"href":"https:\/\/bisbalpenedes.com\/web\/wp-json\/wp\/v2\/categories?post=34398"},{"taxonomy":"post_tag","embeddable":true,"href":"https:\/\/bisbalpenedes.com\/web\/wp-json\/wp\/v2\/tags?post=34398"}],"curies":[{"name":"wp","href":"https:\/\/api.w.org\/{rel}","templated":true}]}}