{"id":34387,"date":"2025-08-04T14:43:38","date_gmt":"2025-08-04T12:43:38","guid":{"rendered":"https:\/\/bisbalpenedes.com\/web\/?p=34387"},"modified":"2025-08-04T14:45:37","modified_gmt":"2025-08-04T12:45:37","slug":"joventut-bisbalenca-cf-ha-presentat-el-seu-nou-projecte-aquest-dissabte-2-dagost","status":"publish","type":"post","link":"https:\/\/bisbalpenedes.com\/web\/2025\/08\/04\/joventut-bisbalenca-cf-ha-presentat-el-seu-nou-projecte-aquest-dissabte-2-dagost\/","title":{"rendered":"<strong>Joventut Bisbalenca CF ha presentat el seu nou projecte aquest dissabte 2 d&#8217;agost<\/strong>"},"content":{"rendered":"\n<p>El Pavell\u00f3 Esportiu Municipal ha acollit, aquest dissabte 2 d&#8217;agost, la presentaci\u00f3 del nou projecte esportiu de la Joventut Bisbalenca CF, aix\u00ed com la nova junta directiva que encap\u00e7ala aquesta il\u00b7lusionant etapa de la m\u00e0 de l&#8217;Escola de Futbol Base del Vendrell.<\/p>\n\n\n\n<p>Aprofitant aquest esdeveniment, s&#8217;ha presentat el nou coordinador t\u00e8cnic i esportiu de l&#8217;entitat, que \u00e9s el Joan Guasch, un bisbalenc amb una \u00e0mplia traject\u00f2ria com a entrenador i amb una passi\u00f3 desbordant pel futbol formatiu.<\/p>\n\n\n\n<p>El pr\u00f2xim dimarts 5 de juliol es far\u00e0 la jornada de portes obertes. Aquesta jornada est\u00e0 adre\u00e7ada a totes aquelles fam\u00edlies i jugadors que vulguin con\u00e8ixer el club des de dins.<\/p>\n\n\n\n<p>Podeu consultar les xarxes socials de la Joventut Bisbalenca (@cfjovbisbalenca) per a m\u00e9s informaci\u00f3 i per contactar amb l&#8217;entitat.<\/p>\n\n\n\n<hr class=\"wp-block-separator has-alpha-channel-opacity\"\/>\n\n\n\n<h3><strong>Joventut Bisbalenca CF ha presentado su nuevo proyecto este s\u00e1bado 2 de agosto<\/strong><\/h3>\n\n\n\n<p>El Pavell\u00f3 Esportiu Municipal ha acogido, este s\u00e1bado 2 de agosto, la presentaci\u00f3n del nuevo proyecto deportivo de la Joventut Bisbalenca CF, as\u00ed como la nueva junta directiva que encabeza esta ilusionante etapa de la mano de la Escola de Futbol Base del Vendrell.<\/p>\n\n\n\n<p>Aprovechando este evento, se ha presentado al nuevo coordinador t\u00e9cnico y deportivo de la entidad, que es Joan Guasch, un bisbalenc con una amplia trayectoria como entrenador y con una pasi\u00f3n desbordante por el f\u00fatbol formativo.<\/p>\n\n\n\n<p>El pr\u00f3ximo martes 5 de julio se realizar\u00e1 la jornada de puertas abiertas. Esta jornada est\u00e1 dirigida a todas aquellas familias y jugadores que quieran conocer el club desde dentro.<\/p>\n\n\n\n<p>Pod\u00e9is consultar las redes sociales de la Joventut Bisbalenca (@cfjovbisbalenca) para m\u00e1s informaci\u00f3n y para contactar con la entidad.<\/p>\n\n\n\n<figure class=\"wp-block-image size-large\"><img loading=\"lazy\" width=\"1024\" height=\"1024\" src=\"https:\/\/bisbalpenedes.com\/web\/wp-content\/uploads\/2025\/08\/portes-obertes-1024x1024.jpg\" alt=\"\" class=\"wp-image-34392\" srcset=\"https:\/\/bisbalpenedes.com\/web\/wp-content\/uploads\/2025\/08\/portes-obertes-1024x1024.jpg 1024w, https:\/\/bisbalpenedes.com\/web\/wp-content\/uploads\/2025\/08\/portes-obertes-300x300.jpg 300w, https:\/\/bisbalpenedes.com\/web\/wp-content\/uploads\/2025\/08\/portes-obertes-150x150.jpg 150w, https:\/\/bisbalpenedes.com\/web\/wp-content\/uploads\/2025\/08\/portes-obertes-768x768.jpg 768w, https:\/\/bisbalpenedes.com\/web\/wp-content\/uploads\/2025\/08\/portes-obertes-600x600.jpg 600w, https:\/\/bisbalpenedes.com\/web\/wp-content\/uploads\/2025\/08\/portes-obertes-100x100.jpg 100w, https:\/\/bisbalpenedes.com\/web\/wp-content\/uploads\/2025\/08\/portes-obertes.jpg 1440w\" sizes=\"(max-width: 1024px) 100vw, 1024px\" \/><\/figure>\n","protected":false},"excerpt":{"rendered":"<p>El Pavell\u00f3 Esportiu Municipal ha acollit, aquest dissabte 2 d&#8217;agost, la presentaci\u00f3 del nou projecte esportiu de la Joventut Bisbalenca CF, aix\u00ed com la nova junta directiva que encap\u00e7ala aquesta &hellip; <a href=\"https:\/\/bisbalpenedes.com\/web\/2025\/08\/04\/joventut-bisbalenca-cf-ha-presentat-el-seu-nou-projecte-aquest-dissabte-2-dagost\/\" class=\"more-link\">Read More<\/a><\/p>\n","protected":false},"author":4,"featured_media":34388,"comment_status":"closed","ping_status":"closed","sticky":false,"template":"","format":"standard","meta":[],"categories":[19,8],"tags":[345,393],"_links":{"self":[{"href":"https:\/\/bisbalpenedes.com\/web\/wp-json\/wp\/v2\/posts\/34387"}],"collection":[{"href":"https:\/\/bisbalpenedes.com\/web\/wp-json\/wp\/v2\/posts"}],"about":[{"href":"https:\/\/bisbalpenedes.com\/web\/wp-json\/wp\/v2\/types\/post"}],"author":[{"embeddable":true,"href":"https:\/\/bisbalpenedes.com\/web\/wp-json\/wp\/v2\/users\/4"}],"replies":[{"embeddable":true,"href":"https:\/\/bisbalpenedes.com\/web\/wp-json\/wp\/v2\/comments?post=34387"}],"version-history":[{"count":3,"href":"https:\/\/bisbalpenedes.com\/web\/wp-json\/wp\/v2\/posts\/34387\/revisions"}],"predecessor-version":[{"id":34393,"href":"https:\/\/bisbalpenedes.com\/web\/wp-json\/wp\/v2\/posts\/34387\/revisions\/34393"}],"wp:featuredmedia":[{"embeddable":true,"href":"https:\/\/bisbalpenedes.com\/web\/wp-json\/wp\/v2\/media\/34388"}],"wp:attachment":[{"href":"https:\/\/bisbalpenedes.com\/web\/wp-json\/wp\/v2\/media?parent=34387"}],"wp:term":[{"taxonomy":"category","embeddable":true,"href":"https:\/\/bisbalpenedes.com\/web\/wp-json\/wp\/v2\/categories?post=34387"},{"taxonomy":"post_tag","embeddable":true,"href":"https:\/\/bisbalpenedes.com\/web\/wp-json\/wp\/v2\/tags?post=34387"}],"curies":[{"name":"wp","href":"https:\/\/api.w.org\/{rel}","templated":true}]}}