{"id":34346,"date":"2025-08-01T11:38:55","date_gmt":"2025-08-01T09:38:55","guid":{"rendered":"https:\/\/bisbalpenedes.com\/web\/?p=34346"},"modified":"2025-08-01T11:38:55","modified_gmt":"2025-08-01T09:38:55","slug":"el-padro-dhabitants-de-la-bisbal-del-penedes-ascendia-a-4-251-habitants-l1-de-gener-de-2025","status":"publish","type":"post","link":"https:\/\/bisbalpenedes.com\/web\/2025\/08\/01\/el-padro-dhabitants-de-la-bisbal-del-penedes-ascendia-a-4-251-habitants-l1-de-gener-de-2025\/","title":{"rendered":"<strong>El padr\u00f3 d&#8217;habitants de la Bisbal del Pened\u00e8s ascendia a 4.251 habitants l&#8217;1 de gener de 2025<\/strong>"},"content":{"rendered":"\n<p>El passat 24 de mar\u00e7, l&#8217;alcaldessa Agn\u00e8s Ferr\u00e9 va signar un Decret d&#8217;alcaldia per aprovar la revisi\u00f3 del padr\u00f3 municipal amb refer\u00e8ncia a l&#8217;1 de gener de 2025 amb un nombre total de 4.251 habitants empadronats al municipi.<\/p>\n\n\n\n<p>L&#8217;alcaldessa Agn\u00e8s Ferr\u00e9 ha explicat que <em>&#8220;aquest \u00e9s un creixement moderat, despr\u00e9s d&#8217;anys de grans creixements de poblaci\u00f3, degut sobretot als canvis d&#8217;h\u00e0bits de moltes fam\u00edlies que han vingut motivats, en molts casos, per la pand\u00e8mia de COVID-19&#8221;.<\/em> Ferr\u00e9 ha afegit que <em>&#8220;tenim creixements sense increment d&#8217;edificaci\u00f3 urbana, passant de segones a primeres resid\u00e8ncies i arreglant cases deshabitades. La qualitat de vida a la Bisbal quant a bons serveis i bona comunicaci\u00f3 vi\u00e0ria s\u00f3n dos factors importants que tenen relaci\u00f3 directa amb aquests creixements&#8221;.<\/em><\/p>\n\n\n\n<hr class=\"wp-block-separator has-alpha-channel-opacity\"\/>\n\n\n\n<p><strong>CASTELLANO |<\/strong> El pasado 24 de marzo, la alcaldesa Agn\u00e8s Ferr\u00e9 firm\u00f3 un Decreto de alcald\u00eda para aprobar la revisi\u00f3n del padr\u00f3n municipal con referencia al 1 de enero de 2025 con un n\u00famero total de 4.251 habitantes empadronados en el municipio.<\/p>\n\n\n\n<p>La alcaldesa Agn\u00e8s Ferr\u00e9 ha explicado que &#8220;<em>este es un crecimiento moderado, despu\u00e9s de a\u00f1os de grandes crecimientos de poblaci\u00f3n, debido sobre todo a los cambios de h\u00e1bitos de muchas familias que han venido motivados, en muchos casos, por la pandemia de COVID-19&#8243;.<\/em> Ferr\u00e9 ha a\u00f1adido que <em>&#8220;tenemos crecimientos sin incremento de edificaci\u00f3n urbana, pasando de segundas as primeras residencias y arreglando casas deshabitadas. La calidad de vida en la Bisbal en cuanto a buenos servicios y buena comunicaci\u00f3n vial son dos factores importantes que tienen relaci\u00f3n directa con estos crecimientos&#8221;.<\/em><\/p>\n\n\n\n<p><\/p>\n","protected":false},"excerpt":{"rendered":"<p>El passat 24 de mar\u00e7, l&#8217;alcaldessa Agn\u00e8s Ferr\u00e9 va signar un Decret d&#8217;alcaldia per aprovar la revisi\u00f3 del padr\u00f3 municipal amb refer\u00e8ncia a l&#8217;1 de gener de 2025 amb un &hellip; <a href=\"https:\/\/bisbalpenedes.com\/web\/2025\/08\/01\/el-padro-dhabitants-de-la-bisbal-del-penedes-ascendia-a-4-251-habitants-l1-de-gener-de-2025\/\" class=\"more-link\">Read More<\/a><\/p>\n","protected":false},"author":4,"featured_media":34347,"comment_status":"closed","ping_status":"closed","sticky":false,"template":"","format":"standard","meta":[],"categories":[2402,8],"tags":[393,3529],"_links":{"self":[{"href":"https:\/\/bisbalpenedes.com\/web\/wp-json\/wp\/v2\/posts\/34346"}],"collection":[{"href":"https:\/\/bisbalpenedes.com\/web\/wp-json\/wp\/v2\/posts"}],"about":[{"href":"https:\/\/bisbalpenedes.com\/web\/wp-json\/wp\/v2\/types\/post"}],"author":[{"embeddable":true,"href":"https:\/\/bisbalpenedes.com\/web\/wp-json\/wp\/v2\/users\/4"}],"replies":[{"embeddable":true,"href":"https:\/\/bisbalpenedes.com\/web\/wp-json\/wp\/v2\/comments?post=34346"}],"version-history":[{"count":1,"href":"https:\/\/bisbalpenedes.com\/web\/wp-json\/wp\/v2\/posts\/34346\/revisions"}],"predecessor-version":[{"id":34348,"href":"https:\/\/bisbalpenedes.com\/web\/wp-json\/wp\/v2\/posts\/34346\/revisions\/34348"}],"wp:featuredmedia":[{"embeddable":true,"href":"https:\/\/bisbalpenedes.com\/web\/wp-json\/wp\/v2\/media\/34347"}],"wp:attachment":[{"href":"https:\/\/bisbalpenedes.com\/web\/wp-json\/wp\/v2\/media?parent=34346"}],"wp:term":[{"taxonomy":"category","embeddable":true,"href":"https:\/\/bisbalpenedes.com\/web\/wp-json\/wp\/v2\/categories?post=34346"},{"taxonomy":"post_tag","embeddable":true,"href":"https:\/\/bisbalpenedes.com\/web\/wp-json\/wp\/v2\/tags?post=34346"}],"curies":[{"name":"wp","href":"https:\/\/api.w.org\/{rel}","templated":true}]}}