{"id":34334,"date":"2025-07-29T13:45:37","date_gmt":"2025-07-29T11:45:37","guid":{"rendered":"https:\/\/bisbalpenedes.com\/web\/?p=34334"},"modified":"2025-07-29T13:50:17","modified_gmt":"2025-07-29T11:50:17","slug":"el-divendres-20-de-juny-va-tenir-lloc-la-comissio-especial-de-comptes-de-lexercici-2024","status":"publish","type":"post","link":"https:\/\/bisbalpenedes.com\/web\/2025\/07\/29\/el-divendres-20-de-juny-va-tenir-lloc-la-comissio-especial-de-comptes-de-lexercici-2024\/","title":{"rendered":"<strong>El divendres 20 de juny va tenir lloc la Comissi\u00f3 Especial de Comptes de l&#8217;exercici 2024<\/strong>"},"content":{"rendered":"\n<p><strong>&#8220;Els comptes estan sanejats amb deute zero, sense apujar impostos i amb un increment d&#8217;ingressos provinents de les zones industrials&#8221;<\/strong><\/p>\n\n\n\n<p>El passat divendres 20 de juny, a les 10h, es va celebrar la Comissi\u00f3 Especial de Comptes de l&#8217;exercici 2024 amb l&#8217;objectiu d&#8217;examinar, estudiar i informar del Compte General anual del Pressupost de l&#8217;Ajuntament de la Bisbal del Pened\u00e8s, en compliment d&#8217;all\u00f2 que disposa la Llei i el ROM. El Compte General de l&#8217;exercici 2024 va ser aprovat amb 6 vots a favor, 4 en contra i una abstenci\u00f3.<\/p>\n\n\n\n<p>El contingut del compte general \u00e9s: el Balan\u00e7; el Compte del resultat econ\u00f2mic-patrimonial; l&#8217;Estat de Canvis del Patrimoni Net; l&#8217;Estat de Fluxos d&#8217;Efectiu; l&#8217;Estat de Liquidaci\u00f3 del Pressupost; la Mem\u00f2ria, l\u2019acta d\u2019arqueig i els certificats de les entitats banc\u00e0ries.<\/p>\n\n\n\n<p>La Comissi\u00f3 Especial de Comptes est\u00e0 integrada per un membre de cada grup pol\u00edtic de la Corporaci\u00f3 amb vot ponderat. En aquest cas:<\/p>\n\n\n\n<ul><li>Feliu Gil en representaci\u00f3 de Comprom\u00eds amb la Bisbal (5 vots ponderats)<\/li><li>Jaume Valls en representaci\u00f3 de La Bisbal Decideix (2 vots ponderats)<\/li><li>Ra\u00fal Cort\u00e9s en representaci\u00f3 de Tots som la Bisbal-Urbanizaciones Unidas (2 vots ponderats)<\/li><li>Daniel Caballero en representaci\u00f3 del PSC (1 vot ponderat)<\/li><li>Xavier Faura en representaci\u00f3 d&#8217;ERC (1 vot ponderat)<\/li><\/ul>\n\n\n\n<p>De la Comissi\u00f3 tamb\u00e9 en van prendre part l&#8217;alcaldessa Agn\u00e8s Ferr\u00e9 com a presidenta, la secret\u00e0ria i la interventora municipal.<\/p>\n\n\n\n<p>La Comissi\u00f3 de Comptes va ser convocada el 19 de maig i, des d&#8217;aquell dia, tots els membres d&#8217;aquesta -els regidors i regidores de cada grup pol\u00edtic amb representaci\u00f3 al Consistori, amb vot ponderat- van tenir acc\u00e9s a l&#8217;expedient i a la documentaci\u00f3 per poder-la estudiar i consultar, aix\u00ed com per poder plantejar dubtes.<\/p>\n\n\n\n<p>El compte general \u00e9s un conjunt de documents i estats comptables que s\u2019ha d\u2019elaborar en finalitzar l\u2019exercici econ\u00f2mic segons les instrucci\u00f3 de comptabilitat normal, Ordre HAP\/1781\/2013, de 20 de setembre, per la qual s&#8217;aprova la Instrucci\u00f3 de Model Normal de Comptabilitat Local.<\/p>\n\n\n\n<p><strong>Aprovaci\u00f3 del Compte General de l&#8217;exercici 2024<\/strong><\/p>\n\n\n\n<p>La Comissi\u00f3 Especial de Comptes va aprovar el Compte General de l&#8217;exercici 2024 amb 6 vots ponderats a favor (Comprom\u00eds amb la Bisbal i el PSC), 4 vots en contra (La Bisbal Decideix i Tots som la Bisbal) i 1 abstenci\u00f3 (ERC). Aix\u00ed, el Compte General va quedar justificat i aprovat favorablement.<\/p>\n\n\n\n<p>L&#8217;alcaldessa de la Bisbal del Pened\u00e8s, Agn\u00e8s Ferr\u00e9, va explicar que <em>&#8220;els impostos no s&#8217;han apujat i tenim un deute zero&#8221;<\/em> i va afegir que <em>&#8220;en 9 anys i mig hem aconseguit un Ajuntament sanejat i sense endeutament gr\u00e0cies a la bona gesti\u00f3, sense apujar impostos i amb un increment d&#8217;ingressos provinents de les tres \u00e0rees industrials: Les Planes, Les Planes Baixes i Idiada&#8221;.<\/em> Segons la batllessa <em>&#8220;hem passat d&#8217;un endeutament de 1.188\u20ac per bisbalenc el 2014 a 0\u20ac per bisbalenc a data de 31 de desembre de 2024&#8221;.<\/em><\/p>\n\n\n\n<p><strong>Liquidaci\u00f3 del pressupost 2024<\/strong><\/p>\n\n\n\n<p>El Compte General del 2024, amb tots els seus documents i annexos, reflecteix fidelment la situaci\u00f3 econ\u00f2mica, financera i patrimonial de l&#8217;Ajuntament de la Bisbal del Pened\u00e8s. Quant a dades, en destaquen:<\/p>\n\n\n\n<ul><li>Flux de caixa 6,26: la difer\u00e8ncia entre cobraments i pagaments durant l&#8217;exercici 2024 ha estat positiva i \u00e9s suficient per atendre les despeses.<\/li><li>Rati d&#8217;autonomia del 88%: tenim molt poca depend\u00e8ncia dels ingressos externs, tot i que un dels ingressos m\u00e9s importants \u00e9s la participaci\u00f3 en els tributs de l&#8217;estat.<\/li><li>Per\u00edode mitj\u00e0 de pagament als prove\u00efdors: la normativa marca el m\u00e0xim legal en 30 dies de pagament. L&#8217;Ajuntament t\u00e9 un rati del 95% i les obligacions generades dins l&#8217;exercici s\u00f3n pagades.<\/li><li>Objectiu d&#8217;estabilitat pressupost\u00e0ria: es compleix, perqu\u00e8 hi ha super\u00e0vit pressupostari.<\/li><li>Objectiu de la regla de la despesa: no es compleix per la incorporaci\u00f3, durant el 2024, de les partides de despeses per fer front a les obres del pavell\u00f3 municipal i la fassina.<\/li><li>Objectiu del l\u00edmit de deute p\u00fablic: es compleix. Est\u00e0 establert en el 110% segons la normativa vigent. Es compleix perqu\u00e8 l&#8217;import del deute viu total a 31 de desembre de 2024 era de 0\u20ac.<\/li><li>Per habitant (4.259 habitants), les dades mitjanes serien:&nbsp;&nbsp;&nbsp;&nbsp;&nbsp;&nbsp;&nbsp;&nbsp;&nbsp;&nbsp;&nbsp;&nbsp;<ul><li>Super\u00e0vit: 220,91\u20ac<\/li><\/ul><ul><li>Inversi\u00f3: 589,58\u20ac<\/li><\/ul><ul><li>Despesa: 1.717,07\u20ac<\/li><\/ul><\/li><\/ul>\n\n\n\n<p>El compte general del 2024 es pot consultar al Portal de Transpar\u00e8ncia: <a href=\"https:\/\/bisbalpenedes.eadministracio.cat\/transparency\">https:\/\/bisbalpenedes.eadministracio.cat\/transparency<\/a><\/p>\n\n\n\n<hr class=\"wp-block-separator has-alpha-channel-opacity\"\/>\n\n\n\n<h2><strong>El viernes 20 de junio tuvo lugar la Comisi\u00f3n Especial de Cuentas del ejercicio 2024<\/strong><\/h2>\n\n\n\n<h4><strong><em>&#8220;Las cuentas est\u00e1n saneadas con deuda cero, sin subir impuestos y con un incremento de ingresos provenientes de las zonas industriales&#8221;<\/em><\/strong><strong><\/strong><\/h4>\n\n\n\n<p>El pasado viernes 20 de junio, a las 10h, se celebr\u00f3 la Comisi\u00f3n Especial de Cuentas del ejercicio 2024 con el objetivo de examinar, estudiar e informar de la Cuenta General anual del Presupuesto del Ajuntament de la Bisbal del Pened\u00e8s, en cumplimiento de lo que dispone la Ley y el ROM. La Cuenta General del ejercicio 2024 fue aprobada con 6 votos a favor, 4 en contra y una abstenci\u00f3n.<\/p>\n\n\n\n<p><strong>Contenido de la Cuenta General<\/strong><\/p>\n\n\n\n<p>El contenido de la cuenta general es: el Balance; la Cuenta del resultado econ\u00f3mico-patrimonial; el Estado de Cambios del Patrimonio Neto; el Estado de Flujos de Efectivo; el Estado de Liquidaci\u00f3n del Presupuesto; la Memoria, el acta de arqueo y los certificados de las entidades bancarias.<\/p>\n\n\n\n<p><strong>Composici\u00f3n de la Comisi\u00f3n<\/strong><\/p>\n\n\n\n<p>La Comisi\u00f3n Especial de Cuentas est\u00e1 integrada por un miembro de cada grupo pol\u00edtico de la Corporaci\u00f3n con voto ponderado. En este caso:<\/p>\n\n\n\n<ul><li>Feliu Gil en representaci\u00f3n de Comprom\u00eds amb la Bisbal (5 votos ponderados)<\/li><li>Jaume Valls en representaci\u00f3n de La Bisbal Decideix (2 votos ponderados)<\/li><li>Ra\u00fal Cort\u00e9s en representaci\u00f3n de Tots som la Bisbal-Urbanizaciones Unidas (2 votos ponderados)<\/li><li>Daniel Caballero en representaci\u00f3n del PSC (1 voto ponderado)<\/li><li>Xavier Faura en representaci\u00f3n de ERC (1 voto ponderado)<\/li><\/ul>\n\n\n\n<p>De la Comisi\u00f3n tambi\u00e9n tomaron parte la alcaldesa Agn\u00e8s Ferr\u00e9 como presidenta, la secretaria y la interventora municipal.<\/p>\n\n\n\n<p>La Comisi\u00f3n de Cuentas fue convocada el 19 de mayo y, desde ese d\u00eda, todos los miembros de esta -los concejales y concejalas de cada grupo pol\u00edtico con representaci\u00f3n en el Consistorio, con voto ponderado- tuvieron acceso al expediente y a la documentaci\u00f3n para poder estudiarla y consultarla, as\u00ed como para poder plantear dudas.<\/p>\n\n\n\n<p>La cuenta general es un conjunto de documentos y estados contables que se debe elaborar al finalizar el ejercicio econ\u00f3mico seg\u00fan las instrucciones de contabilidad normal, Orden HAP\/1781\/2013, de 20 de septiembre, por la cual se aprueba la Instrucci\u00f3n de Modelo Normal de Contabilidad Local.<\/p>\n\n\n\n<p><strong>Aprobaci\u00f3n de la Cuenta General del ejercicio 2024<\/strong><\/p>\n\n\n\n<p>La Comisi\u00f3n Especial de Cuentas aprob\u00f3 la Cuenta General del ejercicio 2024 con 6 votos ponderados a favor (Comprom\u00eds amb la Bisbal y el PSC), 4 votos en contra (La Bisbal Decideix y Tots som la Bisbal) y 1 abstenci\u00f3n (ERC). As\u00ed, la Cuenta General qued\u00f3 justificada y aprobada favorablemente.<\/p>\n\n\n\n<p>La alcaldesa de la Bisbal del Pened\u00e8s, Agn\u00e8s Ferr\u00e9, explic\u00f3 que <em>&#8220;los impuestos no se han subido y tenemos una deuda cero&#8221; <\/em>y a\u00f1adi\u00f3 que <em>&#8220;en 9 a\u00f1os y medio hemos conseguido un Ayuntamiento saneado y sin endeudamiento gracias a la buena gesti\u00f3n, sin subir impuestos y con un incremento de ingresos provenientes de las tres \u00e1reas industriales: Les Planes, Les Planes Baixes e Idiada&#8221;.<\/em> Seg\u00fan la alcaldesa <em>&#8220;hemos pasado de un endeudamiento de 1.188\u20ac por bisbalenc en 2014 a 0\u20ac por bisbalenc a fecha de 31 de diciembre de 2024&#8221;.<\/em><\/p>\n\n\n\n<p><strong>Liquidaci\u00f3n del presupuesto 2024<\/strong><\/p>\n\n\n\n<p>La Cuenta General del 2024, con todos sus documentos y anexos, refleja fielmente la situaci\u00f3n econ\u00f3mica, financiera y patrimonial del Ajuntament de la Bisbal del Pened\u00e8s. En cuanto a datos, destacan:<\/p>\n\n\n\n<ul><li><strong>Flujo de caja 6,26<\/strong>: la diferencia entre cobros y pagos durante el ejercicio 2024 ha sido positiva y es suficiente para atender los gastos.<\/li><li><strong>Ratio de autonom\u00eda del 88%<\/strong>: tenemos muy poca dependencia de los ingresos externos, aunque uno de los ingresos m\u00e1s importantes es la participaci\u00f3n en los tributos del estado.<\/li><li><strong>Per\u00edodo medio de pago a proveedores<\/strong>: la normativa marca el m\u00e1ximo legal en 30 d\u00edas de pago. El Ayuntamiento tiene una ratio del 95% y las obligaciones generadas dentro del ejercicio son pagadas.<\/li><li><strong>Objetivo de estabilidad presupuestaria<\/strong>: se cumple, porque hay super\u00e1vit presupuestario.<\/li><li><strong>Objetivo de la regla del gasto<\/strong>: no se cumple por la incorporaci\u00f3n, durante 2024, de las partidas de gastos para hacer frente a las obras del pabell\u00f3n municipal y &#8220;la fassina&#8221;<\/li><li><strong>Objetivo del l\u00edmite de deuda p\u00fablica<\/strong>: se cumple. Est\u00e1 establecido en el 110% seg\u00fan la normativa vigente. Se cumple porque el importe de la deuda viva total a 31 de diciembre de 2024 era de 0\u20ac.<\/li><li><strong>Por habitante (4.259 habitantes), los datos medios ser\u00edan<\/strong>:<ul><li>Super\u00e1vit: 220,91\u20ac<\/li><li>Inversi\u00f3n: 589,58\u20ac<\/li><li>Gasto: 1.717,07\u20ac<\/li><\/ul><\/li><\/ul>\n\n\n\n<p>La cuenta general del 2024 se puede consultar en el Portal de Transparencia: <a href=\"https:\/\/bisbalpenedes.eadministracio.cat\/transparency\">https:\/\/bisbalpenedes.eadministracio.cat\/transparency<\/a><\/p>\n","protected":false},"excerpt":{"rendered":"<p>&#8220;Els comptes estan sanejats amb deute zero, sense apujar impostos i amb un increment d&#8217;ingressos provinents de les zones industrials&#8221; El passat divendres 20 de juny, a les 10h, es &hellip; <a href=\"https:\/\/bisbalpenedes.com\/web\/2025\/07\/29\/el-divendres-20-de-juny-va-tenir-lloc-la-comissio-especial-de-comptes-de-lexercici-2024\/\" class=\"more-link\">Read More<\/a><\/p>\n","protected":false},"author":4,"featured_media":34336,"comment_status":"closed","ping_status":"closed","sticky":false,"template":"","format":"standard","meta":[],"categories":[2402,8],"tags":[459,2077,393,1374],"_links":{"self":[{"href":"https:\/\/bisbalpenedes.com\/web\/wp-json\/wp\/v2\/posts\/34334"}],"collection":[{"href":"https:\/\/bisbalpenedes.com\/web\/wp-json\/wp\/v2\/posts"}],"about":[{"href":"https:\/\/bisbalpenedes.com\/web\/wp-json\/wp\/v2\/types\/post"}],"author":[{"embeddable":true,"href":"https:\/\/bisbalpenedes.com\/web\/wp-json\/wp\/v2\/users\/4"}],"replies":[{"embeddable":true,"href":"https:\/\/bisbalpenedes.com\/web\/wp-json\/wp\/v2\/comments?post=34334"}],"version-history":[{"count":2,"href":"https:\/\/bisbalpenedes.com\/web\/wp-json\/wp\/v2\/posts\/34334\/revisions"}],"predecessor-version":[{"id":34337,"href":"https:\/\/bisbalpenedes.com\/web\/wp-json\/wp\/v2\/posts\/34334\/revisions\/34337"}],"wp:featuredmedia":[{"embeddable":true,"href":"https:\/\/bisbalpenedes.com\/web\/wp-json\/wp\/v2\/media\/34336"}],"wp:attachment":[{"href":"https:\/\/bisbalpenedes.com\/web\/wp-json\/wp\/v2\/media?parent=34334"}],"wp:term":[{"taxonomy":"category","embeddable":true,"href":"https:\/\/bisbalpenedes.com\/web\/wp-json\/wp\/v2\/categories?post=34334"},{"taxonomy":"post_tag","embeddable":true,"href":"https:\/\/bisbalpenedes.com\/web\/wp-json\/wp\/v2\/tags?post=34334"}],"curies":[{"name":"wp","href":"https:\/\/api.w.org\/{rel}","templated":true}]}}