{"id":34329,"date":"2025-07-29T12:45:07","date_gmt":"2025-07-29T10:45:07","guid":{"rendered":"https:\/\/bisbalpenedes.com\/web\/?p=34329"},"modified":"2025-07-29T12:45:28","modified_gmt":"2025-07-29T10:45:28","slug":"festa-de-can-gordei-2025-dissabte-2-i-diumenge-3-dagost","status":"publish","type":"post","link":"https:\/\/bisbalpenedes.com\/web\/2025\/07\/29\/festa-de-can-gordei-2025-dissabte-2-i-diumenge-3-dagost\/","title":{"rendered":"Festa de Can Gordei 2025: dissabte 2 i diumenge 3 d&#8217;agost"},"content":{"rendered":"\n<p>Ja tenim aqu\u00ed la festa de Can Gordei! El pr\u00f2xim cap de setmana teniu una cita al local social!<\/p>\n\n\n\n<hr class=\"wp-block-separator has-alpha-channel-opacity\"\/>\n\n\n\n<p>\u00a1Ya tenemos aqu\u00ed la fiesta de Can Gordei! El pr\u00f3ximo fin de semana ten\u00e9is una cita en el local social!<\/p>\n\n\n\n<p><\/p>\n","protected":false},"excerpt":{"rendered":"<p>Ja tenim aqu\u00ed la festa de Can Gordei! El pr\u00f2xim cap de setmana teniu una cita al local social! \u00a1Ya tenemos aqu\u00ed la fiesta de Can Gordei! El pr\u00f3ximo fin &hellip; <a href=\"https:\/\/bisbalpenedes.com\/web\/2025\/07\/29\/festa-de-can-gordei-2025-dissabte-2-i-diumenge-3-dagost\/\" class=\"more-link\">Read More<\/a><\/p>\n","protected":false},"author":4,"featured_media":34331,"comment_status":"closed","ping_status":"closed","sticky":false,"template":"","format":"standard","meta":[],"categories":[4668,8],"tags":[198,78],"_links":{"self":[{"href":"https:\/\/bisbalpenedes.com\/web\/wp-json\/wp\/v2\/posts\/34329"}],"collection":[{"href":"https:\/\/bisbalpenedes.com\/web\/wp-json\/wp\/v2\/posts"}],"about":[{"href":"https:\/\/bisbalpenedes.com\/web\/wp-json\/wp\/v2\/types\/post"}],"author":[{"embeddable":true,"href":"https:\/\/bisbalpenedes.com\/web\/wp-json\/wp\/v2\/users\/4"}],"replies":[{"embeddable":true,"href":"https:\/\/bisbalpenedes.com\/web\/wp-json\/wp\/v2\/comments?post=34329"}],"version-history":[{"count":1,"href":"https:\/\/bisbalpenedes.com\/web\/wp-json\/wp\/v2\/posts\/34329\/revisions"}],"predecessor-version":[{"id":34330,"href":"https:\/\/bisbalpenedes.com\/web\/wp-json\/wp\/v2\/posts\/34329\/revisions\/34330"}],"wp:featuredmedia":[{"embeddable":true,"href":"https:\/\/bisbalpenedes.com\/web\/wp-json\/wp\/v2\/media\/34331"}],"wp:attachment":[{"href":"https:\/\/bisbalpenedes.com\/web\/wp-json\/wp\/v2\/media?parent=34329"}],"wp:term":[{"taxonomy":"category","embeddable":true,"href":"https:\/\/bisbalpenedes.com\/web\/wp-json\/wp\/v2\/categories?post=34329"},{"taxonomy":"post_tag","embeddable":true,"href":"https:\/\/bisbalpenedes.com\/web\/wp-json\/wp\/v2\/tags?post=34329"}],"curies":[{"name":"wp","href":"https:\/\/api.w.org\/{rel}","templated":true}]}}