{"id":34292,"date":"2025-07-24T12:00:00","date_gmt":"2025-07-24T10:00:00","guid":{"rendered":"https:\/\/bisbalpenedes.com\/web\/?p=34292"},"modified":"2025-07-24T12:00:27","modified_gmt":"2025-07-24T10:00:27","slug":"repartiment-dinvitacions-per-al-concert-de-the-tyets-per-a-empadronats-i-no-empadronats-amb-residencia-a-la-bisbal","status":"publish","type":"post","link":"https:\/\/bisbalpenedes.com\/web\/2025\/07\/24\/repartiment-dinvitacions-per-al-concert-de-the-tyets-per-a-empadronats-i-no-empadronats-amb-residencia-a-la-bisbal\/","title":{"rendered":"Repartiment d&#8217;invitacions per al concert de The Tyets + Silver Monkeys + Jamaicat per a empadronats i no empadronats amb resid\u00e8ncia a la Bisbal"},"content":{"rendered":"\n<p>Els empadronats i els no empadronats amb resid\u00e8ncia a la Bisbal podreu recollir les invitacions per al concert de The Tyets + Silver Monkeys + Jamaicat els dies 28, 29 i 30 de juliol de 18 a 21h a la planta baixa de l&#8217;Ajuntament. M\u00e9s info a la imatge.<\/p>\n\n\n\n<hr class=\"wp-block-separator has-alpha-channel-opacity\"\/>\n\n\n\n<p>Los empadronados y los no empadronados con residencia en la Bisbal podr\u00e9is recoger las invitaciones para el concierto de The Tyets + Silver Monkeys + Jamaicat los d\u00edas 28, 29 y 30 de julio de 18 a 21h en la planta baja el Ayuntamiento. M\u00e1s info en la imagen.<\/p>\n","protected":false},"excerpt":{"rendered":"<p>Els empadronats i els no empadronats amb resid\u00e8ncia a la Bisbal podreu recollir les invitacions per al concert de The Tyets + Silver Monkeys + Jamaicat els dies 28, 29 &hellip; <a href=\"https:\/\/bisbalpenedes.com\/web\/2025\/07\/24\/repartiment-dinvitacions-per-al-concert-de-the-tyets-per-a-empadronats-i-no-empadronats-amb-residencia-a-la-bisbal\/\" class=\"more-link\">Read More<\/a><\/p>\n","protected":false},"author":4,"featured_media":34293,"comment_status":"closed","ping_status":"closed","sticky":false,"template":"","format":"standard","meta":[],"categories":[2161,1042,4668,8],"tags":[73,538,6981,7116,7115],"_links":{"self":[{"href":"https:\/\/bisbalpenedes.com\/web\/wp-json\/wp\/v2\/posts\/34292"}],"collection":[{"href":"https:\/\/bisbalpenedes.com\/web\/wp-json\/wp\/v2\/posts"}],"about":[{"href":"https:\/\/bisbalpenedes.com\/web\/wp-json\/wp\/v2\/types\/post"}],"author":[{"embeddable":true,"href":"https:\/\/bisbalpenedes.com\/web\/wp-json\/wp\/v2\/users\/4"}],"replies":[{"embeddable":true,"href":"https:\/\/bisbalpenedes.com\/web\/wp-json\/wp\/v2\/comments?post=34292"}],"version-history":[{"count":2,"href":"https:\/\/bisbalpenedes.com\/web\/wp-json\/wp\/v2\/posts\/34292\/revisions"}],"predecessor-version":[{"id":34295,"href":"https:\/\/bisbalpenedes.com\/web\/wp-json\/wp\/v2\/posts\/34292\/revisions\/34295"}],"wp:featuredmedia":[{"embeddable":true,"href":"https:\/\/bisbalpenedes.com\/web\/wp-json\/wp\/v2\/media\/34293"}],"wp:attachment":[{"href":"https:\/\/bisbalpenedes.com\/web\/wp-json\/wp\/v2\/media?parent=34292"}],"wp:term":[{"taxonomy":"category","embeddable":true,"href":"https:\/\/bisbalpenedes.com\/web\/wp-json\/wp\/v2\/categories?post=34292"},{"taxonomy":"post_tag","embeddable":true,"href":"https:\/\/bisbalpenedes.com\/web\/wp-json\/wp\/v2\/tags?post=34292"}],"curies":[{"name":"wp","href":"https:\/\/api.w.org\/{rel}","templated":true}]}}