{"id":34280,"date":"2025-07-21T14:20:16","date_gmt":"2025-07-21T12:20:16","guid":{"rendered":"https:\/\/bisbalpenedes.com\/web\/?p=34280"},"modified":"2025-07-21T15:57:12","modified_gmt":"2025-07-21T13:57:12","slug":"lequip-de-govern-finalitza-la-ronda-de-reunions-amb-les-colles-que-participen-en-la-diada-del-15-dagost-amb-els-castellers-de-vilafranca","status":"publish","type":"post","link":"https:\/\/bisbalpenedes.com\/web\/2025\/07\/21\/lequip-de-govern-finalitza-la-ronda-de-reunions-amb-les-colles-que-participen-en-la-diada-del-15-dagost-amb-els-castellers-de-vilafranca\/","title":{"rendered":"L&#8217;equip de govern finalitza la ronda de reunions amb les colles que participen en la diada del 15 d&#8217;agost amb els Castellers de Vilafranca"},"content":{"rendered":"\n<p>El passat dimecres, part de l&#8217;equip de govern va visitar el local dels <a href=\"https:\/\/www.facebook.com\/CastellersdeVilafranca?__cft__[0]=AZUpYnZ_kObAK6OFicpJTlKQICEeDXHqJNASmB5Vh0561dBb0qtN6D5hCHm6NDM76ysgMjKUsaVmMt9iKekBXJWVOFi3UGYyqiEL_h5fPTuk2CqlDfYsvYWP7XbwNiLp9HsrV8Pz1lJrmqohR6GM1VR522-ZFnQCVK7418sKD4XWCg&amp;__tn__=-]K-R\">Castellers de Vilafranca<\/a>.<\/p>\n\n\n\n<p>Concretament, van visitar Cal Figarot l&#8217;alcaldessa Agn\u00e8s Ferr\u00e9; la regidora de Cultura, Judith Vidal; el regidor de Festes, Feliu Gil; i el cap de pla\u00e7a, Jordi Vidal. Els van rebre el cap de colla, \u00c0ngel Grau; i el president, Ernest Gallart. Tamb\u00e9 s&#8217;hi va sumar el vicepresident de l&#8217;\u00e0rea institucional, el domenyenc Marc Palau.<\/p>\n\n\n\n<hr class=\"wp-block-separator has-alpha-channel-opacity\"\/>\n\n\n\n<p>El pasado mi\u00e9rcoles, parte del equipo de gobierno visit\u00f3 el local de los Castellers de Vilafranca.<\/p>\n\n\n\n<p>Concretamente, visitaron Cal Figarot alcaldesa Agn\u00e8s Ferr\u00e9; la concejala de Cultura, Judith Vidal; el concejal de Fiestas, Feliu Gil; y el cap de pla\u00e7a, Jordi Vidal. Los recibieron el cap de colla, \u00c0ngel Grau; y el presidente, Ernest Gallart. Tambi\u00e9n se sum\u00f3 el vicepresidente del \u00e1rea institucional, el domenyenc Marc Palau.<\/p>\n","protected":false},"excerpt":{"rendered":"<p>El passat dimecres, part de l&#8217;equip de govern va visitar el local dels Castellers de Vilafranca. Concretament, van visitar Cal Figarot l&#8217;alcaldessa Agn\u00e8s Ferr\u00e9; la regidora de Cultura, Judith Vidal; &hellip; <a href=\"https:\/\/bisbalpenedes.com\/web\/2025\/07\/21\/lequip-de-govern-finalitza-la-ronda-de-reunions-amb-les-colles-que-participen-en-la-diada-del-15-dagost-amb-els-castellers-de-vilafranca\/\" class=\"more-link\">Read More<\/a><\/p>\n","protected":false},"author":4,"featured_media":34281,"comment_status":"closed","ping_status":"closed","sticky":false,"template":"","format":"standard","meta":[],"categories":[2161,8],"tags":[459,379,691,7114,280,393,1374],"_links":{"self":[{"href":"https:\/\/bisbalpenedes.com\/web\/wp-json\/wp\/v2\/posts\/34280"}],"collection":[{"href":"https:\/\/bisbalpenedes.com\/web\/wp-json\/wp\/v2\/posts"}],"about":[{"href":"https:\/\/bisbalpenedes.com\/web\/wp-json\/wp\/v2\/types\/post"}],"author":[{"embeddable":true,"href":"https:\/\/bisbalpenedes.com\/web\/wp-json\/wp\/v2\/users\/4"}],"replies":[{"embeddable":true,"href":"https:\/\/bisbalpenedes.com\/web\/wp-json\/wp\/v2\/comments?post=34280"}],"version-history":[{"count":2,"href":"https:\/\/bisbalpenedes.com\/web\/wp-json\/wp\/v2\/posts\/34280\/revisions"}],"predecessor-version":[{"id":34285,"href":"https:\/\/bisbalpenedes.com\/web\/wp-json\/wp\/v2\/posts\/34280\/revisions\/34285"}],"wp:featuredmedia":[{"embeddable":true,"href":"https:\/\/bisbalpenedes.com\/web\/wp-json\/wp\/v2\/media\/34281"}],"wp:attachment":[{"href":"https:\/\/bisbalpenedes.com\/web\/wp-json\/wp\/v2\/media?parent=34280"}],"wp:term":[{"taxonomy":"category","embeddable":true,"href":"https:\/\/bisbalpenedes.com\/web\/wp-json\/wp\/v2\/categories?post=34280"},{"taxonomy":"post_tag","embeddable":true,"href":"https:\/\/bisbalpenedes.com\/web\/wp-json\/wp\/v2\/tags?post=34280"}],"curies":[{"name":"wp","href":"https:\/\/api.w.org\/{rel}","templated":true}]}}