{"id":34269,"date":"2025-07-18T15:03:23","date_gmt":"2025-07-18T13:03:23","guid":{"rendered":"https:\/\/bisbalpenedes.com\/web\/?p=34269"},"modified":"2025-07-18T15:03:23","modified_gmt":"2025-07-18T13:03:23","slug":"el-director-dels-serveis-territorials-dadministracio-local-de-la-generalitat-a-tarragona-visita-la-bisbal","status":"publish","type":"post","link":"https:\/\/bisbalpenedes.com\/web\/2025\/07\/18\/el-director-dels-serveis-territorials-dadministracio-local-de-la-generalitat-a-tarragona-visita-la-bisbal\/","title":{"rendered":"<strong>El director dels Serveis Territorials d&#8217;administraci\u00f3 local de la Generalitat a Tarragona visita la Bisbal<\/strong>"},"content":{"rendered":"\n<p>El passat divendres 20 de juny, el Director dels Serveis Territorials d&#8217;administraci\u00f3 local de la Generalitat a Tarragona, Josep Rofes, va visitar l&#8217;alcaldessa de la Bisbal el Pened\u00e8s, Agn\u00e8s Ferr\u00e9, per presentar-se personalment i abordar diversos temes d&#8217;inter\u00e8s per al municipi, com ara el Pla \u00danic d&#8217;Obres i Serveis (PUOSC). L&#8217;Ajuntament de la Bisbal del Pened\u00e8s ha sol\u00b7licitat aquesta subvenci\u00f3 per a la construcci\u00f3 d&#8217;un gimn\u00e0s municipal a la zona esportiva municipal.<\/p>\n\n\n\n<hr class=\"wp-block-separator has-alpha-channel-opacity\"\/>\n\n\n\n<p>El pasado viernes 20 de junio, el Director de los Servicios Territoriales de administraci\u00f3n local de la Generalitat en Tarragona, Josep Rofes, visit\u00f3 a la alcaldesa de la Bisbal del Pened\u00e8s, Agn\u00e8s Ferr\u00e9, para presentarse personalmente y abordar varios temas de inter\u00e9s para el municipio, como por ejemplo el Plan \u00danico de Obras y Servicios (PUOSC). El Ajuntament de la Bisbal del Pened\u00e8s ha solicitado esta subvenci\u00f3n para la construcci\u00f3n de un gimnasio municipal en la zona deportiva muncipal.<\/p>\n\n\n\n<p><\/p>\n\n\n\n<p>Not\u00edcia relacionada: <a href=\"https:\/\/bisbalpenedes.com\/web\/2025\/05\/07\/lajuntament-sollicita-una-subvencio-al-puosc-per-a-la-construccio-dun-gimnas-municipal-el-2026\/?fbclid=IwY2xjawLnJUZleHRuA2FlbQIxMABicmlkETB2UGIwSWdwTGo0MzBuc0FnAR6Ajjb9grRumq6RGviD8LYoO2jDVlEDRSdUerY2B9IfpAv2Pm_-_K--cqzwWA_aem_5JaAifJhoeb1fVfD0alnsg\" target=\"_blank\" rel=\"noreferrer noopener\">https:\/\/bisbalpenedes.com\/web\/2025\/05\/07\/lajuntament-sollicita-una-subvencio-al-puosc-per-a-la-construccio-dun-gimnas-municipal-el-2026\/?fbclid=IwY2xjawLnJUZleHRuA2FlbQIxMABicmlkETB2UGIwSWdwTGo0MzBuc0FnAR6Ajjb9grRumq6RGviD8LYoO2jDVlEDRSdUerY2B9IfpAv2Pm_-_K&#8211;cqzwWA_aem_5JaAifJhoeb1fVfD0alnsg<\/a><\/p>\n","protected":false},"excerpt":{"rendered":"<p>El passat divendres 20 de juny, el Director dels Serveis Territorials d&#8217;administraci\u00f3 local de la Generalitat a Tarragona, Josep Rofes, va visitar l&#8217;alcaldessa de la Bisbal el Pened\u00e8s, Agn\u00e8s Ferr\u00e9, &hellip; <a href=\"https:\/\/bisbalpenedes.com\/web\/2025\/07\/18\/el-director-dels-serveis-territorials-dadministracio-local-de-la-generalitat-a-tarragona-visita-la-bisbal\/\" class=\"more-link\">Read More<\/a><\/p>\n","protected":false},"author":4,"featured_media":34270,"comment_status":"closed","ping_status":"closed","sticky":false,"template":"","format":"standard","meta":[],"categories":[8],"tags":[],"_links":{"self":[{"href":"https:\/\/bisbalpenedes.com\/web\/wp-json\/wp\/v2\/posts\/34269"}],"collection":[{"href":"https:\/\/bisbalpenedes.com\/web\/wp-json\/wp\/v2\/posts"}],"about":[{"href":"https:\/\/bisbalpenedes.com\/web\/wp-json\/wp\/v2\/types\/post"}],"author":[{"embeddable":true,"href":"https:\/\/bisbalpenedes.com\/web\/wp-json\/wp\/v2\/users\/4"}],"replies":[{"embeddable":true,"href":"https:\/\/bisbalpenedes.com\/web\/wp-json\/wp\/v2\/comments?post=34269"}],"version-history":[{"count":1,"href":"https:\/\/bisbalpenedes.com\/web\/wp-json\/wp\/v2\/posts\/34269\/revisions"}],"predecessor-version":[{"id":34271,"href":"https:\/\/bisbalpenedes.com\/web\/wp-json\/wp\/v2\/posts\/34269\/revisions\/34271"}],"wp:featuredmedia":[{"embeddable":true,"href":"https:\/\/bisbalpenedes.com\/web\/wp-json\/wp\/v2\/media\/34270"}],"wp:attachment":[{"href":"https:\/\/bisbalpenedes.com\/web\/wp-json\/wp\/v2\/media?parent=34269"}],"wp:term":[{"taxonomy":"category","embeddable":true,"href":"https:\/\/bisbalpenedes.com\/web\/wp-json\/wp\/v2\/categories?post=34269"},{"taxonomy":"post_tag","embeddable":true,"href":"https:\/\/bisbalpenedes.com\/web\/wp-json\/wp\/v2\/tags?post=34269"}],"curies":[{"name":"wp","href":"https:\/\/api.w.org\/{rel}","templated":true}]}}